{"id":89877,"date":"2025-01-09T21:06:44","date_gmt":"2025-01-09T21:06:44","guid":{"rendered":"https:\/\/tvbrazilusa.com\/2025\/01\/09\/o-pedido-de-lula-direcionado-a-um-ministro-do-centrao\/"},"modified":"2025-01-09T21:06:46","modified_gmt":"2025-01-09T21:06:46","slug":"o-pedido-de-lula-direcionado-a-um-ministro-do-centrao","status":"publish","type":"post","link":"https:\/\/tvbrazilusa.com\/pt\/2025\/01\/09\/o-pedido-de-lula-direcionado-a-um-ministro-do-centrao\/","title":{"rendered":"O pedido de Lula direcionado a um ministro do Centr\u00e3o"},"content":{"rendered":"<p> <script async src=\"https:\/\/pagead2.googlesyndication.com\/pagead\/js\/adsbygoogle.js?client=ca-pub-8864793242727901\"\r\n     crossorigin=\"anonymous\"><\/script><br \/>\n<\/p>\n<div>\n<figure class=\"post-image\">\n<\/figure>\n<p>            <span style=\"font-size: 12px\">VIN\u00cdCIUS SCHMIDT\/METR\u00d3POLES @vinicius.foto<\/span><\/p>\n<p>            <!-- end metas --><br \/>\n            <!-- ADS --><\/p>\n<div id=\"taboola-read-more\" style=\"display:block; width:100%\">\n<p>Durante uma reuni\u00e3o sobre os rumos do Minist\u00e9rio do Turismo em 2025, o presidente Lula pediu ao ministro da pasta Turismo, Celso Sabino (Uni\u00e3o Brasil), dar prioridade na divulga\u00e7\u00e3o de uma das regi\u00f5es brasileiras.\n<\/p>\n<p>O atual ocupante do Pal\u00e1cio do Planalto solicitou que Sabino d\u00ea prioridade \u00e0 divulga\u00e7\u00e3o do turismo regi\u00e3o Norte. Especialmente para o p\u00fablico jovem das regi\u00f5es Sul e Sudeste.<\/p>\n<p>Segundo interlocutores de Sabino, o presidente pediu ao mandat\u00e1rio da pasta mais a\u00e7\u00f5es de divulga\u00e7\u00e3o interna dos estados da regi\u00e3o, como Par\u00e1 e Amazonas, em campanhas para atrair este p\u00fablico.\n<\/p>\n<p>A coluna apurou que, al\u00e9m de divulgar a regi\u00e3o Norte, uma das prioridades do minist\u00e9rio para 2025 \u00e9 promover destinos localizados na regi\u00e3o Nordeste para turistas estrangeiros.\n<\/p>\n<p>Reuni\u00e3o ministerial<br \/>O presidente Lula j\u00e1 convocou seus ministros para a reuni\u00e3o ministerial de balan\u00e7o da gest\u00e3o. A previs\u00e3o \u00e9 que o encontro aconte\u00e7a daqui a duas semanas, quando todos os ministros retornarem de f\u00e9rias.\n<\/p>\n<p>Conforme a coluna informou, Lula avisou seus ministros sobre a reuni\u00e3o em janeiro durante o almo\u00e7o de confraterniza\u00e7\u00e3o que promoveu em 20 de dezembro no Pal\u00e1cio do Alvorada, em Bras\u00edlia.\n<\/p>\n<p>Fonte: Metr\u00f3poles              <\/p>\n<\/div>\n<p>                        <!-- Scripts para conteudo --><\/p>\n<p>            <!-- .\/Scripts para conteudo --><br \/>\n            <!-- .\/Mat\u00e9ria --><\/p>\n<div class=\"row mt-3\">\n<div class=\"col-sm-6\">\n                <!-- Whatsapp channel 3--><br \/>\n                <a href=\"https:\/\/chat.whatsapp.com\/B8Qy6Erx4kb6yTzj3kaDco\" target=\"_blank\"><br \/>\n                  <img decoding=\"async\" src=\"https:\/\/diariodobrasilnoticias.com.br\/assets-site\/images\/bot_whatsapp.png\"\/><\/a>\n              <\/div>\n<div class=\"col-sm-6\">\n                <a href=\"https:\/\/t.me\/+_4gTmi5LKo03OTM5\" target=\"_blank\"><br \/>\n                  <img decoding=\"async\" src=\"https:\/\/diariodobrasilnoticias.com.br\/assets-site\/images\/bot_telegram.png\"\/><\/a>\n              <\/div>\n<\/p><\/div>\n<p>            <!-- end post-navigation --><\/p>\n<p>              <!-- end row --><\/p>\n<p>              <!-- end col-12-->\n                      <\/div>\n<p><br \/>\n<br \/><a href=\"https:\/\/diariodobrasilnoticias.com.br\/noticia\/o-pedido-de-lula-direcionado-a-um-ministro-do-centrao-678023e3b6a5c\">Source link <\/a><\/p>","protected":false},"excerpt":{"rendered":"<p>VIN\u00cdCIUS SCHMIDT\/METR\u00d3POLES @vinicius.foto Durante uma reuni\u00e3o sobre os rumos do Minist\u00e9rio do Turismo em 2025, o presidente Lula pediu ao ministro da pasta Turismo, Celso Sabino (Uni\u00e3o Brasil), dar prioridade&hellip;<\/p>","protected":false},"author":1,"featured_media":89878,"comment_status":"closed","ping_status":"open","sticky":false,"template":"","format":"standard","meta":{"content-type":"","footnotes":""},"categories":[16],"tags":[123,2448,5313,1267],"class_list":["post-89877","post","type-post","status-publish","format-standard","has-post-thumbnail","hentry","category-noticias","tag-brasil","tag-diario","tag-noticia","tag-noticias"],"_links":{"self":[{"href":"https:\/\/tvbrazilusa.com\/pt\/wp-json\/wp\/v2\/posts\/89877","targetHints":{"allow":["GET"]}}],"collection":[{"href":"https:\/\/tvbrazilusa.com\/pt\/wp-json\/wp\/v2\/posts"}],"about":[{"href":"https:\/\/tvbrazilusa.com\/pt\/wp-json\/wp\/v2\/types\/post"}],"author":[{"embeddable":true,"href":"https:\/\/tvbrazilusa.com\/pt\/wp-json\/wp\/v2\/users\/1"}],"replies":[{"embeddable":true,"href":"https:\/\/tvbrazilusa.com\/pt\/wp-json\/wp\/v2\/comments?post=89877"}],"version-history":[{"count":1,"href":"https:\/\/tvbrazilusa.com\/pt\/wp-json\/wp\/v2\/posts\/89877\/revisions"}],"predecessor-version":[{"id":89879,"href":"https:\/\/tvbrazilusa.com\/pt\/wp-json\/wp\/v2\/posts\/89877\/revisions\/89879"}],"wp:featuredmedia":[{"embeddable":true,"href":"https:\/\/tvbrazilusa.com\/pt\/wp-json\/wp\/v2\/media\/89878"}],"wp:attachment":[{"href":"https:\/\/tvbrazilusa.com\/pt\/wp-json\/wp\/v2\/media?parent=89877"}],"wp:term":[{"taxonomy":"category","embeddable":true,"href":"https:\/\/tvbrazilusa.com\/pt\/wp-json\/wp\/v2\/categories?post=89877"},{"taxonomy":"post_tag","embeddable":true,"href":"https:\/\/tvbrazilusa.com\/pt\/wp-json\/wp\/v2\/tags?post=89877"}],"curies":[{"name":"wp","href":"https:\/\/api.w.org\/{rel}","templated":true}]}}