{"id":89880,"date":"2025-01-09T21:19:12","date_gmt":"2025-01-09T21:19:12","guid":{"rendered":"https:\/\/tvbrazilusa.com\/2025\/01\/09\/insatisfeito-com-informacoes-sobre-ex-presidentes-lula-da-bronca-em-auxiliar-no-planalto-veja-video\/"},"modified":"2025-01-09T21:19:13","modified_gmt":"2025-01-09T21:19:13","slug":"insatisfeito-com-informacoes-sobre-ex-presidentes-lula-da-bronca-em-auxiliar-no-planalto-veja-video","status":"publish","type":"post","link":"https:\/\/tvbrazilusa.com\/pt\/2025\/01\/09\/insatisfeito-com-informacoes-sobre-ex-presidentes-lula-da-bronca-em-auxiliar-no-planalto-veja-video\/","title":{"rendered":"Insatisfeito com informa\u00e7\u00f5es sobre ex-presidentes, Lula d\u00e1 bronca em auxiliar no Planalto; VEJA V\u00cdDEO"},"content":{"rendered":"<p> <script async src=\"https:\/\/pagead2.googlesyndication.com\/pagead\/js\/adsbygoogle.js?client=ca-pub-8864793242727901\"\r\n     crossorigin=\"anonymous\"><\/script><br \/>\n<\/p>\n<div>\n<p><span class=\"css-1jxf684 r-bcqeeo r-1ttztb7 r-qvutc0 r-poiln3\">O presidente Luiz In\u00e1cio Lula da Silva deu uma bronca em um auxiliar nesta quinta-feira, 9, durante visita \u00e0 galeria de ex-presidentes do Pal\u00e1cio do Planalto. O petista se mostrou insatisfeito com &#8220;falta de informa\u00e7\u00f5es&#8221; sobre os chefes de Estado e exigiu a inclus\u00e3o de um contexto, mas de acordo com a vis\u00e3o do PT.<\/span><\/p>\n<\/div>\n<p><br \/>\n<br \/><a href=\"https:\/\/diariodobrasilnoticias.com.br\/noticia\/insatisfeito-com-informacoes-sobre-ex-presidentes-lula-da-bronca-em-auxiliar-no-planalto-veja-video-678025d9b8bff\">Source link <\/a><\/p>","protected":false},"excerpt":{"rendered":"<p>O presidente Luiz In\u00e1cio Lula da Silva deu uma bronca em um auxiliar nesta quinta-feira, 9, durante visita \u00e0 galeria de ex-presidentes do Pal\u00e1cio do Planalto. O petista se mostrou&hellip;<\/p>","protected":false},"author":1,"featured_media":89881,"comment_status":"closed","ping_status":"open","sticky":false,"template":"","format":"standard","meta":{"content-type":"","footnotes":""},"categories":[16],"tags":[123,2448,5313,1267],"class_list":["post-89880","post","type-post","status-publish","format-standard","has-post-thumbnail","hentry","category-noticias","tag-brasil","tag-diario","tag-noticia","tag-noticias"],"_links":{"self":[{"href":"https:\/\/tvbrazilusa.com\/pt\/wp-json\/wp\/v2\/posts\/89880","targetHints":{"allow":["GET"]}}],"collection":[{"href":"https:\/\/tvbrazilusa.com\/pt\/wp-json\/wp\/v2\/posts"}],"about":[{"href":"https:\/\/tvbrazilusa.com\/pt\/wp-json\/wp\/v2\/types\/post"}],"author":[{"embeddable":true,"href":"https:\/\/tvbrazilusa.com\/pt\/wp-json\/wp\/v2\/users\/1"}],"replies":[{"embeddable":true,"href":"https:\/\/tvbrazilusa.com\/pt\/wp-json\/wp\/v2\/comments?post=89880"}],"version-history":[{"count":1,"href":"https:\/\/tvbrazilusa.com\/pt\/wp-json\/wp\/v2\/posts\/89880\/revisions"}],"predecessor-version":[{"id":89882,"href":"https:\/\/tvbrazilusa.com\/pt\/wp-json\/wp\/v2\/posts\/89880\/revisions\/89882"}],"wp:featuredmedia":[{"embeddable":true,"href":"https:\/\/tvbrazilusa.com\/pt\/wp-json\/wp\/v2\/media\/89881"}],"wp:attachment":[{"href":"https:\/\/tvbrazilusa.com\/pt\/wp-json\/wp\/v2\/media?parent=89880"}],"wp:term":[{"taxonomy":"category","embeddable":true,"href":"https:\/\/tvbrazilusa.com\/pt\/wp-json\/wp\/v2\/categories?post=89880"},{"taxonomy":"post_tag","embeddable":true,"href":"https:\/\/tvbrazilusa.com\/pt\/wp-json\/wp\/v2\/tags?post=89880"}],"curies":[{"name":"wp","href":"https:\/\/api.w.org\/{rel}","templated":true}]}}