{"id":89889,"date":"2025-01-09T21:49:22","date_gmt":"2025-01-09T21:49:22","guid":{"rendered":"https:\/\/tvbrazilusa.com\/2025\/01\/09\/lula-chama-reuniao-sobre-a-meta-e-declara-que-nenhum-cidadao-pode-violar-a-soberania-do-pais\/"},"modified":"2025-01-09T21:49:23","modified_gmt":"2025-01-09T21:49:23","slug":"lula-chama-reuniao-sobre-a-meta-e-declara-que-nenhum-cidadao-pode-violar-a-soberania-do-pais","status":"publish","type":"post","link":"https:\/\/tvbrazilusa.com\/pt\/2025\/01\/09\/lula-chama-reuniao-sobre-a-meta-e-declara-que-nenhum-cidadao-pode-violar-a-soberania-do-pais\/","title":{"rendered":"Lula chama reuni\u00e3o sobre a Meta e declara que nenhum cidad\u00e3o pode violar a soberania do pa\u00eds"},"content":{"rendered":"<p> <script async src=\"https:\/\/pagead2.googlesyndication.com\/pagead\/js\/adsbygoogle.js?client=ca-pub-8864793242727901\"\r\n     crossorigin=\"anonymous\"><\/script><br \/>\n<\/p>\n<div id=\"taboola-read-more\" style=\"display:block; width:100%\">\n<p>O presidente Lula (PT) disse nesta quinta-feira (9) que n\u00e3o pode um cidad\u00e3o achar que pode ferir a soberania da na\u00e7\u00e3o, ao ser questionado sobre a decis\u00e3o da Meta de p\u00f4r fim ao seu programa de checagem de fatos \u00e9 um problema para a democracia.\n<\/p>\n<p>&#8220;Vou fazer reuni\u00e3o hoje para discutir quest\u00e3o da Meta. Acho que \u00e9 extremamente grave as pessoas quererem que a comunica\u00e7\u00e3o digital n\u00e3o tenha a mesma responsabilidade do cara que comete crime na imprensa escrita. Como se um cidad\u00e3o pudesse ser punido porque faz coisa na vida real e pudesse n\u00e3o ser punido porque faz a mesma coisa na digital&#8221;, disse a jornalistas no Pal\u00e1cio do Planalto.<\/p>\n<p>&#8220;O que n\u00f3s queremos na verdade \u00e9 que cada pa\u00eds tenha sua soberania resguardada. N\u00e3o pode um cidad\u00e3o, dois cidad\u00e3os, tr\u00eas cidad\u00e3os acharem que podem ferir soberania de uma na\u00e7\u00e3o&#8221;, completou.\n<\/p>\n<p>Na ter\u00e7a-feira (7), Mark Zuckerberg, CEO da Meta (que det\u00e9m WhatsApp, Instagram e Facebook), anunciou mudan\u00e7as na empresa com o fim do modelo de checagem de fatos e, sem citar pa\u00edses espec\u00edficos, atacou os judici\u00e1rios da Am\u00e9rica Latina, aos quais chamou de secretos.\n<\/p>\n<p>&#8220;Pa\u00edses da Am\u00e9rica Latina t\u00eam tribunais secretos que podem ordenar que empresas removam conte\u00fados de forma silenciosa&#8221;, declarou na ocasi\u00e3o.\n<\/p>\n<p>Nesta quarta (8), o ministro Alexandre de Moraes, do STF (Supremo Tribunal Federal), afirmou que a corte n\u00e3o vai permitir que as big techs sejam instrumentalizadas para discursos de \u00f3dio e falou em &#8220;bravatas&#8221; de l\u00edderes das plataformas um dia ap\u00f3s declara\u00e7\u00e3o do CEO da Meta com cr\u00edtica indireta ao tribunal.\n<\/p>\n<p>O magistrado disse ainda que essas empresas tamb\u00e9m n\u00e3o poder\u00e3o atuar em colabora\u00e7\u00e3o com grupos extremistas. &#8220;No Brasil, s\u00f3 continuar\u00e3o a operar se respeitarem a legisla\u00e7\u00e3o brasileira. Independentemente de bravatas de dirigentes de big techs&#8221;, disse.\n<\/p>\n<p>Fonte: Folha de S.Paulo              <\/p>\n<\/div>\n<p><br \/>\n<br \/><a href=\"https:\/\/diariodobrasilnoticias.com.br\/noticia\/lula-chama-reuniao-sobre-a-meta-e-declara-que-nenhum-cidadao-pode-violar-a-soberania-do-pais-678026dc85f23\">Source link <\/a><\/p>","protected":false},"excerpt":{"rendered":"<p>O presidente Lula (PT) disse nesta quinta-feira (9) que n\u00e3o pode um cidad\u00e3o achar que pode ferir a soberania da na\u00e7\u00e3o, ao ser questionado sobre a decis\u00e3o da Meta de&hellip;<\/p>","protected":false},"author":1,"featured_media":89890,"comment_status":"closed","ping_status":"open","sticky":false,"template":"","format":"standard","meta":{"content-type":"","footnotes":""},"categories":[16],"tags":[123,2448,5313,1267],"class_list":["post-89889","post","type-post","status-publish","format-standard","has-post-thumbnail","hentry","category-noticias","tag-brasil","tag-diario","tag-noticia","tag-noticias"],"_links":{"self":[{"href":"https:\/\/tvbrazilusa.com\/pt\/wp-json\/wp\/v2\/posts\/89889","targetHints":{"allow":["GET"]}}],"collection":[{"href":"https:\/\/tvbrazilusa.com\/pt\/wp-json\/wp\/v2\/posts"}],"about":[{"href":"https:\/\/tvbrazilusa.com\/pt\/wp-json\/wp\/v2\/types\/post"}],"author":[{"embeddable":true,"href":"https:\/\/tvbrazilusa.com\/pt\/wp-json\/wp\/v2\/users\/1"}],"replies":[{"embeddable":true,"href":"https:\/\/tvbrazilusa.com\/pt\/wp-json\/wp\/v2\/comments?post=89889"}],"version-history":[{"count":1,"href":"https:\/\/tvbrazilusa.com\/pt\/wp-json\/wp\/v2\/posts\/89889\/revisions"}],"predecessor-version":[{"id":89891,"href":"https:\/\/tvbrazilusa.com\/pt\/wp-json\/wp\/v2\/posts\/89889\/revisions\/89891"}],"wp:featuredmedia":[{"embeddable":true,"href":"https:\/\/tvbrazilusa.com\/pt\/wp-json\/wp\/v2\/media\/89890"}],"wp:attachment":[{"href":"https:\/\/tvbrazilusa.com\/pt\/wp-json\/wp\/v2\/media?parent=89889"}],"wp:term":[{"taxonomy":"category","embeddable":true,"href":"https:\/\/tvbrazilusa.com\/pt\/wp-json\/wp\/v2\/categories?post=89889"},{"taxonomy":"post_tag","embeddable":true,"href":"https:\/\/tvbrazilusa.com\/pt\/wp-json\/wp\/v2\/tags?post=89889"}],"curies":[{"name":"wp","href":"https:\/\/api.w.org\/{rel}","templated":true}]}}