{"id":89898,"date":"2025-01-09T21:41:22","date_gmt":"2025-01-09T21:41:22","guid":{"rendered":"https:\/\/tvbrazilusa.com\/2025\/01\/09\/como-connecticut-esta-marcando-o-mes-da-heranca-muculmana\/"},"modified":"2025-01-09T21:56:26","modified_gmt":"2025-01-09T21:56:26","slug":"como-connecticut-esta-marcando-o-mes-da-heranca-muculmana","status":"publish","type":"post","link":"https:\/\/tvbrazilusa.com\/pt\/2025\/01\/09\/como-connecticut-esta-marcando-o-mes-da-heranca-muculmana\/","title":{"rendered":"Como Connecticut est\u00e1 marcando o M\u00eas da Heran\u00e7a Mu\u00e7ulmana"},"content":{"rendered":"<script async src=\"https:\/\/pagead2.googlesyndication.com\/pagead\/js\/adsbygoogle.js?client=ca-pub-8864793242727901\"\r\n     crossorigin=\"anonymous\"><\/script>\n<p>HARTFORD, Connecticut (WTNH) \u2013 L\u00edderes estaduais e membros da comunidade mu\u00e7ulmana marcaram oficialmente janeiro como o M\u00eas da Heran\u00e7a Mu\u00e7ulmana na quinta-feira.<\/p>\n<p>\u201cO M\u00eas da Heran\u00e7a Mu\u00e7ulmana \u00e9 mais do que uma celebra\u00e7\u00e3o da hist\u00f3ria; \u00e9 um reconhecimento da nossa humanidade partilhada e do papel que os mu\u00e7ulmanos t\u00eam desempenhado no enriquecimento das nossas comunidades\u201d, disse a deputada estadual Maryam Khan (D-Hartford, South Windsor, Windsor), a primeira mulher mu\u00e7ulmana eleita para a Assembleia Geral de Connecticut. \u201cEste \u00e9 um passo poderoso na promo\u00e7\u00e3o da unidade e da compreens\u00e3o em Connecticut.\u201d<\/p>\n<p>Em coordena\u00e7\u00e3o com mesquitas e organiza\u00e7\u00f5es mu\u00e7ulmanas, o CAIR-CT lidera diversas iniciativas ao longo do m\u00eas.<\/p>\n<ul>\n<li><strong>Lan\u00e7ando um site especial:<\/strong> O CAIR-CT est\u00e1 construindo <a href=\"https:\/\/cairconnecticut.com\/muslim-heritage-month\/\" data-type=\"link\" data-id=\"https:\/\/cairconnecticut.com\/muslim-heritage-month\/\">plataforma on-line<\/a> apresentando recursos sobre contribui\u00e7\u00f5es mu\u00e7ulmanas para Connecticut e os EUA<\/li>\n<li><strong>Atividades de envolvimento comunit\u00e1rio:<\/strong> O CAIR-CT est\u00e1 a trabalhar com mesquitas e centros comunit\u00e1rios em parceria com escolas e bibliotecas locais para organizar eventos como exposi\u00e7\u00f5es de livros, palestras e apresenta\u00e7\u00f5es sobre a heran\u00e7a e contribui\u00e7\u00f5es mu\u00e7ulmanas.<\/li>\n<li><strong>Workshops e Apresenta\u00e7\u00f5es: <\/strong>As mesquitas locais organizar\u00e3o workshops e apresenta\u00e7\u00f5es em escolas e locais p\u00fablicos para educar o p\u00fablico sobre as contribui\u00e7\u00f5es hist\u00f3ricas e contempor\u00e2neas dos mu\u00e7ulmanos em \u00e1reas como ci\u00eancia, medicina, artes e direitos civis.<\/li>\n<li><strong>Eventos de casa aberta: <\/strong>As mesquitas de Connecticut est\u00e3o abrindo suas portas ao p\u00fablico para \u201cpromover o di\u00e1logo, a compreens\u00e3o e a amizade entre mu\u00e7ulmanos e vizinhos de todas as origens\u201d.<\/li>\n<\/ul>\n<p><br \/>\n<br \/><a href=\"https:\/\/www.wtnh.com\/news\/connecticut\/how-connecticut-is-marking-muslim-heritage-month\/\">Source link <\/a><\/p>","protected":false},"excerpt":{"rendered":"<p>HARTFORD, Connecticut (WTNH) \u2013 L\u00edderes estaduais e membros da comunidade mu\u00e7ulmana marcaram oficialmente janeiro como o M\u00eas da Heran\u00e7a Mu\u00e7ulmana na quinta-feira. \u201cO M\u00eas da Heran\u00e7a Mu\u00e7ulmana \u00e9 mais do&hellip;<\/p>","protected":false},"author":1,"featured_media":89899,"comment_status":"closed","ping_status":"open","sticky":false,"template":"","format":"standard","meta":{"content-type":"","footnotes":""},"categories":[1],"tags":[],"class_list":["post-89898","post","type-post","status-publish","format-standard","has-post-thumbnail","hentry","category-uncategorized"],"_links":{"self":[{"href":"https:\/\/tvbrazilusa.com\/pt\/wp-json\/wp\/v2\/posts\/89898","targetHints":{"allow":["GET"]}}],"collection":[{"href":"https:\/\/tvbrazilusa.com\/pt\/wp-json\/wp\/v2\/posts"}],"about":[{"href":"https:\/\/tvbrazilusa.com\/pt\/wp-json\/wp\/v2\/types\/post"}],"author":[{"embeddable":true,"href":"https:\/\/tvbrazilusa.com\/pt\/wp-json\/wp\/v2\/users\/1"}],"replies":[{"embeddable":true,"href":"https:\/\/tvbrazilusa.com\/pt\/wp-json\/wp\/v2\/comments?post=89898"}],"version-history":[{"count":1,"href":"https:\/\/tvbrazilusa.com\/pt\/wp-json\/wp\/v2\/posts\/89898\/revisions"}],"predecessor-version":[{"id":89900,"href":"https:\/\/tvbrazilusa.com\/pt\/wp-json\/wp\/v2\/posts\/89898\/revisions\/89900"}],"wp:featuredmedia":[{"embeddable":true,"href":"https:\/\/tvbrazilusa.com\/pt\/wp-json\/wp\/v2\/media\/89899"}],"wp:attachment":[{"href":"https:\/\/tvbrazilusa.com\/pt\/wp-json\/wp\/v2\/media?parent=89898"}],"wp:term":[{"taxonomy":"category","embeddable":true,"href":"https:\/\/tvbrazilusa.com\/pt\/wp-json\/wp\/v2\/categories?post=89898"},{"taxonomy":"post_tag","embeddable":true,"href":"https:\/\/tvbrazilusa.com\/pt\/wp-json\/wp\/v2\/tags?post=89898"}],"curies":[{"name":"wp","href":"https:\/\/api.w.org\/{rel}","templated":true}]}}