{"id":89904,"date":"2025-01-09T22:13:46","date_gmt":"2025-01-09T22:13:46","guid":{"rendered":"https:\/\/tvbrazilusa.com\/2025\/01\/09\/lula-distorce-a-historia-e-critica-bolsonaro-durante-visita-a-galeria-de-presidentes\/"},"modified":"2025-01-09T22:13:47","modified_gmt":"2025-01-09T22:13:47","slug":"lula-distorce-a-historia-e-critica-bolsonaro-durante-visita-a-galeria-de-presidentes","status":"publish","type":"post","link":"https:\/\/tvbrazilusa.com\/pt\/2025\/01\/09\/lula-distorce-a-historia-e-critica-bolsonaro-durante-visita-a-galeria-de-presidentes\/","title":{"rendered":"Lula distorce a hist\u00f3ria e critica Bolsonaro durante visita \u00e0 galeria de presidentes"},"content":{"rendered":"<p> <script async src=\"https:\/\/pagead2.googlesyndication.com\/pagead\/js\/adsbygoogle.js?client=ca-pub-8864793242727901\"\r\n     crossorigin=\"anonymous\"><\/script><br \/>\n<\/p>\n<div id=\"taboola-read-more\" style=\"display:block; width:100%\">\n<p>O presidente Luiz In\u00e1cio Lula da Silva mentiu sobre a hist\u00f3ria do ex-presidente e ditador Get\u00falio Vargas durante visita \u00e0 galeria dos presidentes, no Pal\u00e1cio do Planalto, nesta quinta-feira, 9. Na ocasi\u00e3o, o petista ainda criticou os ex-presidentes Jair Bolsonaro e Michel Temer.\n<\/p>\n<p>Segundo o site Metr\u00f3poles, a visita ocorreu depois da restaura\u00e7\u00e3o das obras danificadas durante os atos de 8 de janeiro 2023. Ao observar o retrato de Dilma Rousseff, aliada do presidente, Lula lembrou que \u201cela foi eleita, reeleita e depois sofreu um impeachment\u201c. Ele classificou o processo de cassa\u00e7\u00e3o de mandato como um \u201cgolpe\u201d.<\/p>\n<p>Quando passou pelo retrato de Michel Temer, que foi vice-presidente na chapa com Dilma, Lula criticou o emedebista. \u201cEsse aqui n\u00e3o foi eleito\u201d, disse, ao se referir ao fato de Temer ter assumido a Presid\u00eancia depois do impeachment da petista. Em rela\u00e7\u00e3o a Jair Bolsonaro, Lula afirmou que \u201cesse foi eleito em fun\u00e7\u00e3o das mentiras\u201d.\n<\/p>\n<p>Lula ainda elogiou a hist\u00f3ria de Get\u00falio Vargas. \u201cTem que estar dito publicamente\u201d, disse. \u201cEle foi eleito em 1930, cassado em 1945 e voltou em 1951. A pessoa que vem visitar o Planalto vai saber da hist\u00f3ria.\u201d\n<\/p>\n<p><strong>Lula mente sobre hist\u00f3ria de Vargas<\/strong>\n<\/p>\n<p>O petista, por\u00e9m, mente ao dizer que Vargas foi eleito em 1930. Na \u00e9poca, o ditador assumiu o poder por meio de um golpe de Estado, que dep\u00f4s o presidente Washington Lu\u00eds e impediu a posse do presidente eleito, J\u00falio Prestes. Em 1951, seis anos depois de renunciar, Vargas foi eleito.\n<\/p>\n<p>Durante o passeio, Lula pediu para modernizar a exposi\u00e7\u00e3o dos retratos dos ex-presidentes. Ele sugeriu a implementa\u00e7\u00e3o de QR codes para acessar mais informa\u00e7\u00f5es sobre cada presidente retratado.\n<\/p>\n<p>A primeira-dama, Ros\u00e2ngela da Silva, conhecida como Janja, acompanhou o presidente na visita. Ela disse que a implementa\u00e7\u00e3o dos QR codes j\u00e1 est\u00e1 sendo providenciada.\n<\/p>\n<p>Em tom de brincadeira, Lula sugeriu que a galeria deveria incluir tr\u00eas fotos suas por estar em seu terceiro mandato. Ele tamb\u00e9m prop\u00f4s que o n\u00famero de votos recebidos por cada presidente fosse exibido junto das imagens.\n<\/p>\n<p>Fonte: Revista Oeste              <\/p>\n<\/div>\n<p><br \/>\n<br \/><a href=\"https:\/\/diariodobrasilnoticias.com.br\/noticia\/lula-distorce-a-historia-e-critica-bolsonaro-durante-visita-a-galeria-de-presidentes-6780273e6b634\">Source link <\/a><\/p>","protected":false},"excerpt":{"rendered":"<p>O presidente Luiz In\u00e1cio Lula da Silva mentiu sobre a hist\u00f3ria do ex-presidente e ditador Get\u00falio Vargas durante visita \u00e0 galeria dos presidentes, no Pal\u00e1cio do Planalto, nesta quinta-feira, 9.&hellip;<\/p>","protected":false},"author":1,"featured_media":89905,"comment_status":"closed","ping_status":"open","sticky":false,"template":"","format":"standard","meta":{"content-type":"","footnotes":""},"categories":[16],"tags":[123,2448,5313,1267],"class_list":["post-89904","post","type-post","status-publish","format-standard","has-post-thumbnail","hentry","category-noticias","tag-brasil","tag-diario","tag-noticia","tag-noticias"],"_links":{"self":[{"href":"https:\/\/tvbrazilusa.com\/pt\/wp-json\/wp\/v2\/posts\/89904","targetHints":{"allow":["GET"]}}],"collection":[{"href":"https:\/\/tvbrazilusa.com\/pt\/wp-json\/wp\/v2\/posts"}],"about":[{"href":"https:\/\/tvbrazilusa.com\/pt\/wp-json\/wp\/v2\/types\/post"}],"author":[{"embeddable":true,"href":"https:\/\/tvbrazilusa.com\/pt\/wp-json\/wp\/v2\/users\/1"}],"replies":[{"embeddable":true,"href":"https:\/\/tvbrazilusa.com\/pt\/wp-json\/wp\/v2\/comments?post=89904"}],"version-history":[{"count":1,"href":"https:\/\/tvbrazilusa.com\/pt\/wp-json\/wp\/v2\/posts\/89904\/revisions"}],"predecessor-version":[{"id":89906,"href":"https:\/\/tvbrazilusa.com\/pt\/wp-json\/wp\/v2\/posts\/89904\/revisions\/89906"}],"wp:featuredmedia":[{"embeddable":true,"href":"https:\/\/tvbrazilusa.com\/pt\/wp-json\/wp\/v2\/media\/89905"}],"wp:attachment":[{"href":"https:\/\/tvbrazilusa.com\/pt\/wp-json\/wp\/v2\/media?parent=89904"}],"wp:term":[{"taxonomy":"category","embeddable":true,"href":"https:\/\/tvbrazilusa.com\/pt\/wp-json\/wp\/v2\/categories?post=89904"},{"taxonomy":"post_tag","embeddable":true,"href":"https:\/\/tvbrazilusa.com\/pt\/wp-json\/wp\/v2\/tags?post=89904"}],"curies":[{"name":"wp","href":"https:\/\/api.w.org\/{rel}","templated":true}]}}