{"id":89907,"date":"2025-01-09T22:10:03","date_gmt":"2025-01-09T22:10:03","guid":{"rendered":"https:\/\/tvbrazilusa.com\/2025\/01\/09\/as-regras-de-decoro-nas-reunioes-da-prefeitura-de-jax-podem-ser-mais-rigidas-jacksonville-hoje\/"},"modified":"2025-01-09T22:17:26","modified_gmt":"2025-01-09T22:17:26","slug":"as-regras-de-decoro-nas-reunioes-da-prefeitura-de-jax-podem-ser-mais-rigidas-jacksonville-hoje","status":"publish","type":"post","link":"https:\/\/tvbrazilusa.com\/pt\/2025\/01\/09\/as-regras-de-decoro-nas-reunioes-da-prefeitura-de-jax-podem-ser-mais-rigidas-jacksonville-hoje\/","title":{"rendered":"As regras de decoro nas reuni\u00f5es da Prefeitura de Jax podem ser mais r\u00edgidas | Jacksonville hoje"},"content":{"rendered":"<p> <script async src=\"https:\/\/pagead2.googlesyndication.com\/pagead\/js\/adsbygoogle.js?client=ca-pub-8864793242727901\"\r\n     crossorigin=\"anonymous\"><\/script><br \/>\n<\/p>\n<div>\n<p>A C\u00e2mara Municipal est\u00e1 debatendo se deve endurecer as regras que regem os coment\u00e1rios p\u00fablicos na C\u00e2mara Municipal. <\/p>\n<p>O Presidente do Conselho, Randy White, apresentou a legisla\u00e7\u00e3o a pedido do Gabinete do Conselheiro Geral no outono passado, ap\u00f3s uma manifesta\u00e7\u00e3o nas c\u00e2maras da C\u00e2mara Municipal por um grupo pr\u00f3-Palestina. O projeto restringiria ainda mais as palavras e a\u00e7\u00f5es de comentaristas p\u00fablicos e membros da audi\u00eancia na Prefeitura. <\/p>\n<p>\u201cTemos visto alguns problemas ao tentar manter o decoro nas nossas reuni\u00f5es do conselho\u201d, disse ele. \u201cN\u00e3o \u00e9 para atropelar os direitos de ningu\u00e9m.\u201d<\/p>\n<p>Mas alguns residentes e v\u00e1rios l\u00edderes municipais n\u00e3o est\u00e3o convencidos de que todas as restri\u00e7\u00f5es propostas sejam necess\u00e1rias \u2013 e alguns est\u00e3o preocupados que as mudan\u00e7as possam limitar os direitos de liberdade de express\u00e3o dos cidad\u00e3os.<\/p>\n<p>\u201cAcho que alguns, e at\u00e9 mesmo alguns na plateia, pensaram que um dia acordei e queria atropelar os direitos das pessoas da Primeira Emenda\u201d, disse White durante uma reuni\u00e3o do Comit\u00ea de Regras na segunda-feira. \u201cEsse nunca foi o ponto.\u201d<\/p>\n<p>White disse que deixaria o comit\u00ea \u201cmassagear\u201d a legisla\u00e7\u00e3o, mat\u00e1-la ou acrescent\u00e1-la. <\/p>\n<p><a href=\"https:\/\/jaxcityc.legistar.com\/LegislationDetail.aspx?ID=7013519&#038;GUID=6D3F648A-3AA5-410E-9F01-8D51274938D2\" rel=\"nofollow noopener\" target=\"_blank\">Portaria 2024-0871<\/a> \u2013 que s\u00f3 est\u00e1 sendo avaliado pelo Comit\u00ea de Regras antes de ir para a C\u00e2mara Municipal plena \u2013 acrescentaria estalar de dedos e acenar com sinais \u00e0 lista de comportamentos proibidos, argumentando que s\u00e3o perturbadores. <\/p>\n<p>Na reuni\u00e3o de segunda-feira, a maioria dos membros do comit\u00e9 concordou que esses itens poderiam ser considerados \u201cmedidas de seguran\u00e7a\u201d.<\/p>\n<hr class=\"wp-block-separator has-alpha-channel-opacity\"\/>\n<h3 class=\"wp-block-heading\">Restri\u00e7\u00f5es atuais de coment\u00e1rios p\u00fablicos <\/h3>\n<ul class=\"wp-block-list\">\n<li>Sem gritos<\/li>\n<li>Sem gritar<\/li>\n<li>Sem assobios<\/li>\n<li>Sem canto<\/li>\n<li>Sem cantar<\/li>\n<li>Sem dan\u00e7a<\/li>\n<li>Sem palmas<\/li>\n<li>Sem pisar nos p\u00e9s<\/li>\n<li>Sem torcida<\/li>\n<li>Sem zombaria<\/li>\n<li>N\u00e3o usar fabricantes de ru\u00eddo artificial ou instrumentos musicais<\/li>\n<li>N\u00e3o se envolver em qualquer outra exibi\u00e7\u00e3o de ru\u00eddo, sons ou movimentos excessivos<\/li>\n<\/ul>\n<hr class=\"wp-block-separator has-alpha-channel-opacity\"\/>\n<p>Os l\u00edderes tamb\u00e9m pareceram concordar que o tamanho dos cartazes expostos na C\u00e2mara Municipal poderia ser ainda mais restrito, com base nas informa\u00e7\u00f5es do gabinete do xerife.<\/p>\n<p>V\u00e1rios membros do conselho questionaram outra das proibi\u00e7\u00f5es propostas no projeto de lei sobre campanha pol\u00edtica ou campanha eleitoral em uma reuni\u00e3o para incluir \u201cum grupo de candidatos, partido pol\u00edtico ou iniciativa eleitoral em qualquer elei\u00e7\u00e3o em que os eleitores do condado de Duval possam votar\u201d.<\/p>\n<p>Eric Friday, um advogado local especializado em direito constitucional, instou o conselho a n\u00e3o votar a legisla\u00e7\u00e3o na sua forma atual, argumentando que as restri\u00e7\u00f5es s\u00e3o problem\u00e1ticas.<\/p>\n<p>\u201cEnquanto este conselho decidir que vai permitir coment\u00e1rios p\u00fablicos abertos, precisa ser apenas isso \u2013 coment\u00e1rios p\u00fablicos abertos sobre tudo o que um cidad\u00e3o precisa apresentar a este \u00f3rg\u00e3o\u201d, disse sexta-feira. <\/p>\n<p>Sexta-feira tamb\u00e9m alertou que as regras sobre o tamanho dos sinais precisam ser aplicadas de forma justa em todas as reuni\u00f5es ou a cidade estar\u00e1 fadada a se abrir a a\u00e7\u00f5es judiciais.<\/p>\n<p>\u201cQuando lidamos com quest\u00f5es de uso da terra e zoneamento, por exemplo, sei que surgem sinais muito maiores aqui\u201d, disse Friday. \u201cE quando este conselho tomar a decis\u00e3o de come\u00e7ar a limitar o tamanho dos sinais com base em seu conte\u00fado &#8211; seja o uso da terra e zoneamento versus qualquer outra coisa que um membro do p\u00fablico queira apresentar a este \u00f3rg\u00e3o &#8211; voc\u00ea se deparar\u00e1 com um problema de conte\u00fado. restri\u00e7\u00e3o baseada.\u201d<\/p>\n<h3 class=\"wp-block-heading\">Antes do projeto de lei ser apresentado <\/h3>\n<p>Nenhuma autoridade municipal disse publicamente o que levou especificamente \u00e0s mudan\u00e7as propostas. Blake Harper, um residente de Jax e comentarista frequente nas reuni\u00f5es do conselho, disse que os folhetos ca\u00eddos e os cartazes acenando durante um protesto de 22 de outubro na Prefeitura foram um prov\u00e1vel catalisador.<\/p>\n<p>Ele disse que embora seja \u201cdiametralmente oposto\u201d ao grupo pr\u00f3-Palestina que <a href=\"https:\/\/jaxcityc.granicus.com\/player\/clip\/6072?view_id=1&#038;redirect=true\" rel=\"nofollow noopener\" target=\"_blank\">demonstrado<\/a> em outubro, ele disse que lutaria pelo direito deles de compartilhar suas opini\u00f5es na Prefeitura e pela capacidade de usar cartazes para compartilhar suas opini\u00f5es. <\/p>\n<figure class=\"wp-block-video\"><video controls=\"\" src=\"https:\/\/jaxtoday.org\/wp-content\/uploads\/2025\/01\/Free-Palestine-chants-10_22_2024.mp4\"\/><figcaption class=\"wp-element-caption\">Os manifestantes s\u00e3o conduzidos para fora das C\u00e2maras do Conselho em 22 de outubro de 2024. | Casmira Harrison, <em>Jacksonville hoje<\/em><\/figcaption><\/figure>\n<p>Harper tamb\u00e9m usou placas para ilustrar seus pontos de vista na Prefeitura, como quando pediu a manuten\u00e7\u00e3o dos monumentos confederados em Jacksonville.<\/p>\n<p>\u201cEste pa\u00eds baseou-se na capacidade de pessoas com opini\u00f5es divergentes expressarem o que pensam, mesmo que isso fosse ofensivo para outra pessoa\u201d, diz Harper. <\/p>\n<h3 class=\"wp-block-heading\">Lutando com restri\u00e7\u00f5es<\/h3>\n<p>O precedente legal interpreta a Primeira Emenda da Declara\u00e7\u00e3o de Direitos como uma proibi\u00e7\u00e3o aos governos de limitar o discurso com base no conte\u00fado.<\/p>\n<p>O vereador do Distrito 14, Rahman Johnson, n\u00e3o concorda que as regras propostas restringiriam a liberdade de express\u00e3o.<\/p>\n<p>\u201cN\u00e3o vou repetir as coisas que me chamaram durante as f\u00e9rias por causa do meu apoio a esta legisla\u00e7\u00e3o\u201d, disse Johnson. \u201cEu entendo o decoro. \u00c9 disso que se trata para mim.\u201d<\/p>\n<p>Johnson perguntou a um advogado geral: \u201cIsso, na sua interpreta\u00e7\u00e3o como advogado, com base no que vemos agora, limita o discurso de qualquer pessoa que suba ao p\u00f3dio?\u201d<\/p>\n<p>A procuradora municipal Mary Staffopoulos respondeu que as restri\u00e7\u00f5es propostas s\u00e3o \u201crestri\u00e7\u00f5es defens\u00e1veis \u200b\u200bde tempo, local e maneira de falar no p\u00f3dio\u201d. <\/p>\n<p>O presidente do Comit\u00ea de Regras, Nick Howland, adiou a quest\u00e3o para ser revisada em algumas semanas. <\/p>\n<p>\u201cQualquer coisa que implementarmos precisa ser muito restrita\u201d, disse o vereador do Grupo 5 do At-Large, Chris Miller. Ele teorizou que as restri\u00e7\u00f5es \u00e0 campanha eleitoral durante todo o ano seriam dif\u00edceis de aplicar.  <\/p>\n<p>\u201cQuando voc\u00ea faz cobertores como esse &#8211; que servem para o ano todo &#8211; bem, por que isso acontece? Se n\u00e3o existe um ciclo eleitoral em que estamos atualmente, ent\u00e3o existem quest\u00f5es v\u00e1lidas e leg\u00edtimas sobre as viola\u00e7\u00f5es da liberdade de express\u00e3o.\u201d<\/p>\n<\/div>\n<p><br \/>\n<br \/><a href=\"https:\/\/jaxtoday.org\/2025\/01\/09\/decorum-rules-at-jax-city-hall-meetings-could-tighten\/\">Source link <\/a><\/p>","protected":false},"excerpt":{"rendered":"<p>A C\u00e2mara Municipal est\u00e1 debatendo se deve endurecer as regras que regem os coment\u00e1rios p\u00fablicos na C\u00e2mara Municipal. O Presidente do Conselho, Randy White, apresentou a legisla\u00e7\u00e3o a pedido do&hellip;<\/p>","protected":false},"author":1,"featured_media":89908,"comment_status":"closed","ping_status":"open","sticky":false,"template":"","format":"standard","meta":{"content-type":"","footnotes":""},"categories":[1],"tags":[],"class_list":["post-89907","post","type-post","status-publish","format-standard","has-post-thumbnail","hentry","category-uncategorized"],"_links":{"self":[{"href":"https:\/\/tvbrazilusa.com\/pt\/wp-json\/wp\/v2\/posts\/89907","targetHints":{"allow":["GET"]}}],"collection":[{"href":"https:\/\/tvbrazilusa.com\/pt\/wp-json\/wp\/v2\/posts"}],"about":[{"href":"https:\/\/tvbrazilusa.com\/pt\/wp-json\/wp\/v2\/types\/post"}],"author":[{"embeddable":true,"href":"https:\/\/tvbrazilusa.com\/pt\/wp-json\/wp\/v2\/users\/1"}],"replies":[{"embeddable":true,"href":"https:\/\/tvbrazilusa.com\/pt\/wp-json\/wp\/v2\/comments?post=89907"}],"version-history":[{"count":1,"href":"https:\/\/tvbrazilusa.com\/pt\/wp-json\/wp\/v2\/posts\/89907\/revisions"}],"predecessor-version":[{"id":89909,"href":"https:\/\/tvbrazilusa.com\/pt\/wp-json\/wp\/v2\/posts\/89907\/revisions\/89909"}],"wp:featuredmedia":[{"embeddable":true,"href":"https:\/\/tvbrazilusa.com\/pt\/wp-json\/wp\/v2\/media\/89908"}],"wp:attachment":[{"href":"https:\/\/tvbrazilusa.com\/pt\/wp-json\/wp\/v2\/media?parent=89907"}],"wp:term":[{"taxonomy":"category","embeddable":true,"href":"https:\/\/tvbrazilusa.com\/pt\/wp-json\/wp\/v2\/categories?post=89907"},{"taxonomy":"post_tag","embeddable":true,"href":"https:\/\/tvbrazilusa.com\/pt\/wp-json\/wp\/v2\/tags?post=89907"}],"curies":[{"name":"wp","href":"https:\/\/api.w.org\/{rel}","templated":true}]}}