{"id":89916,"date":"2025-01-09T22:26:13","date_gmt":"2025-01-09T22:26:13","guid":{"rendered":"https:\/\/tvbrazilusa.com\/2025\/01\/09\/jerod-mayo-supostamente-poderia-ter-salvado-o-trabalho-dos-patriots-fazendo-isso\/"},"modified":"2025-01-09T22:45:56","modified_gmt":"2025-01-09T22:45:56","slug":"jerod-mayo-supostamente-poderia-ter-salvado-o-trabalho-dos-patriots-fazendo-isso","status":"publish","type":"post","link":"https:\/\/tvbrazilusa.com\/pt\/2025\/01\/09\/jerod-mayo-supostamente-poderia-ter-salvado-o-trabalho-dos-patriots-fazendo-isso\/","title":{"rendered":"Jerod Mayo supostamente poderia ter salvado o trabalho dos Patriots fazendo isso"},"content":{"rendered":"<p> <script async src=\"https:\/\/pagead2.googlesyndication.com\/pagead\/js\/adsbygoogle.js?client=ca-pub-8864793242727901\"\r\n     crossorigin=\"anonymous\"><\/script><br \/>\n<\/p>\n<div id=\"\">\n<header class=\"m-article-header m-article-header--standard\">\n\t\t\t\t\t\t\t\t\t\t\t\t<span id=\"article-header-primary-term\"><br \/>\n\t\t\t\t\t\t\t\t<a class=\"a-term a-term--primary\" href=\"https:\/\/www.boston.com\/tag\/new-england-patriots\/\"><\/p>\n<p>\t\t\t\t\t\t\t\tPatriotas\t\t\t\t\t\t\t\t<\/a><br \/>\n\t\t\t\t\t\t\t<\/span><\/p>\n<h2 class=\"m-article-header__sub-headline\">\u201cO ponto alto de tudo para mim foi o jogo contra Cincinnati e, no meio da temporada, acho que come\u00e7amos a regredir.\u201d<\/h2>\n<figure class=\"a-photo m-article-header__photo\"><figcaption class=\"a-photo__caption\">\n<p>\tJerod Mayo treinou os Patriots por apenas uma temporada. <em> (Foto AP\/Michael Dwyer)<\/em>\t<\/figcaption><\/figure>\n<div class=\"m-article-header__meta\">\n<div class=\"m-article-header__byline\">\n<p class=\"m-article-header__author\">\n<p>\t\t\t\t\t\t\t\tPor <a class=\"a-link a-link--inline\" href=\"https:\/\/www.boston.com\/author\/conor-ryan\/\">Conor Ryan<\/a>\t\t\t\t\t\t\t<\/p>\n<p>\t\t\t\t\t\t\t\t\t\t\t\t\t\t\t<time class=\"m-article-header__date\"><\/p>\n<p>\t\t\t\t\t\t\t\t\t9 de janeiro de 2025 | 17h26\t\t\t\t\t\t\t\t<\/time><\/p>\n<p><span>2 minutos para ler<\/span><\/p>\n<\/p><\/div>\n<\/p><\/div>\n<\/header>\n<p>Demorou pouco mais de uma hora ap\u00f3s o t\u00e9rmino da temporada de 2024 dos Patriots para que o time anunciasse que havia demitido o t\u00e9cnico Jerod Mayo.<\/p>\n<p>Um movimento t\u00e3o decisivo de Robert Kraft e do alto escal\u00e3o dos Patriots sinalizou que a decis\u00e3o do time foi tomada bem antes de New England desperdi\u00e7ar a chance de ser a escolha n\u00famero 1 no Draft da NFL de 2025 ao derrotar os Bills na semana 18. <\/p>\n<p>Mas ser\u00e1 que Mayo poderia ter salvado o seu emprego com um desempenho mais forte no in\u00edcio de dezembro? <\/p>\n<p>De acordo com um novo artigo de Andrew Callahan e Doug Kyed do <em>Arauto de Boston<\/em>o j\u00fari do t\u00e9cnico do New England aparentemente ainda estava decidido ao entrar na reta final da campanha de 2024. <\/p>\n<p>\u201cUma fonte familiarizada com o pensamento de Kraft acredita que se os Patriots tivessem perdido uma de suas derrotas em dezembro para o Arizona e mais tarde para os Chargers, Mayo poderia ter mantido seu emprego\u201d,<a target=\"_blank\" href=\"https:\/\/www.bostonherald.com\/2025\/01\/09\/patriots-inside-story-jerod-mayo-robert-kraft\/\" rel=\"noreferrer noopener\"> Callahan e Kyed escreveram quinta-feira. <\/a><\/p>\n<p>Embora parecesse certo que os Patriots de 2024 estariam no meio de um ano de reconstru\u00e7\u00e3o, um final forte para uma campanha miser\u00e1vel teria pelo menos oferecido esperan\u00e7a a Kraft e a uma base de f\u00e3s sitiada de que um elenco com poucos talentos estava se movendo. a dire\u00e7\u00e3o certa.<\/p>\n<p>Mas as coisas chegaram ao fundo do po\u00e7o no \u00faltimo m\u00eas da temporada, com o New England saindo da semana de folga e perdendo uma derrota pouco competitiva por 30-17 para os Cardinals fora de casa na semana 15.<\/p>\n<p>Os coment\u00e1rios p\u00f3s-jogo de Mayo no Arizona, onde ele provavelmente <a href=\"https:\/\/www.boston.com\/sports\/new-england-patriots\/2024\/12\/15\/jerod-mayo-alex-van-pelt-drake-maye-new-england-patriots-play-calls-cardinals\/\" target=\"_blank\" rel=\"noreferrer noopener\">jogou o coordenador ofensivo Alex Van Pelt debaixo do \u00f4nibus<\/a>juntamente com um relat\u00f3rio de que Mayo <a href=\"https:\/\/www.boston.com\/sports\/new-england-patriots\/2025\/01\/08\/new-england-patriots-jerod-mayo-loss-arizona-cards-nfl-football-robert-kraft\/\" target=\"_blank\" rel=\"noreferrer noopener\">estava participando de jogos de cartas com jogadores<\/a> na viagem de avi\u00e3o para casa, em vez de revisar o filme, levantou ainda mais preocupa\u00e7\u00f5es sobre o comando da equipe por Mayo. <\/p>\n<p>Adicione uma derrota desigual por 40-7 para os Chargers no Gillette Stadium em 28 de dezembro \u2013 com gritos de \u201cFire Mayo!\u201d chovendo nas arquibancadas em Foxborough &#8211; e parecia que o destino de Mayo estava selado antes que a Nova Inglaterra encerrasse o ano com aquela vit\u00f3ria sobre os reservas dos Bills. <\/p>\n<p><a target=\"_blank\" href=\"https:\/\/www.boston.com\/sports\/new-england-patriots\/2025\/01\/06\/robert-kraft-press-conference-jerod-mayo-fired-analysis-takeaways\/\" rel=\"noreferrer noopener\">Falando na segunda-feira depois de fazer a liga\u00e7\u00e3o para demitir Mayo<\/a>Kraft enfatizou que a regress\u00e3o cont\u00ednua da Nova Inglaterra ao longo da temporada de 2024 levou a equipe a tomar uma atitude. <\/p>\n<p>\u201cNas decis\u00f5es importantes da minha vida, sempre disse que me\u00e7o nove vezes e corto uma e esta foi uma dessas situa\u00e7\u00f5es\u201d, disse Kraft. \u201cAcho que o principal para mim \u00e9 que senti que regredimos. O ponto alto de tudo para mim foi o jogo contra Cincinnati e, no meio da temporada, acho que come\u00e7amos a regredir.\u201d<\/p>\n<div class=\"o-author-single has-avatar\">\n<header class=\"m-author-card\">\n<div class=\"a-image a-image--square m-author-card__image\">\n\t\t<img decoding=\"async\" class=\"\" src=\"https:\/\/www.boston.com\/wp-content\/uploads\/2023\/05\/Headshot_Conor-645c0406ed6cb-scaled.jpg\" alt=\"Imagem do perfil de Conor Ryan\"\/>\t<\/div>\n<\/header>\n<section class=\"author-info\">\n<div class=\"m-author__section\">\n<p>Conor Ryan \u00e9 redator da equipe que cobre Bruins, Celtics, Patriots e Red Sox para Boston.com, fun\u00e7\u00e3o que ocupa desde 2023.<\/p>\n<\/div>\n<\/section>\n<\/div>\n<div class=\"m-block m-generic-cta\t m-generic-cta--post-content\t m-generic-cta--dark\t m-generic-cta--homepage\t m-generic-cta--email-signup\t\t m-generic-cta-block-style--default \tt-amp__generic-cta\"><\/p>\n<div class=\"m-generic-cta__wrap\">\n<div class=\"m-generic-cta__content\">\n<h3 class=\"m-generic-cta__title\">Boston.com hoje<\/h3>\n<p class=\"m-generic-cta__subtitle\">Inscreva-se para receber as \u00faltimas manchetes em sua caixa de entrada todas as manh\u00e3s.<\/p>\n<\/p><\/div>\n<\/p><\/div>\n<\/div><\/div>\n<p><script>\n\t\tvar consent=\"grant\";\n\t\t\/* The above code is parsing the JSON data from the local storage and storing it in a variable. *\/\n\t\t\t\t\tconst onetrustStorageConsent = JSON.parse(localStorage.getItem( 'consent_one_trust_bdc' ) );\n\t\t\tif ( ( onetrustStorageConsent !== null ) ) {\n\t\t\t\t\/* Checking to see if the user has consented to the use of cookies.\n\t\t\t\t* If they have not, it is deleting the cookie.\n\t\t\t\t* This will comment for now, until further notice.\n\t\t\t\t*\/\n\t\t\t\t\/\/if ( onetrustStorageConsent.C0002 === false ) {\n\t\t\t\t\/\/\tdocument.cookie=\"_fbp=;expires=Thu, 01 Jan 2010 00:00:00 UTC; path=\/; domain=.boston.com\";\n\t\t\t\t\/\/}\n\t\t\t\t\/* Checking if the user has given consent for the cookie C0002.\n\t\t\t\t* If the user has given consent, the variable consent will be set to 'grant'.\n\t\t\t\t* If the user has not given consent,the variable consent will be set to 'revoke'.\n\t\t\t\t* Documentation https:\/\/developers.facebook.com\/docs\/meta-pixel\/implementation\/gdpr\n\t\t\t\t*\/\n\t\t\t\tif ( onetrustStorageConsent.C0002 !== true ) {\n\t\t\t\t\tconsent=\"revoke\";\n\t\t\t\t}\n\t\t\t}\n\t\t\t\t!function(f,b,e,v,n,t,s)\n\t\t{if(f.fbq)return;n=f.fbq=function(){n.callMethod?\n\t\tn.callMethod.apply(n,arguments):n.queue.push(arguments)};\n\t\tif(!f._fbq)f._fbq=n;n.push=n;n.loaded=!0;n.version='2.0';\n\t\tn.queue=[];t=b.createElement(e);t.async=!0;\n\t\tt.src=v;s=b.getElementsByTagName(e)[0];\n\t\ts.parentNode.insertBefore(t,s)}(window, document,'script',\n\t\t'https:\/\/connect.facebook.net\/en_US\/fbevents.js');\n\t\tfbq('consent', consent);\n\t\tfbq('init', '989222871864976');\n\t\tfbq('track', 'PageView');\n\t<\/script><script type=\"module\">\n\t\tvar consent=\"grant\";\n\t\t\/* The above code is parsing the JSON data from the local storage and storing it in a variable. *\/\n\t\t\tconst onetrustStorageConsent = JSON.parse(localStorage.getItem( 'consent_one_trust_bdc' ) );\n\t\t\t\/* Checking to see if the user has consented to the use of cookies.\n\t\t\t* If they have not, it is deleting the cookie.\n\t\t\t* This will comment for now, until further notice.\n\t\t\t*\/\n\t\t\t\/\/if ( onetrustStorageConsent.C0002 === false ) {\n\t\t\t\/\/\tdocument.cookie=\"_fbp=;expires=Thu, 01 Jan 2010 00:00:00 UTC; path=\/; domain=.boston.com\";\n\t\t\t\/\/}\n\t\t\t\/* Checking if the user has given consent for the cookie C0002.\n\t\t\t* If the user has given consent, the variable consent will be set to 'grant'.\n\t\t\t* If the user has not given consent,the variable consent will be set to 'revoke'.\n\t\t\t* Documentation https:\/\/developers.facebook.com\/docs\/meta-pixel\/implementation\/gdpr\n\t\t\t*\/\n\t\t\tif ( ( onetrustStorageConsent !== null ) && (onetrustStorageConsent.C0002 !== true ) ) {\n\t\t\t\tconsent=\"revoke\";\n\t\t\t}\n\t\t\t\t!function(f,b,e,v,n,t,s){if(f.fbq)return;n=f.fbq=function()\n\t\t{n.callMethod? n.callMethod.apply(n,arguments):n.queue.push(arguments)}\n\t\t;if(!f._fbq)f._fbq=n;\n\t\tn.push=n;n.loaded=!0;n.version='2.0';n.queue=[];t=b.createElement(e);t.async=!0;\n\t\tt.src=v;s=b.getElementsByTagName(e)[0];s.parentNode.insertBefore(t,s)}(window,\n\t\tdocument,'script','https:\/\/connect.facebook.net\/en_US\/fbevents.js');\n\t\tfbq('consent', consent);\n\t\tfbq('init', '813236348753005');\n\t\tfbq('track', \"PageView\");\n\t<\/script><br \/>\n<br \/><br \/>\n<br \/><a href=\"https:\/\/www.boston.com\/sports\/new-england-patriots\/2025\/01\/09\/jerod-mayo-new-england-patriots-nfl-football-robert-kraft\/\">Source link <\/a><\/p>","protected":false},"excerpt":{"rendered":"<p>Patriotas \u201cO ponto alto de tudo para mim foi o jogo contra Cincinnati e, no meio da temporada, acho que come\u00e7amos a regredir.\u201d Jerod Mayo treinou os Patriots por apenas&hellip;<\/p>","protected":false},"author":1,"featured_media":89917,"comment_status":"closed","ping_status":"open","sticky":false,"template":"","format":"standard","meta":{"content-type":"","footnotes":""},"categories":[1],"tags":[],"class_list":["post-89916","post","type-post","status-publish","format-standard","has-post-thumbnail","hentry","category-uncategorized"],"_links":{"self":[{"href":"https:\/\/tvbrazilusa.com\/pt\/wp-json\/wp\/v2\/posts\/89916","targetHints":{"allow":["GET"]}}],"collection":[{"href":"https:\/\/tvbrazilusa.com\/pt\/wp-json\/wp\/v2\/posts"}],"about":[{"href":"https:\/\/tvbrazilusa.com\/pt\/wp-json\/wp\/v2\/types\/post"}],"author":[{"embeddable":true,"href":"https:\/\/tvbrazilusa.com\/pt\/wp-json\/wp\/v2\/users\/1"}],"replies":[{"embeddable":true,"href":"https:\/\/tvbrazilusa.com\/pt\/wp-json\/wp\/v2\/comments?post=89916"}],"version-history":[{"count":1,"href":"https:\/\/tvbrazilusa.com\/pt\/wp-json\/wp\/v2\/posts\/89916\/revisions"}],"predecessor-version":[{"id":89918,"href":"https:\/\/tvbrazilusa.com\/pt\/wp-json\/wp\/v2\/posts\/89916\/revisions\/89918"}],"wp:featuredmedia":[{"embeddable":true,"href":"https:\/\/tvbrazilusa.com\/pt\/wp-json\/wp\/v2\/media\/89917"}],"wp:attachment":[{"href":"https:\/\/tvbrazilusa.com\/pt\/wp-json\/wp\/v2\/media?parent=89916"}],"wp:term":[{"taxonomy":"category","embeddable":true,"href":"https:\/\/tvbrazilusa.com\/pt\/wp-json\/wp\/v2\/categories?post=89916"},{"taxonomy":"post_tag","embeddable":true,"href":"https:\/\/tvbrazilusa.com\/pt\/wp-json\/wp\/v2\/tags?post=89916"}],"curies":[{"name":"wp","href":"https:\/\/api.w.org\/{rel}","templated":true}]}}