{"id":89938,"date":"2025-01-09T23:03:19","date_gmt":"2025-01-09T23:03:19","guid":{"rendered":"https:\/\/tvbrazilusa.com\/2025\/01\/09\/insider-da-nfl-ha-um-buzz-que-josh-mcdaniels-poderia-retornar-como-coordenador-ofensivo-dos-patriots\/"},"modified":"2025-01-09T23:29:09","modified_gmt":"2025-01-09T23:29:09","slug":"insider-da-nfl-ha-um-buzz-que-josh-mcdaniels-poderia-retornar-como-coordenador-ofensivo-dos-patriots","status":"publish","type":"post","link":"https:\/\/tvbrazilusa.com\/pt\/2025\/01\/09\/insider-da-nfl-ha-um-buzz-que-josh-mcdaniels-poderia-retornar-como-coordenador-ofensivo-dos-patriots\/","title":{"rendered":"Insider da NFL: H\u00e1 um &#8216;buzz&#8217; que Josh McDaniels poderia retornar como coordenador ofensivo dos Patriots"},"content":{"rendered":"<p> <script async src=\"https:\/\/pagead2.googlesyndication.com\/pagead\/js\/adsbygoogle.js?client=ca-pub-8864793242727901\"\r\n     crossorigin=\"anonymous\"><\/script><br \/>\n<\/p>\n<div id=\"\">\n<header class=\"m-article-header m-article-header--standard\">\n\t\t\t\t\t\t\t\t\t\t\t\t<span id=\"article-header-primary-term\"><br \/>\n\t\t\t\t\t\t\t\t<a class=\"a-term a-term--primary\" href=\"https:\/\/www.boston.com\/tag\/new-england-patriots\/\"><\/p>\n<p>\t\t\t\t\t\t\t\tPatriotas\t\t\t\t\t\t\t\t<\/a><br \/>\n\t\t\t\t\t\t\t<\/span><\/p>\n<h2 class=\"m-article-header__sub-headline\">\u201cEmbora McDaniels seja um t\u00e9cnico fracassado duas vezes, ningu\u00e9m contesta suas habilidades de coordenador.\u201d<\/h2>\n<figure class=\"a-photo m-article-header__photo\"><figcaption class=\"a-photo__caption\">\n<p>\tJosh McDaniels transformou Mac Jones em um QB do Pro Bowl como novato em 2021. <em> Barry Chin\/The Boston Globe<\/em>\t<\/figcaption><\/figure>\n<div class=\"m-article-header__meta\">\n<div class=\"m-article-header__byline\">\n<p class=\"m-article-header__author\">\n<p>\t\t\t\t\t\t\t\tPor <a class=\"a-link a-link--inline\" href=\"https:\/\/www.boston.com\/author\/conor-ryan\/\">Conor Ryan<\/a>\t\t\t\t\t\t\t<\/p>\n<p>\t\t\t\t\t\t\t\t\t\t\t\t\t\t\t<time class=\"m-article-header__date\"><\/p>\n<p>\t\t\t\t\t\t\t\t\t9 de janeiro de 2025 | 18h03\t\t\t\t\t\t\t\t<\/time><\/p>\n<p><span>2 minutos para ler<\/span><\/p>\n<\/p><\/div>\n<\/p><\/div>\n<\/header>\n<p>Ex-linebacker dos Patriots e ex-t\u00e9cnico dos Titans <a target=\"_blank\" href=\"https:\/\/www.bostonglobe.com\/2025\/01\/08\/sports\/patriots-coaching-search-mike-vrabel\/?p1=Article_Recirc_InThisSection&#038;p1=Article_Recirc_InThisSection\" rel=\"noreferrer noopener\">Mike Vrabel \u00e9 amplamente visto como o favorito<\/a> para a vaga de treinador principal da Nova Inglaterra. <\/p>\n<p>Se Robert Kraft decidir contratar o tricampe\u00e3o do Super Bowl, Vrabel poderia trazer de volta outro rosto familiar em Foxborough como parte de sua equipe t\u00e9cnica? <\/p>\n<p>De acordo com Jeremy Fowler, membro da ESPN NFL, o ex-coordenador ofensivo do Patriots, Josh McDaniels, pode estar preparado para uma terceira passagem por Foxborough, especialmente se Vrabel quiser juntar um treinador ofensivo experiente com um jovem QB como <a href=\"http:\/\/boston.com\/tag\/drake-maye\">Drake Maye<\/a>. <\/p>\n<p>\u201cUma observa\u00e7\u00e3o sobre Vrabel: h\u00e1 rumores em alguns c\u00edrculos de treinadores de que Josh McDaniels poderia ser o principal candidato para ser o coordenador ofensivo de Vrabel,\u201d <a target=\"_blank\" href=\"https:\/\/www.espn.com\/nfl\/insider\/story\/_\/id\/43336587\/nfl-head-coach-carousel-buzz-news-updates-vacancies-patriots-raiders-jaguars\" rel=\"noreferrer noopener\">Fowler escreveu quinta-feira.<\/a> \u201cIsso seria um conjunto de nostalgia e, embora McDaniels seja um t\u00e9cnico fracassado duas vezes, ningu\u00e9m contesta suas habilidades de coordenador.\u201d<\/p>\n<p>Embora os la\u00e7os de Vrabel com a Nova Inglaterra e a reputa\u00e7\u00e3o de um treinador principal intenso e experiente provavelmente atraiam muito a Kraft and Co., o ex-linebacker tamb\u00e9m \u00e9 considerado um treinador mais defensivo.<\/p>\n<p>Adicionar um OC e um jogador com as credenciais de McDaniels seria um passo na dire\u00e7\u00e3o certa para a Nova Inglaterra, especialmente quando se trata de promover mais crescimento no jogo de Maye. <\/p>\n<p>McDaniels alcan\u00e7ou muito sucesso em Foxborough durante dois mandatos separados na franquia. Ele ingressou no time como assistente em 2001 antes de se tornar coordenador ofensivo do time de 2005 a 2008. <\/p>\n<p>Depois de uma passagem desastrosa como t\u00e9cnico do Denver Broncos, McDaniels voltou aos Patriots como coordenador ofensivo novamente em 2012 e permaneceu na mesma fun\u00e7\u00e3o at\u00e9 o final da temporada de 2021. <\/p>\n<p>McDaniels ganhou seis t\u00edtulos do Super Bowl com o New England, construindo um forte relacionamento com Tom Brady antes de ajudar Mac Jones a chegar ao Pro Bowl como novato em 2021. <\/p>\n<p>O antigo Patriots OC ainda n\u00e3o conseguiu outro emprego na NFL depois de durar menos de dois anos como treinador principal dos Raiders \u2013 ele teve um recorde de 9-16 antes de ser demitido em outubro de 2023. <\/p>\n<p>Mesmo que o hist\u00f3rico de McDaniels como treinador principal seja fraco, o treinador de 48 anos pode ser um trunfo valioso se tiver as chaves para o ataque da Nova Inglaterra e o desenvolvimento de Maye. <\/p>\n<p>Vrabel e McDaniels se sobrepuseram por oito temporadas, quando o primeiro foi uma pe\u00e7a fundamental na defesa da Nova Inglaterra, embora Vrabel tamb\u00e9m pudesse trazer outros treinadores ofensivos com quem trabalhou \u2013<a target=\"_blank\" href=\"https:\/\/www.cleveland.com\/browns\/2025\/01\/browns-interviewed-te-coach-tommy-rees-for-their-offensive-coordinator-vacancy-on-wednesday-giving-him-first-crack-at-it.html\" rel=\"noreferrer noopener\"> incluindo o especialista em jogos de passes dos Browns e t\u00e9cnico de tight ends, Tommy Rees. <\/a><\/p>\n<p>Falando poucas horas depois de Mayo ser demitido da Nova Inglaterra, Rob Gronkowski mencionou a potencial dupla de Vrabel e McDaniels em Foxborough. <\/p>\n<p>\u201cObviamente, o Sr. Kraft tamb\u00e9m tem um plano para o futuro,\u201d<a target=\"_blank\" href=\"https:\/\/www.boston.com\/sports\/new-england-patriots\/2025\/01\/05\/rob-gronkowski-believes-vrabel-mcdaniels-could-coach-together-with-patriots\/\" rel=\"noreferrer noopener\"> Gronkowski disse.<\/a> \u201cProvavelmente esperando conseguir Mike Vrabel. H\u00e1 rumores de que Josh McDaniels pode voltar como coordenador ofensivo.\u201d<\/p>\n<div class=\"o-author-single has-avatar\">\n<header class=\"m-author-card\">\n<div class=\"a-image a-image--square m-author-card__image\">\n\t\t<img decoding=\"async\" class=\"\" src=\"https:\/\/www.boston.com\/wp-content\/uploads\/2023\/05\/Headshot_Conor-645c0406ed6cb-scaled.jpg\" alt=\"Imagem do perfil de Conor Ryan\"\/>\t<\/div>\n<\/header>\n<section class=\"author-info\">\n<div class=\"m-author__section\">\n<p>Conor Ryan \u00e9 redator da equipe que cobre Bruins, Celtics, Patriots e Red Sox para Boston.com, fun\u00e7\u00e3o que ocupa desde 2023.<\/p>\n<\/div>\n<\/section>\n<\/div>\n<div class=\"m-block m-generic-cta\t m-generic-cta--post-content\t m-generic-cta--dark\t m-generic-cta--homepage\t m-generic-cta--email-signup\t\t m-generic-cta-block-style--default \tt-amp__generic-cta\"><\/p>\n<div class=\"m-generic-cta__wrap\">\n<div class=\"m-generic-cta__content\">\n<h3 class=\"m-generic-cta__title\">Boston.com hoje<\/h3>\n<p class=\"m-generic-cta__subtitle\">Inscreva-se para receber as \u00faltimas manchetes em sua caixa de entrada todas as manh\u00e3s.<\/p>\n<\/p><\/div>\n<\/p><\/div>\n<\/div><\/div>\n<p><script>\n\t\tvar consent=\"grant\";\n\t\t\/* The above code is parsing the JSON data from the local storage and storing it in a variable. *\/\n\t\t\t\t\tconst onetrustStorageConsent = JSON.parse(localStorage.getItem( 'consent_one_trust_bdc' ) );\n\t\t\tif ( ( onetrustStorageConsent !== null ) ) {\n\t\t\t\t\/* Checking to see if the user has consented to the use of cookies.\n\t\t\t\t* If they have not, it is deleting the cookie.\n\t\t\t\t* This will comment for now, until further notice.\n\t\t\t\t*\/\n\t\t\t\t\/\/if ( onetrustStorageConsent.C0002 === false ) {\n\t\t\t\t\/\/\tdocument.cookie=\"_fbp=;expires=Thu, 01 Jan 2010 00:00:00 UTC; path=\/; domain=.boston.com\";\n\t\t\t\t\/\/}\n\t\t\t\t\/* Checking if the user has given consent for the cookie C0002.\n\t\t\t\t* If the user has given consent, the variable consent will be set to 'grant'.\n\t\t\t\t* If the user has not given consent,the variable consent will be set to 'revoke'.\n\t\t\t\t* Documentation https:\/\/developers.facebook.com\/docs\/meta-pixel\/implementation\/gdpr\n\t\t\t\t*\/\n\t\t\t\tif ( onetrustStorageConsent.C0002 !== true ) {\n\t\t\t\t\tconsent=\"revoke\";\n\t\t\t\t}\n\t\t\t}\n\t\t\t\t!function(f,b,e,v,n,t,s)\n\t\t{if(f.fbq)return;n=f.fbq=function(){n.callMethod?\n\t\tn.callMethod.apply(n,arguments):n.queue.push(arguments)};\n\t\tif(!f._fbq)f._fbq=n;n.push=n;n.loaded=!0;n.version='2.0';\n\t\tn.queue=[];t=b.createElement(e);t.async=!0;\n\t\tt.src=v;s=b.getElementsByTagName(e)[0];\n\t\ts.parentNode.insertBefore(t,s)}(window, document,'script',\n\t\t'https:\/\/connect.facebook.net\/en_US\/fbevents.js');\n\t\tfbq('consent', consent);\n\t\tfbq('init', '989222871864976');\n\t\tfbq('track', 'PageView');\n\t<\/script><script type=\"module\">\n\t\tvar consent=\"grant\";\n\t\t\/* The above code is parsing the JSON data from the local storage and storing it in a variable. *\/\n\t\t\tconst onetrustStorageConsent = JSON.parse(localStorage.getItem( 'consent_one_trust_bdc' ) );\n\t\t\t\/* Checking to see if the user has consented to the use of cookies.\n\t\t\t* If they have not, it is deleting the cookie.\n\t\t\t* This will comment for now, until further notice.\n\t\t\t*\/\n\t\t\t\/\/if ( onetrustStorageConsent.C0002 === false ) {\n\t\t\t\/\/\tdocument.cookie=\"_fbp=;expires=Thu, 01 Jan 2010 00:00:00 UTC; path=\/; domain=.boston.com\";\n\t\t\t\/\/}\n\t\t\t\/* Checking if the user has given consent for the cookie C0002.\n\t\t\t* If the user has given consent, the variable consent will be set to 'grant'.\n\t\t\t* If the user has not given consent,the variable consent will be set to 'revoke'.\n\t\t\t* Documentation https:\/\/developers.facebook.com\/docs\/meta-pixel\/implementation\/gdpr\n\t\t\t*\/\n\t\t\tif ( ( onetrustStorageConsent !== null ) && (onetrustStorageConsent.C0002 !== true ) ) {\n\t\t\t\tconsent=\"revoke\";\n\t\t\t}\n\t\t\t\t!function(f,b,e,v,n,t,s){if(f.fbq)return;n=f.fbq=function()\n\t\t{n.callMethod? n.callMethod.apply(n,arguments):n.queue.push(arguments)}\n\t\t;if(!f._fbq)f._fbq=n;\n\t\tn.push=n;n.loaded=!0;n.version='2.0';n.queue=[];t=b.createElement(e);t.async=!0;\n\t\tt.src=v;s=b.getElementsByTagName(e)[0];s.parentNode.insertBefore(t,s)}(window,\n\t\tdocument,'script','https:\/\/connect.facebook.net\/en_US\/fbevents.js');\n\t\tfbq('consent', consent);\n\t\tfbq('init', '813236348753005');\n\t\tfbq('track', \"PageView\");\n\t<\/script><br \/>\n<br \/><br \/>\n<br \/><a href=\"https:\/\/www.boston.com\/sports\/new-england-patriots\/2025\/01\/09\/josh-mcdaniels-new-england-patriots-mike-vrabel-nfl-football\/\">Source link <\/a><\/p>","protected":false},"excerpt":{"rendered":"<p>Patriotas \u201cEmbora McDaniels seja um t\u00e9cnico fracassado duas vezes, ningu\u00e9m contesta suas habilidades de coordenador.\u201d Josh McDaniels transformou Mac Jones em um QB do Pro Bowl como novato em 2021.&hellip;<\/p>","protected":false},"author":1,"featured_media":89939,"comment_status":"closed","ping_status":"open","sticky":false,"template":"","format":"standard","meta":{"content-type":"","footnotes":""},"categories":[1],"tags":[],"class_list":["post-89938","post","type-post","status-publish","format-standard","has-post-thumbnail","hentry","category-uncategorized"],"_links":{"self":[{"href":"https:\/\/tvbrazilusa.com\/pt\/wp-json\/wp\/v2\/posts\/89938","targetHints":{"allow":["GET"]}}],"collection":[{"href":"https:\/\/tvbrazilusa.com\/pt\/wp-json\/wp\/v2\/posts"}],"about":[{"href":"https:\/\/tvbrazilusa.com\/pt\/wp-json\/wp\/v2\/types\/post"}],"author":[{"embeddable":true,"href":"https:\/\/tvbrazilusa.com\/pt\/wp-json\/wp\/v2\/users\/1"}],"replies":[{"embeddable":true,"href":"https:\/\/tvbrazilusa.com\/pt\/wp-json\/wp\/v2\/comments?post=89938"}],"version-history":[{"count":1,"href":"https:\/\/tvbrazilusa.com\/pt\/wp-json\/wp\/v2\/posts\/89938\/revisions"}],"predecessor-version":[{"id":89940,"href":"https:\/\/tvbrazilusa.com\/pt\/wp-json\/wp\/v2\/posts\/89938\/revisions\/89940"}],"wp:featuredmedia":[{"embeddable":true,"href":"https:\/\/tvbrazilusa.com\/pt\/wp-json\/wp\/v2\/media\/89939"}],"wp:attachment":[{"href":"https:\/\/tvbrazilusa.com\/pt\/wp-json\/wp\/v2\/media?parent=89938"}],"wp:term":[{"taxonomy":"category","embeddable":true,"href":"https:\/\/tvbrazilusa.com\/pt\/wp-json\/wp\/v2\/categories?post=89938"},{"taxonomy":"post_tag","embeddable":true,"href":"https:\/\/tvbrazilusa.com\/pt\/wp-json\/wp\/v2\/tags?post=89938"}],"curies":[{"name":"wp","href":"https:\/\/api.w.org\/{rel}","templated":true}]}}