{"id":89941,"date":"2025-01-09T23:35:43","date_gmt":"2025-01-09T23:35:43","guid":{"rendered":"https:\/\/tvbrazilusa.com\/2025\/01\/09\/urgente-maria-corina-foi-libertada\/"},"modified":"2025-01-09T23:35:45","modified_gmt":"2025-01-09T23:35:45","slug":"urgente-maria-corina-foi-libertada","status":"publish","type":"post","link":"https:\/\/tvbrazilusa.com\/pt\/2025\/01\/09\/urgente-maria-corina-foi-libertada\/","title":{"rendered":"URGENTE: Maria Corina foi libertada"},"content":{"rendered":"<p> <script async src=\"https:\/\/pagead2.googlesyndication.com\/pagead\/js\/adsbygoogle.js?client=ca-pub-8864793242727901\"\r\n     crossorigin=\"anonymous\"><\/script><br \/>\n<\/p>\n<div>\n<figure class=\"post-image\">\n<\/figure>\n<p>            <span style=\"font-size: 12px\">Reprodu\u00e7\u00e3o<\/span><\/p>\n<p>            <!-- end metas --><br \/>\n            <!-- ADS --><\/p>\n<div id=\"taboola-read-more\" style=\"display:block; width:100%\">\n<p>Ap\u00f3s ser retirada \u00e0 for\u00e7a de com\u00edcio, Maria Corina Machado diz que foi libertada e que est\u00e1 bem. \u201cMar\u00eda Corina Machado foi interceptada e derrubada da motocicleta que estava dirigindo. Armas de fogo foram disparadas. Eles a levaram \u00e0 for\u00e7a. Durante o per\u00edodo de sequestro, ela foi for\u00e7ada a gravar v\u00e1rios v\u00eddeos e mais tarde foi liberada\u201d, anunciou a conta oficial da campanha de Edmundo Gonz\u00e1lez.\n<\/p>\n<p><strong>ASSISTA:<\/strong><\/p>\n<blockquote class=\"twitter-tweet\" data-media-max-width=\"560\">\n<p dir=\"ltr\" lang=\"pt\">Ap\u00f3s ser retirada \u00e0 for\u00e7a de com\u00edcio, Maria Corina Machado diz que foi libertada e que est\u00e1 bem.<\/p>\n<p>\u201cMar\u00eda Corina Machado foi interceptada e derrubada da motocicleta que estava dirigindo. Armas de fogo foram disparadas. Eles a levaram \u00e0 for\u00e7a. Durante o per\u00edodo de sequestro, ela\u2026 <a href=\"https:\/\/t.co\/A6Ot5IhK8I\">pic.twitter.com\/A6Ot5IhK8I<\/a><br \/>\n\u2014 Metr\u00f3poles (@Metropoles) <a href=\"https:\/\/twitter.com\/Metropoles\/status\/1877463690473255319?ref_src=twsrc%5Etfw\">January 9, 2025<\/a><\/p>\n<\/blockquote>\n<\/div>\n<p>Fonte: Metr\u00f3poles              <\/p>\n<\/div>\n<p><script async src=\"\/\/platform.twitter.com\/widgets.js\" charset=\"utf-8\"><\/script><br \/>\n<br \/><br \/>\n<br \/><a href=\"https:\/\/diariodobrasilnoticias.com.br\/noticia\/urgente-maria-corina-foi-libertada-67804266005a4\">Source link <\/a><\/p>","protected":false},"excerpt":{"rendered":"<p>Reprodu\u00e7\u00e3o Ap\u00f3s ser retirada \u00e0 for\u00e7a de com\u00edcio, Maria Corina Machado diz que foi libertada e que est\u00e1 bem. \u201cMar\u00eda Corina Machado foi interceptada e derrubada da motocicleta que estava&hellip;<\/p>","protected":false},"author":1,"featured_media":89942,"comment_status":"closed","ping_status":"open","sticky":false,"template":"","format":"standard","meta":{"content-type":"","footnotes":""},"categories":[16],"tags":[123,2448,5313,1267],"class_list":["post-89941","post","type-post","status-publish","format-standard","has-post-thumbnail","hentry","category-noticias","tag-brasil","tag-diario","tag-noticia","tag-noticias"],"_links":{"self":[{"href":"https:\/\/tvbrazilusa.com\/pt\/wp-json\/wp\/v2\/posts\/89941","targetHints":{"allow":["GET"]}}],"collection":[{"href":"https:\/\/tvbrazilusa.com\/pt\/wp-json\/wp\/v2\/posts"}],"about":[{"href":"https:\/\/tvbrazilusa.com\/pt\/wp-json\/wp\/v2\/types\/post"}],"author":[{"embeddable":true,"href":"https:\/\/tvbrazilusa.com\/pt\/wp-json\/wp\/v2\/users\/1"}],"replies":[{"embeddable":true,"href":"https:\/\/tvbrazilusa.com\/pt\/wp-json\/wp\/v2\/comments?post=89941"}],"version-history":[{"count":1,"href":"https:\/\/tvbrazilusa.com\/pt\/wp-json\/wp\/v2\/posts\/89941\/revisions"}],"predecessor-version":[{"id":89943,"href":"https:\/\/tvbrazilusa.com\/pt\/wp-json\/wp\/v2\/posts\/89941\/revisions\/89943"}],"wp:featuredmedia":[{"embeddable":true,"href":"https:\/\/tvbrazilusa.com\/pt\/wp-json\/wp\/v2\/media\/89942"}],"wp:attachment":[{"href":"https:\/\/tvbrazilusa.com\/pt\/wp-json\/wp\/v2\/media?parent=89941"}],"wp:term":[{"taxonomy":"category","embeddable":true,"href":"https:\/\/tvbrazilusa.com\/pt\/wp-json\/wp\/v2\/categories?post=89941"},{"taxonomy":"post_tag","embeddable":true,"href":"https:\/\/tvbrazilusa.com\/pt\/wp-json\/wp\/v2\/tags?post=89941"}],"curies":[{"name":"wp","href":"https:\/\/api.w.org\/{rel}","templated":true}]}}