{"id":89956,"date":"2025-01-10T00:31:00","date_gmt":"2025-01-10T00:31:00","guid":{"rendered":"https:\/\/tvbrazilusa.com\/2025\/01\/10\/secretaria-de-turismo-do-rn-diz-que-saida-da-azul-de-mossoro-nao-e-definitiva\/"},"modified":"2025-01-10T00:31:02","modified_gmt":"2025-01-10T00:31:02","slug":"secretaria-de-turismo-do-rn-diz-que-saida-da-azul-de-mossoro-nao-e-definitiva","status":"publish","type":"post","link":"https:\/\/tvbrazilusa.com\/pt\/2025\/01\/10\/secretaria-de-turismo-do-rn-diz-que-saida-da-azul-de-mossoro-nao-e-definitiva\/","title":{"rendered":"Secretaria de Turismo do RN diz que sa\u00edda da Azul de Mossor\u00f3 n\u00e3o \u00e9 definitiva"},"content":{"rendered":"<p> <script async src=\"https:\/\/pagead2.googlesyndication.com\/pagead\/js\/adsbygoogle.js?client=ca-pub-8864793242727901\"\r\n     crossorigin=\"anonymous\"><\/script><br \/>\n<\/p>\n<div id=\"taboola-read-more\" style=\"display:block; width:100%\">\n<p>Ap\u00f3s a Azul Linhas A\u00e9reas anunciar a suspens\u00e3o das opera\u00e7\u00f5es no Aeroporto de Mossor\u00f3 a partir de mar\u00e7o, a Secretaria de Turismo do Rio Grande do Norte se posicionou sobre a situa\u00e7\u00e3o e afirmou que a sa\u00edda da companhia do terminal mossoroense n\u00e3o \u00e9 definitiva. Segundo a pasta, a decis\u00e3o faz parte de uma estrat\u00e9gia adotada para empresa.\n<\/p>\n<p>\u201cA Azul Linhas A\u00e9reas comunicou que, assim como em outras localidades do Brasil, est\u00e1 realizando ajustes em sua malha a\u00e9rea com o objetivo de otimizar suas opera\u00e7\u00f5es e atender de forma mais eficiente \u00e0s demandas de mercado, bem como devido a falta de pe\u00e7as para manuten\u00e7\u00e3o de aeronaves, principalmente de ATRs que opera o aeroporto de Mossor\u00f3\u201d, disse a Setur\/RN.<\/p>\n<p>A pasta pontuou ainda que mant\u00e9m o comprometimento \u201ccom o desenvolvimento do turismo e da avia\u00e7\u00e3o regional, para tanto agendou reuni\u00e3o com a diretoria da Infraero, respons\u00e1vel pela gest\u00e3o do aeroporto, para saber sobre os prazos de conclus\u00e3o das obras que ir\u00e3o permitir o uso de aeronaves de maior porte\u201d.\n<\/p>\n<p>Para o governo estadual, a sa\u00edda da Azul, a partir de 10 de mar\u00e7o, n\u00e3o reduz a import\u00e2ncia de Mossor\u00f3 para o turismo potiguar. \u201cReafirmamos que, apesar deste ajuste operacional, Mossor\u00f3 segue como um destino estrat\u00e9gico para o setor de turismo e continuar\u00e1 recebendo apoio nas a\u00e7\u00f5es de promo\u00e7\u00e3o e desenvolvimento da atividade tur\u00edstica\u201d, garantiu.\n<\/p>\n<p>\u201cA Setur\/RN e a Emprotur\/RN seguem acompanhando de perto os desdobramentos e manter\u00e1 o di\u00e1logo com as companhias para garantir o fortalecimento da conectividade a\u00e9rea no estado, visando sempre o melhor para a popula\u00e7\u00e3o e para o crescimento do turismo regional\u201d, encerrou.\n<\/p>\n<p>Fonte: Sidneysilva              <\/p>\n<\/div>\n<p><br \/>\n<br \/><a href=\"https:\/\/diariodobrasilnoticias.com.br\/noticia\/secretaria-de-turismo-do-rn-diz-que-saida-da-azul-de-mossoro-nao-e-definitiva-678058c8ae55d\">Source link <\/a><\/p>","protected":false},"excerpt":{"rendered":"<p>Ap\u00f3s a Azul Linhas A\u00e9reas anunciar a suspens\u00e3o das opera\u00e7\u00f5es no Aeroporto de Mossor\u00f3 a partir de mar\u00e7o, a Secretaria de Turismo do Rio Grande do Norte se posicionou sobre&hellip;<\/p>","protected":false},"author":1,"featured_media":89957,"comment_status":"closed","ping_status":"open","sticky":false,"template":"","format":"standard","meta":{"content-type":"","footnotes":""},"categories":[16],"tags":[123,2448,5313,1267],"class_list":["post-89956","post","type-post","status-publish","format-standard","has-post-thumbnail","hentry","category-noticias","tag-brasil","tag-diario","tag-noticia","tag-noticias"],"_links":{"self":[{"href":"https:\/\/tvbrazilusa.com\/pt\/wp-json\/wp\/v2\/posts\/89956","targetHints":{"allow":["GET"]}}],"collection":[{"href":"https:\/\/tvbrazilusa.com\/pt\/wp-json\/wp\/v2\/posts"}],"about":[{"href":"https:\/\/tvbrazilusa.com\/pt\/wp-json\/wp\/v2\/types\/post"}],"author":[{"embeddable":true,"href":"https:\/\/tvbrazilusa.com\/pt\/wp-json\/wp\/v2\/users\/1"}],"replies":[{"embeddable":true,"href":"https:\/\/tvbrazilusa.com\/pt\/wp-json\/wp\/v2\/comments?post=89956"}],"version-history":[{"count":1,"href":"https:\/\/tvbrazilusa.com\/pt\/wp-json\/wp\/v2\/posts\/89956\/revisions"}],"predecessor-version":[{"id":89958,"href":"https:\/\/tvbrazilusa.com\/pt\/wp-json\/wp\/v2\/posts\/89956\/revisions\/89958"}],"wp:featuredmedia":[{"embeddable":true,"href":"https:\/\/tvbrazilusa.com\/pt\/wp-json\/wp\/v2\/media\/89957"}],"wp:attachment":[{"href":"https:\/\/tvbrazilusa.com\/pt\/wp-json\/wp\/v2\/media?parent=89956"}],"wp:term":[{"taxonomy":"category","embeddable":true,"href":"https:\/\/tvbrazilusa.com\/pt\/wp-json\/wp\/v2\/categories?post=89956"},{"taxonomy":"post_tag","embeddable":true,"href":"https:\/\/tvbrazilusa.com\/pt\/wp-json\/wp\/v2\/tags?post=89956"}],"curies":[{"name":"wp","href":"https:\/\/api.w.org\/{rel}","templated":true}]}}