{"id":89959,"date":"2025-01-10T00:43:23","date_gmt":"2025-01-10T00:43:23","guid":{"rendered":"https:\/\/tvbrazilusa.com\/2025\/01\/10\/segundo-sua-equipe-maria-corina-foi-pressionada-a-gravar-videos\/"},"modified":"2025-01-10T00:43:24","modified_gmt":"2025-01-10T00:43:24","slug":"segundo-sua-equipe-maria-corina-foi-pressionada-a-gravar-videos","status":"publish","type":"post","link":"https:\/\/tvbrazilusa.com\/pt\/2025\/01\/10\/segundo-sua-equipe-maria-corina-foi-pressionada-a-gravar-videos\/","title":{"rendered":"Segundo sua equipe, Mar\u00eda Corina foi pressionada a gravar v\u00eddeos"},"content":{"rendered":"<p> <script async src=\"https:\/\/pagead2.googlesyndication.com\/pagead\/js\/adsbygoogle.js?client=ca-pub-8864793242727901\"\r\n     crossorigin=\"anonymous\"><\/script><br \/>\n<\/p>\n<div id=\"taboola-read-more\" style=\"display:block; width:100%\">\n<p>A equipe de campanha de Mar\u00eda Corina Machado, Comando Con Venezuela, afirmou que a l\u00edder da oposi\u00e7\u00e3o foi obrigada a gravar v\u00e1rios v\u00eddeos, antes de ter sido libertada pelas for\u00e7as de seguran\u00e7a do regime chavista:\n<\/p>\n<p>\u201cHoje, dia 9 de janeiro, saindo da concentra\u00e7\u00e3o de Chacao, Caracas, Mar\u00eda Corina Machado foi interceptada e derrubada da motocicleta que dirigia. Armas de fogo detonadas no evento. Eles a levaram embora \u00e0 for\u00e7a. Durante o per\u00edodo do sequestro, ela foi obrigada a gravar v\u00e1rios v\u00eddeos e posteriormente foi libertada.\u201d, publicou no X.<\/p>\n<p>A equipe de campanha de Mar\u00eda Corina Machado, Comando Con Venezuela, afirmou que a l\u00edder da oposi\u00e7\u00e3o foi obrigada a gravar v\u00e1rios v\u00eddeos, antes de ter sido libertada pelas for\u00e7as de seguran\u00e7a do regime chavista:\n<\/p>\n<p>\u201cHoje, dia 9 de janeiro, saindo da concentra\u00e7\u00e3o de Chacao, Caracas, Mar\u00eda Corina Machado foi interceptada e derrubada da motocicleta que dirigia. Armas de fogo detonadas no evento. Eles a levaram embora \u00e0 for\u00e7a. Durante o per\u00edodo do sequestro, ela foi obrigada a gravar v\u00e1rios v\u00eddeos e posteriormente foi libertada.\u201d, publicou no X.\n<\/p>\n<p>Segundo o grupo, Mar\u00eda Corina \u201cse dirigir\u00e1 ao pa\u00eds para explicar os fatos\u201d nas pr\u00f3ximas horas.\n<\/p>\n<p>Nas redes sociais, um ve\u00edculo da ditadura de Maduro publicou um v\u00eddeo no qual a oposicionista dizia \u201cestar bem\u201d.\n<\/p>\n<p>Na tarde desta quinta-feira, 9, a equipe denunciou que Mar\u00eda Corina foi derrubada de uma moto ao sair de uma manifesta\u00e7\u00e3o do bairro de Chacao, em Caracas, e levada presa \u00e0 for\u00e7a.\n<\/p>\n<p>Ag\u00eancia estatal nega<br \/>Um ve\u00edculo oficial do regime chavista de Nicol\u00e1s Maduro negou que Mar\u00eda Corina teria sido sequestrada pelas for\u00e7as de seguran\u00e7a.\n<\/p>\n<p>No X, o perfil Ag\u00eancia Venezuela News publicou uma imagem em que a oposicionista estaria na garupa de uma motocicleta, enquanto um policial tirava foto dela:\n<\/p>\n<p>\u201cFontes oficiais negam que Mar\u00eda Corina Machado tenha sido detida e agredida neste dia 9 de janeiro\u201c, afirmou.\n<\/p>\n<p><strong>Manifesta\u00e7\u00f5es<\/strong><br \/>Escondida desde o dia 28 de agosto do ano passado, Mar\u00eda Corina reapareceu em atos pol\u00edticos nas ruas da capital Caracas e no munic\u00edpio de Chacao nesta quinta-feira, 9.\n<\/p>\n<p>As manifesta\u00e7\u00f5es ocorrem na v\u00e9spera de mais uma ileg\u00edtima posse do ditador Nicol\u00e1s Maduro.\n<\/p>\n<p>\u201cQue ningu\u00e9m tenha d\u00favida, o que far\u00e3o amanh\u00e3 marca o fim do regime\u201c, disse a opositora a milhares de venezuelanos em Cachao.\n<\/p>\n<p>Fonte: O Antagonista              <\/p>\n<\/div>\n<p><br \/>\n<br \/><a href=\"https:\/\/diariodobrasilnoticias.com.br\/noticia\/segundo-sua-equipe-maria-corina-foi-pressionada-a-gravar-videos-6780532668294\">Source link <\/a><\/p>","protected":false},"excerpt":{"rendered":"<p>A equipe de campanha de Mar\u00eda Corina Machado, Comando Con Venezuela, afirmou que a l\u00edder da oposi\u00e7\u00e3o foi obrigada a gravar v\u00e1rios v\u00eddeos, antes de ter sido libertada pelas for\u00e7as&hellip;<\/p>","protected":false},"author":1,"featured_media":89960,"comment_status":"closed","ping_status":"open","sticky":false,"template":"","format":"standard","meta":{"content-type":"","footnotes":""},"categories":[16],"tags":[123,2448,5313,1267],"class_list":["post-89959","post","type-post","status-publish","format-standard","has-post-thumbnail","hentry","category-noticias","tag-brasil","tag-diario","tag-noticia","tag-noticias"],"_links":{"self":[{"href":"https:\/\/tvbrazilusa.com\/pt\/wp-json\/wp\/v2\/posts\/89959","targetHints":{"allow":["GET"]}}],"collection":[{"href":"https:\/\/tvbrazilusa.com\/pt\/wp-json\/wp\/v2\/posts"}],"about":[{"href":"https:\/\/tvbrazilusa.com\/pt\/wp-json\/wp\/v2\/types\/post"}],"author":[{"embeddable":true,"href":"https:\/\/tvbrazilusa.com\/pt\/wp-json\/wp\/v2\/users\/1"}],"replies":[{"embeddable":true,"href":"https:\/\/tvbrazilusa.com\/pt\/wp-json\/wp\/v2\/comments?post=89959"}],"version-history":[{"count":1,"href":"https:\/\/tvbrazilusa.com\/pt\/wp-json\/wp\/v2\/posts\/89959\/revisions"}],"predecessor-version":[{"id":89961,"href":"https:\/\/tvbrazilusa.com\/pt\/wp-json\/wp\/v2\/posts\/89959\/revisions\/89961"}],"wp:featuredmedia":[{"embeddable":true,"href":"https:\/\/tvbrazilusa.com\/pt\/wp-json\/wp\/v2\/media\/89960"}],"wp:attachment":[{"href":"https:\/\/tvbrazilusa.com\/pt\/wp-json\/wp\/v2\/media?parent=89959"}],"wp:term":[{"taxonomy":"category","embeddable":true,"href":"https:\/\/tvbrazilusa.com\/pt\/wp-json\/wp\/v2\/categories?post=89959"},{"taxonomy":"post_tag","embeddable":true,"href":"https:\/\/tvbrazilusa.com\/pt\/wp-json\/wp\/v2\/tags?post=89959"}],"curies":[{"name":"wp","href":"https:\/\/api.w.org\/{rel}","templated":true}]}}