{"id":89962,"date":"2025-01-10T00:47:39","date_gmt":"2025-01-10T00:47:39","guid":{"rendered":"https:\/\/tvbrazilusa.com\/2025\/01\/10\/suprema-corte-rejeita-tentativa-de-trump-de-adiar-sentenca-em-caso-de-silencio-sobre-dinheiro-em-nova-york\/"},"modified":"2025-01-10T00:48:48","modified_gmt":"2025-01-10T00:48:48","slug":"suprema-corte-rejeita-tentativa-de-trump-de-adiar-sentenca-em-caso-de-silencio-sobre-dinheiro-em-nova-york","status":"publish","type":"post","link":"https:\/\/tvbrazilusa.com\/pt\/2025\/01\/10\/suprema-corte-rejeita-tentativa-de-trump-de-adiar-sentenca-em-caso-de-silencio-sobre-dinheiro-em-nova-york\/","title":{"rendered":"Suprema Corte rejeita tentativa de Trump de adiar senten\u00e7a em caso de sil\u00eancio sobre dinheiro em Nova York"},"content":{"rendered":"<p> <script async src=\"https:\/\/pagead2.googlesyndication.com\/pagead\/js\/adsbygoogle.js?client=ca-pub-8864793242727901\"\r\n     crossorigin=\"anonymous\"><\/script><br \/>\n<\/p>\n<div id=\"\">\n<header class=\"m-article-header m-article-header--standard\">\n\t\t\t\t\t\t\t\t\t\t\t\t<span id=\"article-header-primary-term\"><br \/>\n\t\t\t\t\t\t\t\t<a class=\"a-term a-term--primary\" href=\"https:\/\/www.boston.com\/tag\/politics\/\"><\/p>\n<p>\t\t\t\t\t\t\t\tPol\u00edtica\t\t\t\t\t\t\t\t<\/a><br \/>\n\t\t\t\t\t\t\t<\/span><\/p>\n<h2 class=\"m-article-header__sub-headline\">O presidente do tribunal, John Roberts, e a ju\u00edza Amy Coney Barrett juntaram-se aos tr\u00eas liberais do tribunal para rejeitar sua mo\u00e7\u00e3o de emerg\u00eancia.<\/h2>\n<figure class=\"a-photo m-article-header__photo\"><figcaption class=\"a-photo__caption\">\n<p>\tO presidente eleito Donald Trump fala com rep\u00f3rteres ap\u00f3s uma reuni\u00e3o com a lideran\u00e7a republicana no Capit\u00f3lio na quarta-feira, 8 de janeiro de 2025, em Washington.<em> AP Photo\/Jos\u00e9 Luis Magana<\/em>\t<\/figcaption><\/figure>\n<div class=\"m-article-header__meta\">\n<div class=\"m-article-header__byline\">\n<p class=\"m-article-header__author\">\n<p>\t\t\t\t\t\t\t\tPor LINDSAY WHITEHURST, MICHAEL HILL e MICHAEL R. SISAK, Associated Press\t\t\t\t\t\t\t<\/p>\n<p>\t\t\t\t\t\t\t\t\t\t\t\t\t\t\t<time class=\"m-article-header__date\"><\/p>\n<p>\t\t\t\t\t\t\t\t\t9 de janeiro de 2025\t\t\t\t\t\t\t\t<\/time><\/p>\n<p><span>2 minutos para ler<\/span><\/p>\n<\/p><\/div>\n<\/p><\/div>\n<\/header>\n<p>WASHINGTON (AP) \u2013 Uma Suprema Corte dividida rejeitou na quinta-feira <a href=\"https:\/\/www.boston.com\/tag\/donald-trump\/\">Presidente eleito<\/a> A tentativa de Donald Trump de atrasar sua senten\u00e7a em seu caso de sil\u00eancio em Nova York.<\/p>\n<p>A ordem 5-4 do tribunal abre caminho para o juiz Juan M. Merchan impor uma senten\u00e7a na sexta-feira a Trump, que foi condenado no que os promotores chamaram de tentativa de encobrir um pagamento secreto de US$ 130 mil ao ator porn\u00f4 Stormy Daniels. Trump negou qualquer liga\u00e7\u00e3o com Daniels ou qualquer irregularidade.<\/p>\n<p>O presidente do tribunal, John Roberts, e a ju\u00edza Amy Coney Barrett juntaram-se aos tr\u00eas liberais do tribunal para rejeitar sua mo\u00e7\u00e3o de emerg\u00eancia.<\/p>\n<p>Eles descobriram que sua senten\u00e7a n\u00e3o seria um fardo s\u00e9rio, j\u00e1 que Merchan indicou que n\u00e3o dar\u00e1 a Trump pena de pris\u00e3o, multas ou liberdade condicional. Os argumentos de Trump contra o veredicto, entretanto, podem ser tratados como parte do processo regular de recurso, concluiu a maioria.<\/p>\n<p>Os ju\u00edzes Clarence Thomas, Samuel Alito, Neil Gorsuch e Brett Kavanaugh teriam adiado a senten\u00e7a, afirma a ordem.<\/p>\n<p>Os advogados de Trump argumentaram que as provas utilizadas no julgamento de Manhattan violaram a decis\u00e3o do Supremo Tribunal do ver\u00e3o passado, que concedeu a Trump ampla imunidade de acusa\u00e7\u00e3o por atos que cometeu enquanto presidente.<\/p>\n<p>Pelo menos, disseram eles, a senten\u00e7a deveria ser adiada enquanto os seus apelos decorrem para evitar distrair Trump durante a transi\u00e7\u00e3o presidencial.<\/p>\n<p>Os promotores reagiram, dizendo que n\u00e3o h\u00e1 raz\u00e3o para o tribunal tomar a \u201cmedida extraordin\u00e1ria\u201d de intervir num caso estatal agora. Os advogados de Trump n\u00e3o demonstraram que uma audi\u00eancia virtual de uma hora seria uma perturba\u00e7\u00e3o grave, e uma pausa provavelmente significaria adiar o caso para al\u00e9m da posse, em 20 de janeiro, criando um atraso de anos na senten\u00e7a, se isso acontecer.<\/p>\n<p>Os advogados de Trump recorreram aos ju\u00edzes depois que os tribunais de Nova York se recusaram a adiar a senten\u00e7a, incluindo o mais alto tribunal do estado, na quinta-feira.<\/p>\n<p>Os ju\u00edzes de Nova Iorque conclu\u00edram que as condena\u00e7\u00f5es em 34 acusa\u00e7\u00f5es criminais de falsifica\u00e7\u00e3o de registos comerciais estavam relacionadas com assuntos pessoais e n\u00e3o com os actos oficiais de Trump como presidente. Daniels diz que teve um encontro sexual com Trump em 2006. Ele nega.<\/p>\n<p>Os advogados de Trump consideraram o caso com motiva\u00e7\u00e3o pol\u00edtica e disseram que conden\u00e1-lo agora seria uma \u201cgrave injusti\u00e7a\u201d que amea\u00e7a perturbar a transi\u00e7\u00e3o presidencial enquanto o republicano se prepara para regressar \u00e0 Casa Branca.<\/p>\n<p>Trump \u00e9 representado por D. John Sauer, seu escolhido para ser o procurador-geral, que representa o governo perante o tribunal superior.<\/p>\n<p>Sauer tamb\u00e9m defendeu Trump no processo criminal separado que o acusa de tentar anular os resultados das elei\u00e7\u00f5es de 2020, o que resultou na opini\u00e3o de imunidade do Supremo Tribunal.<\/p>\n<p>Os advogados de defesa citaram essa opini\u00e3o ao argumentar que algumas das provas usadas contra ele no julgamento do sil\u00eancio deveriam ter sido protegidas pela imunidade presidencial. Isso inclui depoimentos de alguns assessores da Casa Branca e postagens nas redes sociais feitas enquanto ele estava no cargo.<\/p>\n<p>A decis\u00e3o ocorre um dia depois de o juiz Alito confirmar que recebeu um telefonema de Trump um dia antes de os advogados do presidente eleito apresentarem sua mo\u00e7\u00e3o de emerg\u00eancia perante o tribunal superior. O juiz disse que a liga\u00e7\u00e3o era sobre um escriv\u00e3o, e n\u00e3o sobre casos futuros ou atuais.<\/p>\n<p><em>Sisak relatou de Nova York, Hill de Albany, Nova York. O redator da Associated Press, Mark Sherman, contribuiu para este relat\u00f3rio.<\/em><\/p>\n<div class=\"m-block m-generic-cta\t m-generic-cta--post-content\t m-generic-cta--dark\t m-generic-cta--homepage\t m-generic-cta--email-signup\t\t m-generic-cta-block-style--default \tt-amp__generic-cta\"><\/p>\n<div class=\"m-generic-cta__wrap\">\n<div class=\"m-generic-cta__content\">\n<h3 class=\"m-generic-cta__title\">Boston.com hoje<\/h3>\n<p class=\"m-generic-cta__subtitle\">Inscreva-se para receber as \u00faltimas manchetes em sua caixa de entrada todas as manh\u00e3s.<\/p>\n<\/p><\/div>\n<\/p><\/div>\n<\/div><\/div>\n<p><script>\n\t\tvar consent=\"grant\";\n\t\t\/* The above code is parsing the JSON data from the local storage and storing it in a variable. *\/\n\t\t\t\t\tconst onetrustStorageConsent = JSON.parse(localStorage.getItem( 'consent_one_trust_bdc' ) );\n\t\t\tif ( ( onetrustStorageConsent !== null ) ) {\n\t\t\t\t\/* Checking to see if the user has consented to the use of cookies.\n\t\t\t\t* If they have not, it is deleting the cookie.\n\t\t\t\t* This will comment for now, until further notice.\n\t\t\t\t*\/\n\t\t\t\t\/\/if ( onetrustStorageConsent.C0002 === false ) {\n\t\t\t\t\/\/\tdocument.cookie=\"_fbp=;expires=Thu, 01 Jan 2010 00:00:00 UTC; path=\/; domain=.boston.com\";\n\t\t\t\t\/\/}\n\t\t\t\t\/* Checking if the user has given consent for the cookie C0002.\n\t\t\t\t* If the user has given consent, the variable consent will be set to 'grant'.\n\t\t\t\t* If the user has not given consent,the variable consent will be set to 'revoke'.\n\t\t\t\t* Documentation https:\/\/developers.facebook.com\/docs\/meta-pixel\/implementation\/gdpr\n\t\t\t\t*\/\n\t\t\t\tif ( onetrustStorageConsent.C0002 !== true ) {\n\t\t\t\t\tconsent=\"revoke\";\n\t\t\t\t}\n\t\t\t}\n\t\t\t\t!function(f,b,e,v,n,t,s)\n\t\t{if(f.fbq)return;n=f.fbq=function(){n.callMethod?\n\t\tn.callMethod.apply(n,arguments):n.queue.push(arguments)};\n\t\tif(!f._fbq)f._fbq=n;n.push=n;n.loaded=!0;n.version='2.0';\n\t\tn.queue=[];t=b.createElement(e);t.async=!0;\n\t\tt.src=v;s=b.getElementsByTagName(e)[0];\n\t\ts.parentNode.insertBefore(t,s)}(window, document,'script',\n\t\t'https:\/\/connect.facebook.net\/en_US\/fbevents.js');\n\t\tfbq('consent', consent);\n\t\tfbq('init', '989222871864976');\n\t\tfbq('track', 'PageView');\n\t<\/script><script type=\"module\">\n\t\tvar consent=\"grant\";\n\t\t\/* The above code is parsing the JSON data from the local storage and storing it in a variable. *\/\n\t\t\tconst onetrustStorageConsent = JSON.parse(localStorage.getItem( 'consent_one_trust_bdc' ) );\n\t\t\t\/* Checking to see if the user has consented to the use of cookies.\n\t\t\t* If they have not, it is deleting the cookie.\n\t\t\t* This will comment for now, until further notice.\n\t\t\t*\/\n\t\t\t\/\/if ( onetrustStorageConsent.C0002 === false ) {\n\t\t\t\/\/\tdocument.cookie=\"_fbp=;expires=Thu, 01 Jan 2010 00:00:00 UTC; path=\/; domain=.boston.com\";\n\t\t\t\/\/}\n\t\t\t\/* Checking if the user has given consent for the cookie C0002.\n\t\t\t* If the user has given consent, the variable consent will be set to 'grant'.\n\t\t\t* If the user has not given consent,the variable consent will be set to 'revoke'.\n\t\t\t* Documentation https:\/\/developers.facebook.com\/docs\/meta-pixel\/implementation\/gdpr\n\t\t\t*\/\n\t\t\tif ( ( onetrustStorageConsent !== null ) && (onetrustStorageConsent.C0002 !== true ) ) {\n\t\t\t\tconsent=\"revoke\";\n\t\t\t}\n\t\t\t\t!function(f,b,e,v,n,t,s){if(f.fbq)return;n=f.fbq=function()\n\t\t{n.callMethod? n.callMethod.apply(n,arguments):n.queue.push(arguments)}\n\t\t;if(!f._fbq)f._fbq=n;\n\t\tn.push=n;n.loaded=!0;n.version='2.0';n.queue=[];t=b.createElement(e);t.async=!0;\n\t\tt.src=v;s=b.getElementsByTagName(e)[0];s.parentNode.insertBefore(t,s)}(window,\n\t\tdocument,'script','https:\/\/connect.facebook.net\/en_US\/fbevents.js');\n\t\tfbq('consent', consent);\n\t\tfbq('init', '813236348753005');\n\t\tfbq('track', \"PageView\");\n\t<\/script><br \/>\n<br \/><br \/>\n<br \/><a href=\"https:\/\/www.boston.com\/news\/politics\/2025\/01\/09\/supreme-court-rejects-trumps-bid-to-delay-sentencing-in-his-new-york-hush-money-case\/\">Source link <\/a><\/p>","protected":false},"excerpt":{"rendered":"<p>Pol\u00edtica O presidente do tribunal, John Roberts, e a ju\u00edza Amy Coney Barrett juntaram-se aos tr\u00eas liberais do tribunal para rejeitar sua mo\u00e7\u00e3o de emerg\u00eancia. O presidente eleito Donald Trump&hellip;<\/p>","protected":false},"author":1,"featured_media":89963,"comment_status":"closed","ping_status":"open","sticky":false,"template":"","format":"standard","meta":{"content-type":"","footnotes":""},"categories":[1],"tags":[],"class_list":["post-89962","post","type-post","status-publish","format-standard","has-post-thumbnail","hentry","category-uncategorized"],"_links":{"self":[{"href":"https:\/\/tvbrazilusa.com\/pt\/wp-json\/wp\/v2\/posts\/89962","targetHints":{"allow":["GET"]}}],"collection":[{"href":"https:\/\/tvbrazilusa.com\/pt\/wp-json\/wp\/v2\/posts"}],"about":[{"href":"https:\/\/tvbrazilusa.com\/pt\/wp-json\/wp\/v2\/types\/post"}],"author":[{"embeddable":true,"href":"https:\/\/tvbrazilusa.com\/pt\/wp-json\/wp\/v2\/users\/1"}],"replies":[{"embeddable":true,"href":"https:\/\/tvbrazilusa.com\/pt\/wp-json\/wp\/v2\/comments?post=89962"}],"version-history":[{"count":1,"href":"https:\/\/tvbrazilusa.com\/pt\/wp-json\/wp\/v2\/posts\/89962\/revisions"}],"predecessor-version":[{"id":89964,"href":"https:\/\/tvbrazilusa.com\/pt\/wp-json\/wp\/v2\/posts\/89962\/revisions\/89964"}],"wp:featuredmedia":[{"embeddable":true,"href":"https:\/\/tvbrazilusa.com\/pt\/wp-json\/wp\/v2\/media\/89963"}],"wp:attachment":[{"href":"https:\/\/tvbrazilusa.com\/pt\/wp-json\/wp\/v2\/media?parent=89962"}],"wp:term":[{"taxonomy":"category","embeddable":true,"href":"https:\/\/tvbrazilusa.com\/pt\/wp-json\/wp\/v2\/categories?post=89962"},{"taxonomy":"post_tag","embeddable":true,"href":"https:\/\/tvbrazilusa.com\/pt\/wp-json\/wp\/v2\/tags?post=89962"}],"curies":[{"name":"wp","href":"https:\/\/api.w.org\/{rel}","templated":true}]}}