{"id":89968,"date":"2025-01-10T00:31:16","date_gmt":"2025-01-10T00:31:16","guid":{"rendered":"https:\/\/tvbrazilusa.com\/2025\/01\/10\/principal-candidato-a-treinador-principal-supostamente-recusa-pedido-de-entrevista-com-patriots\/"},"modified":"2025-01-10T01:01:16","modified_gmt":"2025-01-10T01:01:16","slug":"principal-candidato-a-treinador-principal-supostamente-recusa-pedido-de-entrevista-com-patriots","status":"publish","type":"post","link":"https:\/\/tvbrazilusa.com\/pt\/2025\/01\/10\/principal-candidato-a-treinador-principal-supostamente-recusa-pedido-de-entrevista-com-patriots\/","title":{"rendered":"Principal candidato a treinador principal supostamente recusa pedido de entrevista com Patriots"},"content":{"rendered":"<p> <script async src=\"https:\/\/pagead2.googlesyndication.com\/pagead\/js\/adsbygoogle.js?client=ca-pub-8864793242727901\"\r\n     crossorigin=\"anonymous\"><\/script><br \/>\n<\/p>\n<div id=\"\">\n<header class=\"m-article-header m-article-header--standard\">\n\t\t\t\t\t\t\t\t\t\t\t\t<span id=\"article-header-primary-term\"><br \/>\n\t\t\t\t\t\t\t\t<a class=\"a-term a-term--primary\" href=\"https:\/\/www.boston.com\/tag\/new-england-patriots\/\"><\/p>\n<p>\t\t\t\t\t\t\t\tPatriotas\t\t\t\t\t\t\t\t<\/a><br \/>\n\t\t\t\t\t\t\t<\/span><\/p>\n<h2 class=\"m-article-header__sub-headline\">Espera-se que Aaron Glenn entreviste cinco times da NFL esta semana.<\/h2>\n<figure class=\"a-photo m-article-header__photo\"><figcaption class=\"a-photo__caption\">\n<p>\tAaron Glenn supostamente recusou uma entrevista com os Patriots. <em> (Foto AP\/Jacob Kupferman)<\/em>\t<\/figcaption><\/figure>\n<\/header>\n<p>Um dos candidatos a treinador da NFL mais procurados nesta entressafra n\u00e3o est\u00e1 interessado nos Patriots. <\/p>\n<p>De acordo com Tom Pelissero, da NFL Network, o coordenador defensivo do Detroit Lions, Aaron Glenn <a target=\"_blank\" href=\"https:\/\/x.com\/TomPelissero\/status\/1877477462809948495\" rel=\"noreferrer noopener\">recusou um pedido de entrevista da Nova Inglaterra.<\/a> <\/p>\n<p><a href=\"https:\/\/x.com\/AdamSchefter\/status\/1877476549005295764\" target=\"_blank\" rel=\"noreferrer noopener\">Adam Schefter da ESPN notado no X<\/a> que Glenn j\u00e1 tem cinco entrevistas marcadas esta semana com os Jets, Saints, Raiders, Jaguars e Bears &#8211; tornando a Nova Inglaterra a \u00fanica NFL com uma vaga de treinador principal que supostamente n\u00e3o conseguir\u00e1 uma entrevista com ele. <\/p>\n<p>Os Patriotas supostamente <a href=\"https:\/\/www.boston.com\/sports\/new-england-patriots\/2025\/01\/08\/aaron-glenn-new-england-patriots-head-coach-search-nfl-football-detroit-lions-ben-johnson\/\" target=\"_blank\" rel=\"noreferrer noopener\">solicitou uma entrevista com Glenn na quarta-feira,<\/a> dois dias depois de a equipe tamb\u00e9m ter solicitado uma entrevista com o colega de Glenn, <a href=\"https:\/\/www.boston.com\/sports\/new-england-patriots\/2025\/01\/08\/new-england-patriots-ben-johnson-head-coach-search-mike-vrabel\/\" target=\"_blank\" rel=\"noreferrer noopener\">O coordenador ofensivo do Lions, Ben Johnson. <\/a><\/p>\n<p>Nova Inglaterra <a target=\"_blank\" href=\"https:\/\/x.com\/Patriots\/status\/1876742776185905380\" rel=\"noreferrer noopener\">j\u00e1 realizou tr\u00eas entrevistas<\/a> para a vaga de treinador principal, come\u00e7ando com duas reuni\u00f5es presenciais com o ex-coordenador ofensivo dos Buccaneers, Byron Leftwich, e o antigo assistente t\u00e9cnico da NFL, Pep Hamilton, na ter\u00e7a-feira. <\/p>\n<p>Os Patriots tamb\u00e9m confirmaram na quinta-feira que entrevistaram o l\u00edder Mike Vrabel em Boston. Espera-se que Johnson se encontre com <a href=\"https:\/\/www.bostonglobe.com\/2025\/01\/09\/sports\/patriots-coaching-search-tracker\/\" target=\"_blank\" rel=\"noreferrer noopener\">Nova Inglaterra virtualmente na sexta-feira. <\/a><\/p>\n<figure class=\"wp-block-embed is-type-rich is-provider-twitter wp-block-embed-twitter\"\/>\n<p>Espera-se que Glenn seja muito procurado durante este \u00faltimo carrossel de treinamento, dado seu papel em transformar a defesa do Detroit em uma unidade robusta em 2024. <\/p>\n<p>Agora em sua quarta temporada no cargo, Glenn liderou uma defesa de Detroit que ocupa o s\u00e9timo lugar na NFL com o menor n\u00famero de pontos permitidos em 2024 \u2013 mesmo com a equipe caminhando por um ano em que Aidan Hutchinson e cinco outros titulares ca\u00edram na reserva por les\u00e3o. <\/p>\n<p>\u201cEle \u00e9 um treinador t\u00e3o bom quanto voc\u00ea vai descobrir,\u201d <a href=\"https:\/\/www.freep.com\/story\/sports\/nfl\/lions\/2025\/01\/08\/dan-campbell-stumps-for-detroit-lions-dc-aaron-glenn-to-get-nfl-head-coaching-gig\/77518850007\/\">O t\u00e9cnico do Lions, Dan Campbell, disse sobre Glenn na quarta-feira.<\/a> \u201cEle \u00e9 um ser humano ainda melhor. Se ningu\u00e9m o quiser, eu o levarei de novo, isso posso te dizer agora mesmo. Mas a ideia de passar por outro ciclo e n\u00e3o ser o treinador principal de algu\u00e9m \u00e9 rid\u00edcula.\u201d<\/p>\n<p>Embora o pedido de \u00faltima hora da Nova Inglaterra para uma conversa com Glenn possa ter custado-lhes uma entrevista, um relat\u00f3rio do <a href=\"https:\/\/bostonsportsjournal.com\/2025\/01\/09\/giardi-mikes-musings-on-the-coaching-search-and-another-example-of-why-vrabel-is-the-right-guy-going-forward\">Mike Giardi do Boston Sports Journal <\/a>pintou o interesse relatado dos Patriots em Glenn como mais uma decis\u00e3o baseada na \u00f3ptica. <\/p>\n<p>\u201cH\u00e1 muitas reviravoltas sobre o processo dos Pats para encontrar seu pr\u00f3ximo treinador principal\u201d, escreveu Giardi na quinta-feira. \u201cAs entrevistas de Pep Hamilton e Byron Leftwich foram \u201cpouco s\u00e9rias\u201d, segundo um executivo da liga, e outro acreditou que eles \u201cfizeram um trabalho s\u00f3lido\u201d para os agentes, ao mesmo tempo que cumpriram rapidamente a Regra Rooney. <\/p>\n<p>\u201cQuanto ao pedido relatado de quarta-feira para o Lions DC Aaron Glenn, h\u00e1 uma cren\u00e7a de que esta \u00e9 uma manobra \u201cCYA (Cubra sua bunda)\u201d dos Pats depois de sentir alguma dor nos c\u00edrculos da liga e de tipos de m\u00eddia consequentes.\u201d<\/p>\n<p>Ao entrevistar Hamilton e Leftwich na ter\u00e7a-feira, os Patriots cumpriram os requisitos da Regra Rooney \u2013 a pol\u00edtica da NFL que exige que as equipes conduzam entrevistas pessoais com pelo menos dois candidatos externos de minorias.<\/p>\n<p>A Nova Inglaterra agora tem luz verde para contratar um treinador principal imediatamente \u2013 o que pode acontecer nos pr\u00f3ximos dias, ap\u00f3s entrevistar Vrabel e Johnson.<\/p>\n<div class=\"o-author-single has-avatar\">\n<header class=\"m-author-card\">\n<div class=\"a-image a-image--square m-author-card__image\">\n\t\t<img decoding=\"async\" class=\"\" src=\"https:\/\/www.boston.com\/wp-content\/uploads\/2023\/05\/Headshot_Conor-645c0406ed6cb-scaled.jpg\" alt=\"Imagem do perfil de Conor Ryan\"\/>\t<\/div>\n<\/header>\n<section class=\"author-info\">\n<div class=\"m-author__section\">\n<p>Conor Ryan \u00e9 redator da equipe que cobre Bruins, Celtics, Patriots e Red Sox para Boston.com, fun\u00e7\u00e3o que ocupa desde 2023.<\/p>\n<\/div>\n<\/section>\n<\/div>\n<div class=\"m-block m-generic-cta\t m-generic-cta--post-content\t m-generic-cta--dark\t m-generic-cta--homepage\t m-generic-cta--email-signup\t\t m-generic-cta-block-style--default \tt-amp__generic-cta\"><\/p>\n<div class=\"m-generic-cta__wrap\">\n<div class=\"m-generic-cta__content\">\n<h3 class=\"m-generic-cta__title\">Boston.com hoje<\/h3>\n<p class=\"m-generic-cta__subtitle\">Inscreva-se para receber as \u00faltimas manchetes em sua caixa de entrada todas as manh\u00e3s.<\/p>\n<\/p><\/div>\n<\/p><\/div>\n<\/div><\/div>\n<p><script>\n\t\tvar consent=\"grant\";\n\t\t\/* The above code is parsing the JSON data from the local storage and storing it in a variable. *\/\n\t\t\t\t\tconst onetrustStorageConsent = JSON.parse(localStorage.getItem( 'consent_one_trust_bdc' ) );\n\t\t\tif ( ( onetrustStorageConsent !== null ) ) {\n\t\t\t\t\/* Checking to see if the user has consented to the use of cookies.\n\t\t\t\t* If they have not, it is deleting the cookie.\n\t\t\t\t* This will comment for now, until further notice.\n\t\t\t\t*\/\n\t\t\t\t\/\/if ( onetrustStorageConsent.C0002 === false ) {\n\t\t\t\t\/\/\tdocument.cookie=\"_fbp=;expires=Thu, 01 Jan 2010 00:00:00 UTC; path=\/; domain=.boston.com\";\n\t\t\t\t\/\/}\n\t\t\t\t\/* Checking if the user has given consent for the cookie C0002.\n\t\t\t\t* If the user has given consent, the variable consent will be set to 'grant'.\n\t\t\t\t* If the user has not given consent,the variable consent will be set to 'revoke'.\n\t\t\t\t* Documentation https:\/\/developers.facebook.com\/docs\/meta-pixel\/implementation\/gdpr\n\t\t\t\t*\/\n\t\t\t\tif ( onetrustStorageConsent.C0002 !== true ) {\n\t\t\t\t\tconsent=\"revoke\";\n\t\t\t\t}\n\t\t\t}\n\t\t\t\t!function(f,b,e,v,n,t,s)\n\t\t{if(f.fbq)return;n=f.fbq=function(){n.callMethod?\n\t\tn.callMethod.apply(n,arguments):n.queue.push(arguments)};\n\t\tif(!f._fbq)f._fbq=n;n.push=n;n.loaded=!0;n.version='2.0';\n\t\tn.queue=[];t=b.createElement(e);t.async=!0;\n\t\tt.src=v;s=b.getElementsByTagName(e)[0];\n\t\ts.parentNode.insertBefore(t,s)}(window, document,'script',\n\t\t'https:\/\/connect.facebook.net\/en_US\/fbevents.js');\n\t\tfbq('consent', consent);\n\t\tfbq('init', '989222871864976');\n\t\tfbq('track', 'PageView');\n\t<\/script><script type=\"module\">\n\t\tvar consent=\"grant\";\n\t\t\/* The above code is parsing the JSON data from the local storage and storing it in a variable. *\/\n\t\t\tconst onetrustStorageConsent = JSON.parse(localStorage.getItem( 'consent_one_trust_bdc' ) );\n\t\t\t\/* Checking to see if the user has consented to the use of cookies.\n\t\t\t* If they have not, it is deleting the cookie.\n\t\t\t* This will comment for now, until further notice.\n\t\t\t*\/\n\t\t\t\/\/if ( onetrustStorageConsent.C0002 === false ) {\n\t\t\t\/\/\tdocument.cookie=\"_fbp=;expires=Thu, 01 Jan 2010 00:00:00 UTC; path=\/; domain=.boston.com\";\n\t\t\t\/\/}\n\t\t\t\/* Checking if the user has given consent for the cookie C0002.\n\t\t\t* If the user has given consent, the variable consent will be set to 'grant'.\n\t\t\t* If the user has not given consent,the variable consent will be set to 'revoke'.\n\t\t\t* Documentation https:\/\/developers.facebook.com\/docs\/meta-pixel\/implementation\/gdpr\n\t\t\t*\/\n\t\t\tif ( ( onetrustStorageConsent !== null ) && (onetrustStorageConsent.C0002 !== true ) ) {\n\t\t\t\tconsent=\"revoke\";\n\t\t\t}\n\t\t\t\t!function(f,b,e,v,n,t,s){if(f.fbq)return;n=f.fbq=function()\n\t\t{n.callMethod? n.callMethod.apply(n,arguments):n.queue.push(arguments)}\n\t\t;if(!f._fbq)f._fbq=n;\n\t\tn.push=n;n.loaded=!0;n.version='2.0';n.queue=[];t=b.createElement(e);t.async=!0;\n\t\tt.src=v;s=b.getElementsByTagName(e)[0];s.parentNode.insertBefore(t,s)}(window,\n\t\tdocument,'script','https:\/\/connect.facebook.net\/en_US\/fbevents.js');\n\t\tfbq('consent', consent);\n\t\tfbq('init', '813236348753005');\n\t\tfbq('track', \"PageView\");\n\t<\/script><br \/>\n<br \/><br \/>\n<br \/><a href=\"https:\/\/www.boston.com\/sports\/new-england-patriots\/2025\/01\/09\/aaron-glenn-new-england-patriots-jerod-mayo-ben-johnson-mike-vrabel\/\">Source link <\/a><\/p>","protected":false},"excerpt":{"rendered":"<p>Patriotas Espera-se que Aaron Glenn entreviste cinco times da NFL esta semana. Aaron Glenn supostamente recusou uma entrevista com os Patriots. (Foto AP\/Jacob Kupferman) Um dos candidatos a treinador da&hellip;<\/p>","protected":false},"author":1,"featured_media":89969,"comment_status":"closed","ping_status":"open","sticky":false,"template":"","format":"standard","meta":{"content-type":"","footnotes":""},"categories":[1],"tags":[],"class_list":["post-89968","post","type-post","status-publish","format-standard","has-post-thumbnail","hentry","category-uncategorized"],"_links":{"self":[{"href":"https:\/\/tvbrazilusa.com\/pt\/wp-json\/wp\/v2\/posts\/89968","targetHints":{"allow":["GET"]}}],"collection":[{"href":"https:\/\/tvbrazilusa.com\/pt\/wp-json\/wp\/v2\/posts"}],"about":[{"href":"https:\/\/tvbrazilusa.com\/pt\/wp-json\/wp\/v2\/types\/post"}],"author":[{"embeddable":true,"href":"https:\/\/tvbrazilusa.com\/pt\/wp-json\/wp\/v2\/users\/1"}],"replies":[{"embeddable":true,"href":"https:\/\/tvbrazilusa.com\/pt\/wp-json\/wp\/v2\/comments?post=89968"}],"version-history":[{"count":1,"href":"https:\/\/tvbrazilusa.com\/pt\/wp-json\/wp\/v2\/posts\/89968\/revisions"}],"predecessor-version":[{"id":89970,"href":"https:\/\/tvbrazilusa.com\/pt\/wp-json\/wp\/v2\/posts\/89968\/revisions\/89970"}],"wp:featuredmedia":[{"embeddable":true,"href":"https:\/\/tvbrazilusa.com\/pt\/wp-json\/wp\/v2\/media\/89969"}],"wp:attachment":[{"href":"https:\/\/tvbrazilusa.com\/pt\/wp-json\/wp\/v2\/media?parent=89968"}],"wp:term":[{"taxonomy":"category","embeddable":true,"href":"https:\/\/tvbrazilusa.com\/pt\/wp-json\/wp\/v2\/categories?post=89968"},{"taxonomy":"post_tag","embeddable":true,"href":"https:\/\/tvbrazilusa.com\/pt\/wp-json\/wp\/v2\/tags?post=89968"}],"curies":[{"name":"wp","href":"https:\/\/api.w.org\/{rel}","templated":true}]}}