{"id":89974,"date":"2025-01-10T01:13:41","date_gmt":"2025-01-10T01:13:41","guid":{"rendered":"https:\/\/tvbrazilusa.com\/2025\/01\/10\/estatal-espacial-do-brasil-alada-tera-gasto-de-85-milhoes\/"},"modified":"2025-01-10T01:13:42","modified_gmt":"2025-01-10T01:13:42","slug":"estatal-espacial-do-brasil-alada-tera-gasto-de-85-milhoes","status":"publish","type":"post","link":"https:\/\/tvbrazilusa.com\/pt\/2025\/01\/10\/estatal-espacial-do-brasil-alada-tera-gasto-de-85-milhoes\/","title":{"rendered":"Estatal espacial do Brasil, Alada, ter\u00e1 gasto de 85 milh\u00f5es"},"content":{"rendered":"<p> <script async src=\"https:\/\/pagead2.googlesyndication.com\/pagead\/js\/adsbygoogle.js?client=ca-pub-8864793242727901\"\r\n     crossorigin=\"anonymous\"><\/script><br \/>\n<\/p>\n<div id=\"taboola-read-more\" style=\"display:block; width:100%\">\n<p>A nova estatal para apoiar projetos aeroespaciais sancionada pelo presidente Luiz In\u00e1cio Lula da Silva (PT), que se chama Alada, ter\u00e1 um capital integralizado de R$ 85 milh\u00f5es nos cinco primeiros anos de atividade. A informa\u00e7\u00e3o foi confirmada em exclusividade \u00e0 CNN pela For\u00e7a A\u00e9rea Brasileira (FAB).\n<\/p>\n<p>O montante ser\u00e1 oriundo de recursos or\u00e7ament\u00e1rios da FAB.<\/p>\n<p>A Alada deve atuar como gerenciadora de projetos aeroespaciais e atender demandas do setor espacial brasileiro, segundo a FAB. A not\u00edcia de uma nova estatal em meio \u00e0 discuss\u00e3o de um ajuste mais rigoroso nas contas p\u00fablicas n\u00e3o agradou o mercado financeiro.\n<\/p>\n<p>Como funcionar\u00e1 a estatal<br \/>A Alada \u00e9 subsidi\u00e1ria da NAV Brasil, vinculada ao Minist\u00e9rio da Defesa, com objetivo de administrar servi\u00e7os de tr\u00e1fego a\u00e9reo, o que era feito anteriormente pela Infraero at\u00e9 2020.\n<\/p>\n<p>J\u00e1 a Alada est\u00e1 focada em pesquisa, desenvolvimento e comercializa\u00e7\u00e3o de tecnologias aeroespaciais para \u201cfortalecer a atua\u00e7\u00e3o do Brasil no setor\u201d, conforme a lei sancionada na sexta-feira (3) e publicada no Di\u00e1rio Oficial da Uni\u00e3o.\n<\/p>\n<p>\u201cOutro ponto fundamental \u00e9 que a empresa poder\u00e1, por meio de capta\u00e7\u00e3o de financiamentos junto a entidades nacionais, fomentar a ind\u00fastria aeroespacial nacional, gerando oportunidades n\u00e3o apenas a empresas de maior porte, mas tamb\u00e9m para as startups nacionais atuantes no setor, inserindo-as em projetos aeroespaciais de interesse nacional, como desenvolvimento de ve\u00edculos espaciais, sat\u00e9lites ou sistemas de emprego aeroespacial\u201d, disse a FAB, em nota.\n<\/p>\n<p>A FAB informou ainda que gerar\u00e1 duas novas fontes de arrecada\u00e7\u00e3o ao governo. A primeira ser\u00e1 a partir dos tributos devidos em rela\u00e7\u00e3o aos servi\u00e7os prestados. E a segunda, com a distribui\u00e7\u00e3o de dividendos ao s\u00f3cio propriet\u00e1rio, que no caso \u00e9 o governo.\n<\/p>\n<p>Mais uma estatal?<br \/>O impacto da Alada no or\u00e7amento p\u00fablico n\u00e3o deve ser o foco dos investidores, segundo Renato Breia, s\u00f3cio fundador da Nord Wealth. O que atrai aten\u00e7\u00e3o do mercado financeiro \u00e9 a mensagem que o governo passa ao anunciar uma nova empresa enquanto as condi\u00e7\u00f5es financeiras n\u00e3o s\u00e3o favor\u00e1veis.\n<\/p>\n<p>\u201cEstamos em um momento de extremo descr\u00e9dito de solidez fiscal do pa\u00eds. O governo criou uma regra l\u00e1 atr\u00e1s, descumpriu e depois fez ajustes do lado da receita. Depois disse que faria um ajuste, que veio t\u00edmido, com uma ren\u00fancia fiscal maior do que o pr\u00f3prio an\u00fancio [do pacote fiscal], o que fez o juro disparar de 12% para 15%. O governo parece que n\u00e3o tem nenhuma no\u00e7\u00e3o de prioridade\u201d, afirmou Breia.\n<\/p>\n<p>O governo j\u00e1 come\u00e7a o ano sem or\u00e7amento p\u00fablico aprovado. Isso significa que a prioridade, por ora, \u00e9 o pagamento das despesas obrigat\u00f3rias e essenciais. O Projeto de Lei Or\u00e7ament\u00e1ria Anual (PLOA) deve ser votado em fevereiro, quando o Congresso volta do recesso parlamentar.\n<\/p>\n<p>Do lado do mercado financeiro, contudo, o clima de desconfian\u00e7a com o compromisso do governo com as contas p\u00fablicas continua gerando cautela entre os investidores. Para se ter uma ideia, a Bolsa de Valores Brasileira, a B3, registrou uma perda de R$ 24,2 bilh\u00f5es em investimentos estrangeiros em 2024, sendo a maior sa\u00edda l\u00edquida desde 2016, conforme dados da consultoria Elos Ayta.\n<\/p>\n<p>O que continua a preocupar o mercado financeiro \u00e9 o novo ciclo de alta da taxa b\u00e1sica de juros, a Selic \u2013 e um dos maiores juros reais do mundo \u2013, e a condu\u00e7\u00e3o do Banco Central sob o comando do indicado do presidente Lula, Gabriel Gal\u00edpolo. Al\u00e9m disso, a press\u00e3o sobre a taxa de c\u00e2mbio tamb\u00e9m continua no radar, que penaliza os ativos no mercado de a\u00e7\u00f5es.\n<\/p>\n<p>Por isso, o an\u00fancio da Alada nesse cen\u00e1rio acrescenta mais um ponto de descren\u00e7a com o rigor fiscal. Para Breia, a cria\u00e7\u00e3o da nova estatal nessa conjuntura econ\u00f4mica equivale a met\u00e1fora de um devedor que sai para jantar em um restaurante caro, a despeito da d\u00edvida que possui.\n<\/p>\n<p>\u201c\u00c9 como um jantar caro, que n\u00e3o vai quebrar o pa\u00eds, mas \u00e9 uma sinaliza\u00e7\u00e3o ruim, de ordem de prioridade\u201d, explica. \u201cEles [o governo] n\u00e3o resolveram a situa\u00e7\u00e3o fiscal, ent\u00e3o n\u00e3o tem dinheiro para isso agora. \u00c9 um gasto pequeno, pouco impacto no todo, mas mostra uma sinaliza\u00e7\u00e3o ruim e num setor que n\u00e3o est\u00e1 na prioridade do Brasil, ainda mais que temos um hist\u00f3rico ruim nessa empreitada. Investimentos aeroespaciais j\u00e1 deram errado\u201d.\n<\/p>\n<p>J\u00e1 o fundador da Ativo Investimentos, Diego Hernandez, disse que a nova estatal pode ampliar o hiato do produto, que \u00e9 a capacidade de crescimento da economia, mas desde que o governo mantenha o empenho na responsabilidade fiscal.\n<\/p>\n<p>\u201cApenas o investimento em ci\u00eancia, tecnologia e educa\u00e7\u00e3o conseguem retirar a economia de um estado estacion\u00e1rio e trazer crescimento econ\u00f4mico sustent\u00e1vel de longo prazo, aumentando a capacidade instalada da economia e ampliando o hiato do produto\u201d, afirma.\n<\/p>\n<p>\u201cEntretanto, esse investimento deve obedecer um or\u00e7amento preestabelecido de modo que o seja feito com responsabilidade fiscal, sobretudo no momento atual cujos olhares e crise de confian\u00e7a est\u00e3o focados em aumento de gastos\u201d, complementa Hernandez.\n<\/p>\n<p>Durante audi\u00eancia na C\u00e2mara dos Deputados, o Chefe da Terceira Subchefia do Estado-Maior da Aeron\u00e1utica (EMAER), Major-Brigadeiro do Ar Rodrigo Alvim de Oliveira, afirmou que a nova estatal pretende atrair investimentos para complementar os recursos p\u00fablicos.\n<\/p>\n<p>\u201cEsta empresa ter\u00e1 como principal atribui\u00e7\u00e3o a capacidade de atrair recursos privados para serem investidos no Brasil, complementando o or\u00e7amento p\u00fablico. Os recursos arrecadados ser\u00e3o reinvestidos no programa espacial brasileiro, trazendo benef\u00edcios para a \u00e1rea espacial, como ci\u00eancia e tecnologia, al\u00e9m de gerar impactos socioecon\u00f4micos positivos para a nossa popula\u00e7\u00e3o\u201d, destacou na ocasi\u00e3o.\n<\/p>\n<p>Fonte: CNN Brasil              <\/p>\n<\/div>\n<p><br \/>\n<br \/><a href=\"https:\/\/diariodobrasilnoticias.com.br\/noticia\/estatal-espacial-do-brasil-alada-tera-gasto-de-85-milhoes-678053d25a8c4\">Source link <\/a><\/p>","protected":false},"excerpt":{"rendered":"<p>A nova estatal para apoiar projetos aeroespaciais sancionada pelo presidente Luiz In\u00e1cio Lula da Silva (PT), que se chama Alada, ter\u00e1 um capital integralizado de R$ 85 milh\u00f5es nos cinco&hellip;<\/p>","protected":false},"author":1,"featured_media":89975,"comment_status":"closed","ping_status":"open","sticky":false,"template":"","format":"standard","meta":{"content-type":"","footnotes":""},"categories":[16],"tags":[123,2448,5313,1267],"class_list":["post-89974","post","type-post","status-publish","format-standard","has-post-thumbnail","hentry","category-noticias","tag-brasil","tag-diario","tag-noticia","tag-noticias"],"_links":{"self":[{"href":"https:\/\/tvbrazilusa.com\/pt\/wp-json\/wp\/v2\/posts\/89974","targetHints":{"allow":["GET"]}}],"collection":[{"href":"https:\/\/tvbrazilusa.com\/pt\/wp-json\/wp\/v2\/posts"}],"about":[{"href":"https:\/\/tvbrazilusa.com\/pt\/wp-json\/wp\/v2\/types\/post"}],"author":[{"embeddable":true,"href":"https:\/\/tvbrazilusa.com\/pt\/wp-json\/wp\/v2\/users\/1"}],"replies":[{"embeddable":true,"href":"https:\/\/tvbrazilusa.com\/pt\/wp-json\/wp\/v2\/comments?post=89974"}],"version-history":[{"count":1,"href":"https:\/\/tvbrazilusa.com\/pt\/wp-json\/wp\/v2\/posts\/89974\/revisions"}],"predecessor-version":[{"id":89976,"href":"https:\/\/tvbrazilusa.com\/pt\/wp-json\/wp\/v2\/posts\/89974\/revisions\/89976"}],"wp:featuredmedia":[{"embeddable":true,"href":"https:\/\/tvbrazilusa.com\/pt\/wp-json\/wp\/v2\/media\/89975"}],"wp:attachment":[{"href":"https:\/\/tvbrazilusa.com\/pt\/wp-json\/wp\/v2\/media?parent=89974"}],"wp:term":[{"taxonomy":"category","embeddable":true,"href":"https:\/\/tvbrazilusa.com\/pt\/wp-json\/wp\/v2\/categories?post=89974"},{"taxonomy":"post_tag","embeddable":true,"href":"https:\/\/tvbrazilusa.com\/pt\/wp-json\/wp\/v2\/tags?post=89974"}],"curies":[{"name":"wp","href":"https:\/\/api.w.org\/{rel}","templated":true}]}}