{"id":89977,"date":"2025-01-10T01:27:12","date_gmt":"2025-01-10T01:27:12","guid":{"rendered":"https:\/\/tvbrazilusa.com\/2025\/01\/10\/apos-zuckemberg-anunciar-que-mudara-regras-da-meta-acoes-da-companhia-se-mantem-estaveis\/"},"modified":"2025-01-10T01:27:14","modified_gmt":"2025-01-10T01:27:14","slug":"apos-zuckemberg-anunciar-que-mudara-regras-da-meta-acoes-da-companhia-se-mantem-estaveis","status":"publish","type":"post","link":"https:\/\/tvbrazilusa.com\/pt\/2025\/01\/10\/apos-zuckemberg-anunciar-que-mudara-regras-da-meta-acoes-da-companhia-se-mantem-estaveis\/","title":{"rendered":"Ap\u00f3s Zuckemberg anunciar que mudar\u00e1 regras da META a\u00e7\u00f5es da companhia se mant\u00e9m est\u00e1veis"},"content":{"rendered":"<p> <script async src=\"https:\/\/pagead2.googlesyndication.com\/pagead\/js\/adsbygoogle.js?client=ca-pub-8864793242727901\"\r\n     crossorigin=\"anonymous\"><\/script><br \/>\n<\/p>\n<div id=\"taboola-read-more\" style=\"display:block; width:100%\">\n<p>As a\u00e7\u00f5es da Meta amanheceram em queda nesta quarta-feira, 8, ap\u00f3s cederem 1,95% na sess\u00e3o de ontem, quando a empresa anunciou mudan\u00e7as em sua pol\u00edtica de checagem de informa\u00e7\u00f5es. Por volta das 11h30 (hor\u00e1rio de Bras\u00edlia), os pap\u00e9is cediam -1.32% na bolsa americana Nasdaq. A companhia disse que a decis\u00e3o visa \u201crestaurar a liberdade de express\u00e3o\u201d, em mais um gesto de aproxima\u00e7\u00e3o com o presidente eleito Donald Trump, que assumir\u00e1 o cargo no pr\u00f3ximo dia 20.\n<\/p>\n<p>A Meta, dona das redes socias Facebook, Instagram e Threads, vai encerrar seu programa de verifica\u00e7\u00e3o de fatos e adotar\u00e1 um modelo de Notas da Comunidade, semelhante ao da plataforma X, de Elon Musk. Nele, os pr\u00f3prios usu\u00e1rios adicionar\u00e3o contexto ou corre\u00e7\u00e3o \u00e0s publica\u00e7\u00f5es por meio de caixas de texto destacadas. O recurso ser\u00e1 lan\u00e7ado nos Estados Unidos nos pr\u00f3ximos meses.<\/p>\n<p>O programa de verifica\u00e7\u00e3o foi criado em 2016, \u00e9poca em que a empresa enfrentava esc\u00e2ndalos de dissemina\u00e7\u00e3o de desinforma\u00e7\u00e3o, sobretudo em campanhas eleitorais. Mais tarde, descobriu-se que, naquele ano, a empresa n\u00e3o impediu o vazamento de dados de 50 milh\u00f5es de pessoas para a empresa americana Cambridge Analytica. Essas informa\u00e7\u00f5es foram usadas, sem o consentimento dos usu\u00e1rios, para direcionar propaganda pol\u00edtica em favor de Donald Trump, \u00e0 \u00e9poca candidato \u00e0 presid\u00eancia dos Estados Unidos.\n<\/p>\n<p>Em um pronunciamento em v\u00eddeo nesta ter\u00e7a-feira, Mark Zuckerberg, CEO da Meta, afirmou que os verificadores independente t\u00eam sido \u201cpoliticamente tendenciosos\u201d e \u201cdestru\u00edram mais confian\u00e7a do que criaram, especialmente nos Estados Unidos\u201d. Zuckerberg tamb\u00e9m citou a vit\u00f3ria de Trump como um ponto de inflex\u00e3o para a pol\u00edtica de checagem. \u201cAs recentes elei\u00e7\u00f5es tamb\u00e9m parecem marcar um ponto de virada cultural em dire\u00e7\u00e3o a priorizar novamente a liberdade de express\u00e3o\u201d, disse.\n<\/p>\n<p>Trata-se de mais um movimento de aproxima\u00e7\u00e3o da Meta de Donald Trump, ap\u00f3s a empresa anunciar na segunda-feira a elei\u00e7\u00e3o de Dana White, CEO da Ultimate Fighting Championship (UFC) para seu quadro de conselheiros. O executivo \u00e9 conhecido por sua amizade com o presidente eleito.\n<\/p>\n<p>Atualmente cotadas a 618 d\u00f3lares, as a\u00e7\u00f5es da Meta fecharam 2024 em alta de quase 70% na Nasdaq, ap\u00f3s uma disparada de 190% em 2023. A companhia tem sido beneficiada pelo entusiasmo dos investidores com o avan\u00e7o da intelig\u00eancia artificial. Em um relat\u00f3rio publicado na segunda-feira, analistas do banco americano de investimentos Jeffries escreveram que a Meta deve ser \u201ca melhor aposta em IA no segmento de consumo\u201d em 2025 e elevaram o pre\u00e7o-alvo das a\u00e7\u00f5es da empresa de 675 d\u00f3lares para 715 d\u00f3lares.\n<\/p>\n<p>Fonte: Veja              <\/p>\n<\/div>\n<p><br \/>\n<br \/><a href=\"https:\/\/diariodobrasilnoticias.com.br\/noticia\/apos-zuckemberg-anunciar-que-mudara-regras-da-meta-acoes-da-companhia-se-mantem-estaveis-6780536c4ff64\">Source link <\/a><\/p>","protected":false},"excerpt":{"rendered":"<p>As a\u00e7\u00f5es da Meta amanheceram em queda nesta quarta-feira, 8, ap\u00f3s cederem 1,95% na sess\u00e3o de ontem, quando a empresa anunciou mudan\u00e7as em sua pol\u00edtica de checagem de informa\u00e7\u00f5es. Por&hellip;<\/p>","protected":false},"author":1,"featured_media":89978,"comment_status":"closed","ping_status":"open","sticky":false,"template":"","format":"standard","meta":{"content-type":"","footnotes":""},"categories":[16],"tags":[123,2448,5313,1267],"class_list":["post-89977","post","type-post","status-publish","format-standard","has-post-thumbnail","hentry","category-noticias","tag-brasil","tag-diario","tag-noticia","tag-noticias"],"_links":{"self":[{"href":"https:\/\/tvbrazilusa.com\/pt\/wp-json\/wp\/v2\/posts\/89977","targetHints":{"allow":["GET"]}}],"collection":[{"href":"https:\/\/tvbrazilusa.com\/pt\/wp-json\/wp\/v2\/posts"}],"about":[{"href":"https:\/\/tvbrazilusa.com\/pt\/wp-json\/wp\/v2\/types\/post"}],"author":[{"embeddable":true,"href":"https:\/\/tvbrazilusa.com\/pt\/wp-json\/wp\/v2\/users\/1"}],"replies":[{"embeddable":true,"href":"https:\/\/tvbrazilusa.com\/pt\/wp-json\/wp\/v2\/comments?post=89977"}],"version-history":[{"count":1,"href":"https:\/\/tvbrazilusa.com\/pt\/wp-json\/wp\/v2\/posts\/89977\/revisions"}],"predecessor-version":[{"id":89979,"href":"https:\/\/tvbrazilusa.com\/pt\/wp-json\/wp\/v2\/posts\/89977\/revisions\/89979"}],"wp:featuredmedia":[{"embeddable":true,"href":"https:\/\/tvbrazilusa.com\/pt\/wp-json\/wp\/v2\/media\/89978"}],"wp:attachment":[{"href":"https:\/\/tvbrazilusa.com\/pt\/wp-json\/wp\/v2\/media?parent=89977"}],"wp:term":[{"taxonomy":"category","embeddable":true,"href":"https:\/\/tvbrazilusa.com\/pt\/wp-json\/wp\/v2\/categories?post=89977"},{"taxonomy":"post_tag","embeddable":true,"href":"https:\/\/tvbrazilusa.com\/pt\/wp-json\/wp\/v2\/tags?post=89977"}],"curies":[{"name":"wp","href":"https:\/\/api.w.org\/{rel}","templated":true}]}}