{"id":8998,"date":"2024-07-26T15:17:53","date_gmt":"2024-07-26T15:17:53","guid":{"rendered":"https:\/\/tvbrazilusa.com\/2024\/07\/26\/joyce-didonato-estrela-em-eden-in-olympia-coincidindo-com-os-jogos-de-paris-um-apelo-a-acao-climatica\/"},"modified":"2024-07-26T15:29:42","modified_gmt":"2024-07-26T15:29:42","slug":"joyce-didonato-estrela-em-eden-in-olympia-coincidindo-com-os-jogos-de-paris-um-apelo-a-acao-climatica","status":"publish","type":"post","link":"https:\/\/tvbrazilusa.com\/pt\/2024\/07\/26\/joyce-didonato-estrela-em-eden-in-olympia-coincidindo-com-os-jogos-de-paris-um-apelo-a-acao-climatica\/","title":{"rendered":"Joyce DiDonato estrela em `Eden in Olympia&#39; coincidindo com os Jogos de Paris, um apelo \u00e0 a\u00e7\u00e3o clim\u00e1tica"},"content":{"rendered":"<script async src=\"https:\/\/pagead2.googlesyndication.com\/pagead\/js\/adsbygoogle.js?client=ca-pub-8864793242727901\"\r\n     crossorigin=\"anonymous\"><\/script>\n<div id=\"\">\n<p class=\"dist__Box-sc-1fnzlkn-0 dist__TextBase-sc-1fnzlkn-3 CGHCP htMUPQ article-text\"><strong>NOVA IORQUE<\/strong> \u2013 Enquanto grande parte do globo est\u00e1 focada no <a href=\"https:\/\/apnews.com\/hub\/2024-paris-olympic-games\">Olimp\u00edadas de Paris,<\/a> um filme filmado de <a href=\"https:\/\/whc.unesco.org\/en\/list\/517\/\">Ol\u00edmpia antiga<\/a> estrelado pela mezzo-soprano Joyce DiDonato estreou esta semana e usa a m\u00fasica para estimular a contempla\u00e7\u00e3o da cria\u00e7\u00e3o e da carnificina.<\/p>\n<p class=\"dist__Box-sc-1fnzlkn-0 dist__TextBase-sc-1fnzlkn-3 CGHCP htMUPQ article-text\">\u201cEden in Olympia\u201d abre colocando um par de perguntas enquanto o dia amanhece sobre um rio: \u201cNo cora\u00e7\u00e3o de Olympia, o sol acende a chama e a humanidade se une como uma. Aqui, a m\u00fasica e a natureza juntas demonstram o poder de existir em um mundo que prospera em harmonia e equil\u00edbrio. Atenderemos ao chamado? Retornaremos ao \u00c9den?\u201d<\/p>\n<p class=\"dist__Box-sc-1fnzlkn-0 dist__TextBase-sc-1fnzlkn-3 CGHCP htMUPQ article-text\">Em uma s\u00e9rie de cenas com m\u00fasica do barroco a &#8220;R\u00fcckert-Lieder&#8221;, de Mahler, passando por &#8220;A Primeira Manh\u00e3 do Mundo&#8221;, da vencedora do Oscar Rachel Portman, o diretor Olivier Simonnet visualiza a grava\u00e7\u00e3o de \u00e1udio de DiDonato lan\u00e7ada dois anos atr\u00e1s, um chamado \u00e0 a\u00e7\u00e3o sobre as mudan\u00e7as clim\u00e1ticas.<\/p>\n<p class=\"dist__Box-sc-1fnzlkn-0 dist__TextBase-sc-1fnzlkn-3 CGHCP htMUPQ article-text\">\u201cAcho reconfortante saber que esta n\u00e3o \u00e9 a primeira vez que enfrentamos coisas dif\u00edceis como esp\u00e9cie no planeta, mas temos o poder de consertar as coisas\u201d, disse DiDonato esta semana. \u201cVoc\u00eas d\u00e3o as m\u00e3os e levantam suas vozes juntos. Voc\u00eas criam algo harmonioso. Voc\u00eas apreciam a beleza. Voc\u00eas agradecem a tudo que lhes foi dado.\u201d<\/p>\n<p class=\"dist__Box-sc-1fnzlkn-0 dist__TextBase-sc-1fnzlkn-3 CGHCP htMUPQ article-text\">Sua primeira apari\u00e7\u00e3o \u00e9 encostada em uma \u00e1rvore frondosa, usando um vestido Zeus+Dione em tom de terra com um olhar de sonho e segurando galhos. Crian\u00e7as emergem da floresta com olhares de espanto para &#8220;The Unanswered Question&#8221; de Charles Ives, carregando lanternas de papel enquanto a escurid\u00e3o se transforma em amanhecer.<\/p>\n<p class=\"dist__Box-sc-1fnzlkn-0 dist__TextBase-sc-1fnzlkn-3 CGHCP htMUPQ article-text\">DiDonato parte por um campo, silhuetada por raios de sol, com uma c\u00e2mera drone filmando de cima. Ela para em ru\u00ednas de templo, cercada por \u00e1rvores id\u00edlicas com folhas rosas e verdes, enquanto a trilha sonora muda para a composi\u00e7\u00e3o de Portman de 2022.<\/p>\n<p class=\"dist__Box-sc-1fnzlkn-0 dist__TextBase-sc-1fnzlkn-3 CGHCP htMUPQ article-text\">M\u00fasicos se re\u00fanem, DiDonato canta enquanto crian\u00e7as trazem seus galhos, mas depois vai embora com l\u00e1grimas depois de coletar flores e \u00e9 recebida com olhares de desilus\u00e3o. Ao anoitecer, os m\u00fasicos tocam selvagemente durante a dan\u00e7a das f\u00farias de &#8220;Orfeo ed Euridice&#8221; de Gluck, usando pequenas lanternas nos bra\u00e7os que os faziam parecer vaga-lumes.<\/p>\n<p class=\"dist__Box-sc-1fnzlkn-0 dist__TextBase-sc-1fnzlkn-3 CGHCP htMUPQ article-text\">\u201cO p\u00fablico est\u00e1 ciente de que este \u00e9 um solo antigo que realmente deu origem aos ideais ol\u00edmpicos e convocou o melhor da humanidade\u201d, disse DiDonato. \u201cEu acho que essa presen\u00e7a, essa presen\u00e7a energ\u00e9tica no show, \u00e9 muito forte.\u201d<\/p>\n<p class=\"dist__Box-sc-1fnzlkn-0 dist__TextBase-sc-1fnzlkn-3 CGHCP htMUPQ article-text\">DiDonato come\u00e7ou a conceber \u201cEden\u201d em 2019, e a grava\u00e7\u00e3o com o maestro Maxim Emelyanychev e Il Pomo d&#39;Oro foi lan\u00e7ada em 2022. Ela rendeu a 11\u00aa indica\u00e7\u00e3o ao Grammy para o cantor de 55 anos, tr\u00eas vezes vencedor do Grammy.<\/p>\n<p class=\"dist__Box-sc-1fnzlkn-0 dist__TextBase-sc-1fnzlkn-3 CGHCP htMUPQ article-text\">Uma turn\u00ea subsequente incluiu cerca de quatro d\u00fazias de shows, com mais na Am\u00e9rica do Sul e na Europa programados para este ver\u00e3o.<\/p>\n<p class=\"dist__Box-sc-1fnzlkn-0 dist__TextBase-sc-1fnzlkn-3 CGHCP htMUPQ article-text\">A presidente do F\u00f3rum Mundial Humano, Alexandra Mitsotaki, e o diretor art\u00edstico\/criativo Myrto Vounatsou sugeriram o filme ap\u00f3s ouvir a entrevista de DiDonato durante uma apresenta\u00e7\u00e3o em Atenas em maio de 2023. Mitsotaki usou seus contatos para obter aprova\u00e7\u00e3o para filmar em Olympia uma semana antes do filme. <a href=\"https:\/\/apnews.com\/article\/olympics-flame-lighting-greece-6ba355b34a5c6c8e4d037fa00f3b1321\">acendimento da chama em 16 de abril<\/a>.<\/p>\n<p class=\"dist__Box-sc-1fnzlkn-0 dist__TextBase-sc-1fnzlkn-3 CGHCP htMUPQ article-text\">A maior parte da m\u00fasica vocal foi regravada na noite anterior ao in\u00edcio das filmagens. DiDonato chegou \u00e0s 3:30 da manh\u00e3 para maquiagem e as filmagens come\u00e7aram duas horas depois, ao nascer do sol.<\/p>\n<p class=\"dist__Box-sc-1fnzlkn-0 dist__TextBase-sc-1fnzlkn-3 CGHCP htMUPQ article-text\">\u201cFoi um grande salto de f\u00e9 porque depend\u00edamos completamente do clima\u201d, disse DiDonato. \u201cFilmamos tudo em dois dias e t\u00ednhamos uma agenda t\u00e3o apertada, e n\u00e3o pod\u00edamos nos dar ao luxo de passar de 10 minutos em nenhuma cena, e n\u00e3o fizemos isso.\u201d<\/p>\n<p class=\"dist__Box-sc-1fnzlkn-0 dist__TextBase-sc-1fnzlkn-3 CGHCP htMUPQ article-text\">O filme de 59 minutos de Simonnet foi lan\u00e7ado na Europa pela ARTE no \u00faltimo fim de semana, na ERT2 da Gr\u00e9cia na quinta-feira e no Carnegie Hall+ na sexta-feira.<\/p>\n<p class=\"dist__Box-sc-1fnzlkn-0 dist__TextBase-sc-1fnzlkn-3 CGHCP htMUPQ article-text\">\u201cA hist\u00f3ria que Joyce queria contar ao p\u00fablico no teatro era muito, muito conectada com os textos das m\u00fasicas\u201d, disse Simonnet. \u201cClaro que voc\u00ea pode ler o significado das m\u00fasicas, falando sobre harmonia e paz e coisas assim. Mas, no final do dia, talvez voc\u00ea possa esquecer o significado das m\u00fasicas e apenas ficar confort\u00e1vel e feliz com o que v\u00ea, a paisagem, esta bela cantora.\u201d<\/p>\n<p class=\"dist__Box-sc-1fnzlkn-0 dist__TextBase-sc-1fnzlkn-3 CGHCP htMUPQ article-text\">Tr\u00eas coros infantis aparecem: o Coro Infantil da \u00d3pera Nacional Grega, o coro Choeurs ECLATS da Fran\u00e7a e o El Sistema Gr\u00e9cia. DiDonato se junta a eles na edificante &#8220;Seeds of Hope&#8221; e no hino ol\u00edmpico que encerra o filme, cantado em grego, franc\u00eas e ingl\u00eas.<\/p>\n<p class=\"dist__Box-sc-1fnzlkn-0 dist__TextBase-sc-1fnzlkn-3 CGHCP htMUPQ article-text\">\u201cO que est\u00e1 nos fazendo vivenciar tanta divis\u00e3o, o que est\u00e1 nos fazendo n\u00e3o cuidar de n\u00f3s mesmos, uns dos outros, do nosso planeta? O que \u00e9 essa desconex\u00e3o dentro de n\u00f3s como sociedade que est\u00e1 permitindo que esse tipo de destrui\u00e7\u00e3o aconte\u00e7a?&#8221; ela disse. &#8220;Eu sempre recorro \u00e0 m\u00fasica quando estou procurando as grandes respostas. Mesmo que eu n\u00e3o as encontre, ela certamente me oferece conforto.\u201d<\/p>\n<\/div>\n<p>Copyright 2024 The Associated Press. Todos os direitos reservados. Este material n\u00e3o pode ser publicado, transmitido, reescrito ou redistribu\u00eddo sem permiss\u00e3o.<\/p>\n<p><br \/>\n<br \/><a href=\"https:\/\/www.clickorlando.com\/entertainment\/2024\/07\/26\/joyce-didonato-stars-in-eden-in-olympia-coinciding-with-paris-games-a-call-to-climate-action\/\">Source link <\/a><\/p>","protected":false},"excerpt":{"rendered":"<p>NOVA IORQUE \u2013 Enquanto grande parte do globo est\u00e1 focada no Olimp\u00edadas de Paris, um filme filmado de Ol\u00edmpia antiga estrelado pela mezzo-soprano Joyce DiDonato estreou esta semana e usa&hellip;<\/p>","protected":false},"author":1,"featured_media":8999,"comment_status":"closed","ping_status":"open","sticky":false,"template":"","format":"standard","meta":{"content-type":"","footnotes":""},"categories":[1],"tags":[1477,1360,1416,2053,2052],"class_list":["post-8998","post","type-post","status-publish","format-standard","has-post-thumbnail","hentry","category-uncategorized","tag-ambiente","tag-clima","tag-entretenimento","tag-joyce-didonato","tag-rachel-portman"],"_links":{"self":[{"href":"https:\/\/tvbrazilusa.com\/pt\/wp-json\/wp\/v2\/posts\/8998","targetHints":{"allow":["GET"]}}],"collection":[{"href":"https:\/\/tvbrazilusa.com\/pt\/wp-json\/wp\/v2\/posts"}],"about":[{"href":"https:\/\/tvbrazilusa.com\/pt\/wp-json\/wp\/v2\/types\/post"}],"author":[{"embeddable":true,"href":"https:\/\/tvbrazilusa.com\/pt\/wp-json\/wp\/v2\/users\/1"}],"replies":[{"embeddable":true,"href":"https:\/\/tvbrazilusa.com\/pt\/wp-json\/wp\/v2\/comments?post=8998"}],"version-history":[{"count":1,"href":"https:\/\/tvbrazilusa.com\/pt\/wp-json\/wp\/v2\/posts\/8998\/revisions"}],"predecessor-version":[{"id":9000,"href":"https:\/\/tvbrazilusa.com\/pt\/wp-json\/wp\/v2\/posts\/8998\/revisions\/9000"}],"wp:featuredmedia":[{"embeddable":true,"href":"https:\/\/tvbrazilusa.com\/pt\/wp-json\/wp\/v2\/media\/8999"}],"wp:attachment":[{"href":"https:\/\/tvbrazilusa.com\/pt\/wp-json\/wp\/v2\/media?parent=8998"}],"wp:term":[{"taxonomy":"category","embeddable":true,"href":"https:\/\/tvbrazilusa.com\/pt\/wp-json\/wp\/v2\/categories?post=8998"},{"taxonomy":"post_tag","embeddable":true,"href":"https:\/\/tvbrazilusa.com\/pt\/wp-json\/wp\/v2\/tags?post=8998"}],"curies":[{"name":"wp","href":"https:\/\/api.w.org\/{rel}","templated":true}]}}