{"id":90144,"date":"2025-01-10T14:07:33","date_gmt":"2025-01-10T14:07:33","guid":{"rendered":"https:\/\/tvbrazilusa.com\/2025\/01\/10\/em-caracas-lider-do-pt-celebra-posse-de-maduro-como-marco-historico\/"},"modified":"2025-01-10T14:07:34","modified_gmt":"2025-01-10T14:07:34","slug":"em-caracas-lider-do-pt-celebra-posse-de-maduro-como-marco-historico","status":"publish","type":"post","link":"https:\/\/tvbrazilusa.com\/pt\/2025\/01\/10\/em-caracas-lider-do-pt-celebra-posse-de-maduro-como-marco-historico\/","title":{"rendered":"Em Caracas, l\u00edder do PT celebra posse de Maduro como marco hist\u00f3rico"},"content":{"rendered":"<p> <script async src=\"https:\/\/pagead2.googlesyndication.com\/pagead\/js\/adsbygoogle.js?client=ca-pub-8864793242727901\"\r\n     crossorigin=\"anonymous\"><\/script><br \/>\n<\/p>\n<div id=\"taboola-read-more\" style=\"display:block; width:100%\">\n<p>Em meio a den\u00fancia da pris\u00e3o de Mar\u00eda Corina Machado, uma dirigente do Partido dos Trabalhadores (PT) chamou a posse de Nicol\u00e1s Maduro de \u201cmomento hist\u00f3rico\u201d para a soberania do pa\u00eds A declara\u00e7\u00e3o aconteceu nesta quinta-feira (9\/1), no momento em que os primeiros relatos da deten\u00e7\u00e3o da l\u00edder oposicionista come\u00e7aram a surgir.\n<\/p>\n<p>\u201cAos venezuelanos que nos acompanham, nosso mais profundo e caloroso abra\u00e7o fraterno de irm\u00e3os e irm\u00e3s de toda a Am\u00e9rica Latina e Caribe, nesse momento hist\u00f3rico em que o povo venezuelano toma em suas m\u00e3os sua soberania, sua liberta\u00e7\u00e3o, com a posse do presidente Nicol\u00e1s Maduro Moros\u201d, disse M\u00f4nica Valente durante reuni\u00e3o do Foro de S\u00e3o Paulo em Caracas.<\/p>\n<p>Valente \u00e9 a atual secret\u00e1ria executiva da organiza\u00e7\u00e3o, que re\u00fane partidos de esquerda. Ela tamb\u00e9m atua como membro do Diret\u00f3ria Nacional do Partidos dos Trabalhadores (PT).\n<\/p>\n<p>Pris\u00e3o de Mar\u00eda Corina<br \/>Ao mesmo tempo em que a diretora do PT parabenizava a vit\u00f3ria de Maduro, a oposi\u00e7\u00e3o venezuelana denunciava a pris\u00e3o de Mar\u00eda Corina Machado.\n<\/p>\n<p>De acordo com comunicado divulgado pelo Comando ConVzla, grupo que liderou a campanha contra Maduro, ela foi detida ao sair de uma manifesta\u00e7\u00e3o no bairro de Chacao, no estado de Miranda.\n<\/p>\n<p>Machado chegou a ser apontada como o principal nome para disputar o pleito de julho passado. Contudo, ela foi impedida de participar das elei\u00e7\u00f5es ap\u00f3s ser alvo de uma decis\u00e3o de Justi\u00e7a da Venezuela, comandada pelo chavismo.\n<\/p>\n<p>Durante a corrida presidencial, a ex-deputada apoiou a candidatura de Edmundo Gonz\u00e1lez, que foi for\u00e7ado a deixar o pa\u00eds. Ele buscou asilo pol\u00edtico na Espanha ap\u00f3s ser alvo de uma ordem de pris\u00e3o.\n<\/p>\n<p>Com o aumento da repress\u00e3o contra a oposi\u00e7\u00e3o, Machado entrou na clandestinidade e n\u00e3o e seu paradeiro era desconhecido. Ela fez sua primeira apari\u00e7\u00e3o em p\u00fablico, em cinco meses, nesta quinta, ao participar de uma manifesta\u00e7\u00e3o contra Maduro.<\/p>\n<p>Fonte: Metr\u00f3poles              <\/p>\n<\/div>\n<p><br \/>\n<br \/><a href=\"https:\/\/diariodobrasilnoticias.com.br\/noticia\/em-caracas-lider-do-pt-celebra-posse-de-maduro-como-marco-historico-67810b4078cc8\">Source link <\/a><\/p>","protected":false},"excerpt":{"rendered":"<p>Em meio a den\u00fancia da pris\u00e3o de Mar\u00eda Corina Machado, uma dirigente do Partido dos Trabalhadores (PT) chamou a posse de Nicol\u00e1s Maduro de \u201cmomento hist\u00f3rico\u201d para a soberania do&hellip;<\/p>","protected":false},"author":1,"featured_media":90145,"comment_status":"closed","ping_status":"open","sticky":false,"template":"","format":"standard","meta":{"content-type":"","footnotes":""},"categories":[16],"tags":[123,2448,5313,1267],"class_list":["post-90144","post","type-post","status-publish","format-standard","has-post-thumbnail","hentry","category-noticias","tag-brasil","tag-diario","tag-noticia","tag-noticias"],"_links":{"self":[{"href":"https:\/\/tvbrazilusa.com\/pt\/wp-json\/wp\/v2\/posts\/90144","targetHints":{"allow":["GET"]}}],"collection":[{"href":"https:\/\/tvbrazilusa.com\/pt\/wp-json\/wp\/v2\/posts"}],"about":[{"href":"https:\/\/tvbrazilusa.com\/pt\/wp-json\/wp\/v2\/types\/post"}],"author":[{"embeddable":true,"href":"https:\/\/tvbrazilusa.com\/pt\/wp-json\/wp\/v2\/users\/1"}],"replies":[{"embeddable":true,"href":"https:\/\/tvbrazilusa.com\/pt\/wp-json\/wp\/v2\/comments?post=90144"}],"version-history":[{"count":1,"href":"https:\/\/tvbrazilusa.com\/pt\/wp-json\/wp\/v2\/posts\/90144\/revisions"}],"predecessor-version":[{"id":90146,"href":"https:\/\/tvbrazilusa.com\/pt\/wp-json\/wp\/v2\/posts\/90144\/revisions\/90146"}],"wp:featuredmedia":[{"embeddable":true,"href":"https:\/\/tvbrazilusa.com\/pt\/wp-json\/wp\/v2\/media\/90145"}],"wp:attachment":[{"href":"https:\/\/tvbrazilusa.com\/pt\/wp-json\/wp\/v2\/media?parent=90144"}],"wp:term":[{"taxonomy":"category","embeddable":true,"href":"https:\/\/tvbrazilusa.com\/pt\/wp-json\/wp\/v2\/categories?post=90144"},{"taxonomy":"post_tag","embeddable":true,"href":"https:\/\/tvbrazilusa.com\/pt\/wp-json\/wp\/v2\/tags?post=90144"}],"curies":[{"name":"wp","href":"https:\/\/api.w.org\/{rel}","templated":true}]}}