{"id":90202,"date":"2025-01-10T16:09:18","date_gmt":"2025-01-10T16:09:18","guid":{"rendered":"https:\/\/tvbrazilusa.com\/2025\/01\/10\/lei-do-farol-passa-por-mudancas-veja-as-novas-regras\/"},"modified":"2025-01-10T16:09:20","modified_gmt":"2025-01-10T16:09:20","slug":"lei-do-farol-passa-por-mudancas-veja-as-novas-regras","status":"publish","type":"post","link":"https:\/\/tvbrazilusa.com\/pt\/2025\/01\/10\/lei-do-farol-passa-por-mudancas-veja-as-novas-regras\/","title":{"rendered":"Lei do farol passa por mudan\u00e7as: Veja as novas regras"},"content":{"rendered":"<p> <script async src=\"https:\/\/pagead2.googlesyndication.com\/pagead\/js\/adsbygoogle.js?client=ca-pub-8864793242727901\"\r\n     crossorigin=\"anonymous\"><\/script><br \/>\n<\/p>\n<div id=\"taboola-read-more\" style=\"display:block; width:100%\">\n<p>m 2021, as altera\u00e7\u00f5es trazidas pela Lei 14.071\/2020 mudaram significativamente o contexto do uso do farol durante o dia nas rodovias do Brasil. Contudo, essa atualiza\u00e7\u00e3o continua a provocar discuss\u00f5es entre os motoristas que desejam estar em conformidade com as regras e viajar com seguran\u00e7a.\n<\/p>\n<p>A atualiza\u00e7\u00e3o da legisla\u00e7\u00e3o surge como uma tentativa de adaptar as normas \u00e0 realidade das rodovias brasileiras, considerando aspectos como visibilidade, seguran\u00e7a e a tecnologia presente nos ve\u00edculos modernos.<\/p>\n<p><strong>Lei do Farol \u00e9 importante para a seguran\u00e7a vi\u00e1ria<\/strong>\n<\/p>\n<p>Em 2021, as altera\u00e7\u00f5es trazidas pela Lei 14.071\/2020 mudaram significativamente o contexto do uso do farol durante o dia nas rodovias do Brasil. Contudo, essa atualiza\u00e7\u00e3o continua a provocar discuss\u00f5es entre os motoristas que desejam estar em conformidade com as regras e viajar com seguran\u00e7a.\n<\/p>\n<p>A atualiza\u00e7\u00e3o da legisla\u00e7\u00e3o surge como uma tentativa de adaptar as normas \u00e0 realidade das rodovias brasileiras, considerando aspectos como visibilidade, seguran\u00e7a e a tecnologia presente nos ve\u00edculos modernos.\n<\/p>\n<p><strong>Lei do Farol \u00e9 importante para a seguran\u00e7a vi\u00e1ria<\/strong><br \/>A visibilidade \u00e9 um fator crucial na preven\u00e7\u00e3o de acidentes de tr\u00e2nsito. O uso de far\u00f3is durante o dia em certas rodovias aumenta significativamente a percep\u00e7\u00e3o dos ve\u00edculos pelos outros motoristas.\n<\/p>\n<p>Especialmente em \u00e9pocas de maior tr\u00e1fego, essa medida \u00e9 vital para minimizar riscos e garantir um fluxo mais seguro nas estradas.\n<\/p>\n<p><strong>Regras atuais para o uso de far\u00f3is<\/strong><br \/>De acordo com a legisla\u00e7\u00e3o vigente, o uso de far\u00f3is baixos durante o dia \u00e9 obrigat\u00f3rio em estradas de pista \u00fanica fora das \u00e1reas urbanas.\n<\/p>\n<p>Essa exig\u00eancia n\u00e3o se aplica a rodovias duplicadas e bem sinalizadas, onde a presen\u00e7a de pistas separadas por canteiro central diminui o risco de acidentes frontais.\n<\/p>\n<p>Ve\u00edculos com tecnologia DRL n\u00e3o precisam seguir as mesmas regras<br \/>Os ve\u00edculos equipados com luzes de condu\u00e7\u00e3o diurna (Daytime Running Light ou DRL) s\u00e3o uma exce\u00e7\u00e3o \u00e0 regra de far\u00f3is baixos durante o dia.\n<\/p>\n<p>Essa tecnologia permite que os ve\u00edculos mantenham sua visibilidade sem a necessidade dos far\u00f3is tradicionais, mas ainda assim exige far\u00f3is durante a noite, independentemente do modelo do carro.\n<\/p>\n<p><strong>Penalidades pela n\u00e3o conformidade com a lei do farol<\/strong><br \/>A falha em utilizar os far\u00f3is de acordo com a lei \u00e9 considerada uma infra\u00e7\u00e3o de categoria m\u00e9dia.\n<\/p>\n<p>As consequ\u00eancias incluem multas no valor de R$ 130,16 e a adi\u00e7\u00e3o de quatro pontos na Carteira Nacional de Habilita\u00e7\u00e3o (CNH) do condutor, al\u00e9m do risco de acidentes devido \u00e0 visibilidade reduzida.\n<\/p>\n<p><strong>Benef\u00edcios de usar far\u00f3is em diferentes condi\u00e7\u00f5es<\/strong><br \/>Mesmo que n\u00e3o exigido por lei em todas as circunst\u00e2ncias, o uso de far\u00f3is \u00e9 altamente recomendado em situa\u00e7\u00f5es de baixa visibilidade como nevoeiro, chuvas intensas, ou quando o sol est\u00e1 nascendo ou se pondo.\n<\/p>\n<p>Essa pr\u00e1tica ajuda a garantir que o ve\u00edculo seja notado por demais motoristas, aumentando a seguran\u00e7a de todos os usu\u00e1rios da estrada.<\/p>\n<p>Fonte: O antagonista              <\/p>\n<\/div>\n<p><br \/>\n<br \/><a href=\"https:\/\/diariodobrasilnoticias.com.br\/noticia\/lei-do-farol-passa-por-mudancas-veja-as-novas-regras-678122494e5cf\">Source link <\/a><\/p>","protected":false},"excerpt":{"rendered":"<p>m 2021, as altera\u00e7\u00f5es trazidas pela Lei 14.071\/2020 mudaram significativamente o contexto do uso do farol durante o dia nas rodovias do Brasil. Contudo, essa atualiza\u00e7\u00e3o continua a provocar discuss\u00f5es&hellip;<\/p>","protected":false},"author":1,"featured_media":90203,"comment_status":"closed","ping_status":"open","sticky":false,"template":"","format":"standard","meta":{"content-type":"","footnotes":""},"categories":[16],"tags":[123,2448,5313,1267],"class_list":["post-90202","post","type-post","status-publish","format-standard","has-post-thumbnail","hentry","category-noticias","tag-brasil","tag-diario","tag-noticia","tag-noticias"],"_links":{"self":[{"href":"https:\/\/tvbrazilusa.com\/pt\/wp-json\/wp\/v2\/posts\/90202","targetHints":{"allow":["GET"]}}],"collection":[{"href":"https:\/\/tvbrazilusa.com\/pt\/wp-json\/wp\/v2\/posts"}],"about":[{"href":"https:\/\/tvbrazilusa.com\/pt\/wp-json\/wp\/v2\/types\/post"}],"author":[{"embeddable":true,"href":"https:\/\/tvbrazilusa.com\/pt\/wp-json\/wp\/v2\/users\/1"}],"replies":[{"embeddable":true,"href":"https:\/\/tvbrazilusa.com\/pt\/wp-json\/wp\/v2\/comments?post=90202"}],"version-history":[{"count":1,"href":"https:\/\/tvbrazilusa.com\/pt\/wp-json\/wp\/v2\/posts\/90202\/revisions"}],"predecessor-version":[{"id":90204,"href":"https:\/\/tvbrazilusa.com\/pt\/wp-json\/wp\/v2\/posts\/90202\/revisions\/90204"}],"wp:featuredmedia":[{"embeddable":true,"href":"https:\/\/tvbrazilusa.com\/pt\/wp-json\/wp\/v2\/media\/90203"}],"wp:attachment":[{"href":"https:\/\/tvbrazilusa.com\/pt\/wp-json\/wp\/v2\/media?parent=90202"}],"wp:term":[{"taxonomy":"category","embeddable":true,"href":"https:\/\/tvbrazilusa.com\/pt\/wp-json\/wp\/v2\/categories?post=90202"},{"taxonomy":"post_tag","embeddable":true,"href":"https:\/\/tvbrazilusa.com\/pt\/wp-json\/wp\/v2\/tags?post=90202"}],"curies":[{"name":"wp","href":"https:\/\/api.w.org\/{rel}","templated":true}]}}