{"id":90235,"date":"2025-01-10T17:48:03","date_gmt":"2025-01-10T17:48:03","guid":{"rendered":"https:\/\/tvbrazilusa.com\/2025\/01\/10\/preco-da-carne-tem-maior-alta-em-5-anos-e-nao-deve-baixar-ate-2026-veja-numeros\/"},"modified":"2025-01-10T17:48:04","modified_gmt":"2025-01-10T17:48:04","slug":"preco-da-carne-tem-maior-alta-em-5-anos-e-nao-deve-baixar-ate-2026-veja-numeros","status":"publish","type":"post","link":"https:\/\/tvbrazilusa.com\/pt\/2025\/01\/10\/preco-da-carne-tem-maior-alta-em-5-anos-e-nao-deve-baixar-ate-2026-veja-numeros\/","title":{"rendered":"Pre\u00e7o da carne tem maior alta em 5 anos e n\u00e3o deve baixar at\u00e9 2026; veja n\u00fameros"},"content":{"rendered":"<p> <script async src=\"https:\/\/pagead2.googlesyndication.com\/pagead\/js\/adsbygoogle.js?client=ca-pub-8864793242727901\"\r\n     crossorigin=\"anonymous\"><\/script><br \/>\n<\/p>\n<div id=\"taboola-read-more\" style=\"display:block; width:100%\">\n<p>Ap\u00f3s uma queda de 9% em 2023, o pre\u00e7o da carne registrou um aumento significativo de 20,84% em 2024, a maior alta desde 2019, quando a prote\u00edna subiu 32,4%, conforme dados divulgados pelo Instituto Brasileiro de Geografia e Estat\u00edstica (IBGE) na manh\u00e3 desta sexta-feira (10).\n<\/p>\n<p>Com esse aumento, as carnes passaram a ser o item com o maior peso (0,52 ponto percentual) na infla\u00e7\u00e3o de alimentos deste ano, que avan\u00e7ou 7,69%. O gerente da pesquisa de infla\u00e7\u00e3o do IBGE, Andr\u00e9 Almeida, destacou que cortes populares entre os brasileiros, como o ac\u00e9m (25,2%), patinho (24%) e contrafil\u00e9 (20%), foram os mais impactados.<\/p>\n<p>\u00c9 importante notar que o pre\u00e7o da carne come\u00e7ou a subir apenas a partir de setembro, com quedas mensais entre janeiro e agosto.\n<\/p>\n<p>De acordo com economistas, quatro fatores explicam a disparada nos pre\u00e7os: o ciclo pecu\u00e1rio, que aponta para uma diminui\u00e7\u00e3o na oferta de bois ap\u00f3s dois anos de abates elevados; o clima, com seca e queimadas prejudicando a forma\u00e7\u00e3o de pastos, principal alimento do boi; as exporta\u00e7\u00f5es, uma vez que o Brasil, o maior exportador de carne bovina do mundo, tem batido recordes de vendas; e a renda, com a queda do desemprego e a valoriza\u00e7\u00e3o do sal\u00e1rio m\u00ednimo, que estimularam o consumo de carne.\n<\/p>\n<p>Analistas indicam que esses fatores sugerem que o pre\u00e7o da carne n\u00e3o dever\u00e1 cair em 2025 e que a alta pode continuar at\u00e9 2026.<\/p>\n<p>Fonte: Gazeta Brasil              <\/p>\n<\/div>\n<p><br \/>\n<br \/><a href=\"https:\/\/diariodobrasilnoticias.com.br\/noticia\/preco-da-carne-tem-maior-alta-em-5-anos-e-nao-deve-baixar-ate-2026-veja-numeros-67813758aabff\">Source link <\/a><\/p>","protected":false},"excerpt":{"rendered":"<p>Ap\u00f3s uma queda de 9% em 2023, o pre\u00e7o da carne registrou um aumento significativo de 20,84% em 2024, a maior alta desde 2019, quando a prote\u00edna subiu 32,4%, conforme&hellip;<\/p>","protected":false},"author":1,"featured_media":90236,"comment_status":"closed","ping_status":"open","sticky":false,"template":"","format":"standard","meta":{"content-type":"","footnotes":""},"categories":[16],"tags":[123,2448,5313,1267],"class_list":["post-90235","post","type-post","status-publish","format-standard","has-post-thumbnail","hentry","category-noticias","tag-brasil","tag-diario","tag-noticia","tag-noticias"],"_links":{"self":[{"href":"https:\/\/tvbrazilusa.com\/pt\/wp-json\/wp\/v2\/posts\/90235","targetHints":{"allow":["GET"]}}],"collection":[{"href":"https:\/\/tvbrazilusa.com\/pt\/wp-json\/wp\/v2\/posts"}],"about":[{"href":"https:\/\/tvbrazilusa.com\/pt\/wp-json\/wp\/v2\/types\/post"}],"author":[{"embeddable":true,"href":"https:\/\/tvbrazilusa.com\/pt\/wp-json\/wp\/v2\/users\/1"}],"replies":[{"embeddable":true,"href":"https:\/\/tvbrazilusa.com\/pt\/wp-json\/wp\/v2\/comments?post=90235"}],"version-history":[{"count":1,"href":"https:\/\/tvbrazilusa.com\/pt\/wp-json\/wp\/v2\/posts\/90235\/revisions"}],"predecessor-version":[{"id":90237,"href":"https:\/\/tvbrazilusa.com\/pt\/wp-json\/wp\/v2\/posts\/90235\/revisions\/90237"}],"wp:featuredmedia":[{"embeddable":true,"href":"https:\/\/tvbrazilusa.com\/pt\/wp-json\/wp\/v2\/media\/90236"}],"wp:attachment":[{"href":"https:\/\/tvbrazilusa.com\/pt\/wp-json\/wp\/v2\/media?parent=90235"}],"wp:term":[{"taxonomy":"category","embeddable":true,"href":"https:\/\/tvbrazilusa.com\/pt\/wp-json\/wp\/v2\/categories?post=90235"},{"taxonomy":"post_tag","embeddable":true,"href":"https:\/\/tvbrazilusa.com\/pt\/wp-json\/wp\/v2\/tags?post=90235"}],"curies":[{"name":"wp","href":"https:\/\/api.w.org\/{rel}","templated":true}]}}