{"id":90271,"date":"2025-01-10T19:20:33","date_gmt":"2025-01-10T19:20:33","guid":{"rendered":"https:\/\/tvbrazilusa.com\/2025\/01\/10\/aeroporto-de-santo-agostinho-quer-seu-antigo-nome-de-volta-jacksonville-hoje\/"},"modified":"2025-01-10T19:23:42","modified_gmt":"2025-01-10T19:23:42","slug":"aeroporto-de-santo-agostinho-quer-seu-antigo-nome-de-volta-jacksonville-hoje","status":"publish","type":"post","link":"https:\/\/tvbrazilusa.com\/pt\/2025\/01\/10\/aeroporto-de-santo-agostinho-quer-seu-antigo-nome-de-volta-jacksonville-hoje\/","title":{"rendered":"Aeroporto de Santo Agostinho quer seu antigo nome de volta | Jacksonville hoje"},"content":{"rendered":"<p> <script async src=\"https:\/\/pagead2.googlesyndication.com\/pagead\/js\/adsbygoogle.js?client=ca-pub-8864793242727901\"\r\n     crossorigin=\"anonymous\"><\/script><br \/>\n<\/p>\n<div>\n<p>O <a href=\"https:\/\/www.flynf.com\/\" rel=\"nofollow noopener\" target=\"_blank\">Aeroporto Regional Nordeste da Fl\u00f3rida<\/a> em Santo Agostinho quer trazer de volta o nome mais simples que o aeroporto tinha h\u00e1 15 anos. <\/p>\n<p>Em 2010, o Legislativo da Fl\u00f3rida aprovou a mudan\u00e7a do nome do aeroporto de Aeroporto de St. Augustine para Aeroporto Regional do Nordeste da Fl\u00f3rida, em St. Esse nome foi ligeiramente encurtado para apenas Aeroporto Regional do Nordeste da Fl\u00f3rida em 2016. <\/p>\n<p>Hoje em dia, a Autoridade Aeroportu\u00e1ria do Condado de St. Johns diz que o nome \u00e9 mais confuso do que qualquer coisa. <\/p>\n<p>A diretora executiva interina, Courtney Pittman, pediu ajuda \u00e0 delega\u00e7\u00e3o legislativa do condado de St. Johns na sexta-feira para conseguir a mudan\u00e7a de nome no Legislativo estadual.<\/p>\n<p>O pedido foi uma das muitas quest\u00f5es destacadas por residentes, funcion\u00e1rios p\u00fablicos e l\u00edderes de organiza\u00e7\u00f5es sem fins lucrativos durante uma reuni\u00e3o de defini\u00e7\u00e3o de prioridades com legisladores locais.<\/p>\n<p>Pittman disse que conseguia entender por que o aeroporto recebeu esse nome.<\/p>\n<p>\u201cNaquela \u00e9poca, pensava-se que eles teriam mais impacto no servi\u00e7o comercial dizendo que est\u00e1vamos ligados \u00e0 regi\u00e3o\u201d, disse Pittman. \u201cMas ent\u00e3o voc\u00ea faria com que as pessoas embarcassem nos referidos voos comerciais naquela \u00e9poca, pousassem aqui em St. Augustine e pensassem que (estavam) em Jacksonville.\u201d<\/p>\n<p>Pittman disse que conectar a identidade do aeroporto a Santo Agostinho far\u00e1 com que os viajantes e clientes pensem na cidade \u201cculturalmente rica\u201d de Santo Agostinho. <\/p>\n<p>\u201cIsso \u00e9 mais do que apenas uma mudan\u00e7a de nome\u201d, disse ele. \u201c\u00c9 um passo estrat\u00e9gico, alinhando nosso aeroporto com uma das cidades mais ic\u00f4nicas e hist\u00f3ricas do pa\u00eds: Santo Agostinho.\u201d<\/p>\n<p>O nome mais simples tamb\u00e9m dar\u00e1 ao aeroporto flexibilidade para se adaptar ao mundo em mudan\u00e7a da avia\u00e7\u00e3o, disse Pittman. A Autoridade Aeroportu\u00e1ria espera ver algum dia uma companhia a\u00e9rea comercial no aeroporto, e Pittman disse que n\u00e3o quer ter que mudar de nome novamente quando isso acontecer.<\/p>\n<h3 class=\"wp-block-heading\">Al\u00e9m do aeroporto<\/h3>\n<p>Entre outras prioridades legislativas:<\/p>\n<ul class=\"wp-block-list\">\n<li>Presidente da Comiss\u00e3o do Condado <a href=\"https:\/\/jaxtoday.org\/2024\/12\/18\/krista-joseph-st-johns-commission-chair\/\">Krista Josep<\/a>instou os legisladores a reconsiderarem o Live Local Act \u2013 uma medida controversa que incentiva os promotores a construir habita\u00e7\u00f5es a pre\u00e7os acess\u00edveis em \u00e1reas que os condados n\u00e3o identificaram anteriormente para habita\u00e7\u00e3o residencial. Ela tamb\u00e9m pediu ajuda para manter as \u00e1reas rurais do condado livres de desenvolvimento.<\/li>\n<\/ul>\n<ul class=\"wp-block-list\">\n<li>O avaliador de propriedades Eddie Creamer disse que o custo crescente do seguro habitacional e de propriedade est\u00e1 prejudicando os idosos no condado de St. Creamer disse que apoiaria \u201cqualquer medida que reduza os impostos sobre a propriedade dos nossos residentes\u201d, incluindo uma lei que isenta os idosos do pagamento de impostos escolares. <\/li>\n<\/ul>\n<p>Os altos custos de seguros de propriedade t\u00eam sido um tema quente na Fl\u00f3rida h\u00e1 anos. A presidente do Clube Democr\u00e1tico de Santo Agostinho, Nell Toensman, acusou os legisladores de fomentar guerras culturais para resolver o problema. Mas o senador Tom Leek, R-St. Agostinho, defendeu <a href=\"https:\/\/jaxtoday.org\/2024\/12\/05\/florida-property-insurance-improvement\/\">o progresso do estado<\/a> em manter o n\u00edvel dos custos do seguro de propriedade.<\/p>\n<p>O estado fez o que p\u00f4de, disse Leek, mas \u201ca infla\u00e7\u00e3o desenfreada que ocorreu nos \u00faltimos quatro anos\u201d est\u00e1 mantendo altas as taxas de seguro de propriedade.<\/p>\n<p>\u201cPortanto, embora seu pr\u00eamio possa n\u00e3o ter ca\u00eddo tanto quanto voc\u00ea gostaria ou nem ter ca\u00eddo, as taxas, que \u00e9 a parte que podemos controlar, ca\u00edram\u201d, disse Leek. \u201cO que precisamos controlar no estado da Fl\u00f3rida e em n\u00edvel nacional \u00e9 a infla\u00e7\u00e3o.\u201d<\/p>\n<h3 class=\"wp-block-heading\">A sess\u00e3o legislativa<\/h3>\n<p>O Legislativo da Fl\u00f3rida iniciar\u00e1 sua sess\u00e3o de 2025 em 5 de mar\u00e7o. Enquanto isso, os legisladores j\u00e1 est\u00e3o apresentando projetos de lei. <\/p>\n<p>Deputado Kim Kendall, R-St. Agostinho, tem <a href=\"https:\/\/m.myfloridahouse.gov\/Sections\/Bills\/billsdetail.aspx?BillId=80615\" rel=\"nofollow noopener\" target=\"_blank\">apresentou uma fatura<\/a> isso mudaria a defini\u00e7\u00e3o de \u201ccondi\u00e7\u00f5es perigosas de caminhada\u201d para os alunos que se dirigem \u00e0 escola para incluir passarelas ao longo de rodovias, rodovias ou rampas de entrada e sa\u00edda, independentemente do limite de velocidade. <\/p>\n<p>Outros projetos de lei j\u00e1 protocolados incluem <a href=\"https:\/\/jaxtoday.org\/2024\/12\/24\/randy-fine-bills-congress\/\">medidas controversas<\/a> do senador Randy Fine, R-Melbourne Beach, que reduziria a idade para comprar armas de fogo na Fl\u00f3rida para 18 anos e proibiria a exibi\u00e7\u00e3o de bandeiras de apoio ao orgulho LGBTQ e ao movimento Black Lives Matter em edif\u00edcios p\u00fablicos. <\/p>\n<p>Fine est\u00e1 concorrendo \u00e0 cadeira do deputado americano Michael Waltz no Congresso, <a href=\"https:\/\/jaxtoday.org\/2024\/12\/26\/special-election-st-johns-county-voters\/\">que inclui partes do condado de St.<\/a>.<\/p>\n<\/div>\n<p><br \/>\n<br \/><a href=\"https:\/\/jaxtoday.org\/2025\/01\/10\/northeast-florida-regional-airport-name\/\">Source link <\/a><\/p>","protected":false},"excerpt":{"rendered":"<p>O Aeroporto Regional Nordeste da Fl\u00f3rida em Santo Agostinho quer trazer de volta o nome mais simples que o aeroporto tinha h\u00e1 15 anos. Em 2010, o Legislativo da Fl\u00f3rida&hellip;<\/p>","protected":false},"author":1,"featured_media":90272,"comment_status":"closed","ping_status":"open","sticky":false,"template":"","format":"standard","meta":{"content-type":"","footnotes":""},"categories":[1],"tags":[],"class_list":["post-90271","post","type-post","status-publish","format-standard","has-post-thumbnail","hentry","category-uncategorized"],"_links":{"self":[{"href":"https:\/\/tvbrazilusa.com\/pt\/wp-json\/wp\/v2\/posts\/90271","targetHints":{"allow":["GET"]}}],"collection":[{"href":"https:\/\/tvbrazilusa.com\/pt\/wp-json\/wp\/v2\/posts"}],"about":[{"href":"https:\/\/tvbrazilusa.com\/pt\/wp-json\/wp\/v2\/types\/post"}],"author":[{"embeddable":true,"href":"https:\/\/tvbrazilusa.com\/pt\/wp-json\/wp\/v2\/users\/1"}],"replies":[{"embeddable":true,"href":"https:\/\/tvbrazilusa.com\/pt\/wp-json\/wp\/v2\/comments?post=90271"}],"version-history":[{"count":1,"href":"https:\/\/tvbrazilusa.com\/pt\/wp-json\/wp\/v2\/posts\/90271\/revisions"}],"predecessor-version":[{"id":90273,"href":"https:\/\/tvbrazilusa.com\/pt\/wp-json\/wp\/v2\/posts\/90271\/revisions\/90273"}],"wp:featuredmedia":[{"embeddable":true,"href":"https:\/\/tvbrazilusa.com\/pt\/wp-json\/wp\/v2\/media\/90272"}],"wp:attachment":[{"href":"https:\/\/tvbrazilusa.com\/pt\/wp-json\/wp\/v2\/media?parent=90271"}],"wp:term":[{"taxonomy":"category","embeddable":true,"href":"https:\/\/tvbrazilusa.com\/pt\/wp-json\/wp\/v2\/categories?post=90271"},{"taxonomy":"post_tag","embeddable":true,"href":"https:\/\/tvbrazilusa.com\/pt\/wp-json\/wp\/v2\/tags?post=90271"}],"curies":[{"name":"wp","href":"https:\/\/api.w.org\/{rel}","templated":true}]}}