{"id":90277,"date":"2025-01-10T19:32:28","date_gmt":"2025-01-10T19:32:28","guid":{"rendered":"https:\/\/tvbrazilusa.com\/2025\/01\/10\/governo-da-prazo-para-meta-explicar-nova-politica-de-moderacao-veja-detalhes\/"},"modified":"2025-01-10T19:32:29","modified_gmt":"2025-01-10T19:32:29","slug":"governo-da-prazo-para-meta-explicar-nova-politica-de-moderacao-veja-detalhes","status":"publish","type":"post","link":"https:\/\/tvbrazilusa.com\/pt\/2025\/01\/10\/governo-da-prazo-para-meta-explicar-nova-politica-de-moderacao-veja-detalhes\/","title":{"rendered":"Governo d\u00e1 prazo para Meta explicar nova pol\u00edtica de modera\u00e7\u00e3o; veja detalhes"},"content":{"rendered":"<p> <script async src=\"https:\/\/pagead2.googlesyndication.com\/pagead\/js\/adsbygoogle.js?client=ca-pub-8864793242727901\"\r\n     crossorigin=\"anonymous\"><\/script><br \/>\n<\/p>\n<div id=\"taboola-read-more\" style=\"display:block; width:100%\">\n<p>O advogado-geral da Uni\u00e3o, Jorge Messias, afirmou nesta 6\u00aa feira (10.jan.2025) que o governo questionar\u00e1 extrajudicialmente a Meta, dona do Instagram, Facebook e WhatsApp, para que explique a nova pol\u00edtica de modera\u00e7\u00e3o de conte\u00fado em at\u00e9 72h. Segundo ele, a multinacional \u00e9 como uma\u00a0<em>\u201cbiruta de aeroporto\u201d<\/em>\u00a0e as novas diretrizes n\u00e3o est\u00e3o claras desde o an\u00fancio de seu fundador, Mark Zuckerberg.\n<\/p>\n<p><em>\u201cEm raz\u00e3o da aus\u00eancia de transpar\u00eancia dessa empresa, n\u00f3s apresentaremos uma notifica\u00e7\u00e3o extrajudicial e a empresa ter\u00e1 72 horas para informar o governo brasileiro qual \u00e9 de fato a sua pol\u00edtica para o Brasil\u201d<\/em>, afirmou.<\/p>\n<p>A Meta decidiu acabar com o seu sistema de verifica\u00e7\u00e3o de fatos e suspendeu as restri\u00e7\u00f5es a publica\u00e7\u00f5es nas suas redes sociais Facebook e Instagram. A decis\u00e3o foi anunciada por Zuckerberg em um v\u00eddeo postado na 3\u00aa feira (7.jan).\n<\/p>\n<p><em>\u201cA enorme preocupa\u00e7\u00e3o do governo brasileiro com a pol\u00edtica adotada pela empresa Meta, que parece com a biruta de aeroporto, o tempo todo muda de posi\u00e7\u00e3o ao sabor dos ventos. Eu quero dizer para essa empresa que a sociedade brasileira n\u00e3o ficar\u00e1 \u00e0 merc\u00ea desse tipo de pol\u00edtica\u201d<\/em>, disse Messias.\n<\/p>\n<p>Segundo o ministro da AGU (Advocacia Geral da Uni\u00e3o), ainda n\u00e3o est\u00e1 sobre a mesa do governo uma poss\u00edvel suspens\u00e3o das plataformas no Brasil. Ele afirmou, entretanto, que, caso a resposta da Meta n\u00e3o seja satisfat\u00f3ria, poder\u00e1 entrar na Justi\u00e7a contra a empresa.\n<\/p>\n<p><em>\u201cIsso\u00a0<\/em>[suspens\u00e3o]<em>\u00a0n\u00e3o est\u00e1 em discuss\u00e3o neste momento, o que n\u00f3s estamos discutindo \u00e9 qual a pol\u00edtica de prote\u00e7\u00e3o \u00e0s popula\u00e7\u00f5es vulner\u00e1veis \u00e0 garantia dos direitos fundamentais que essa empresa vai adotar. Essa \u00e9 a quest\u00e3o fundamental, porque a empresa, quando mudou sua pol\u00edtica, ela n\u00e3o foi transparente e ela n\u00e3o informou ao governo e \u00e0 sociedade brasileira como ela deve se portar daqui para frente\u201d<\/em>, declarou.\n<\/p>\n<p>Para Messias, a principal preocupa\u00e7\u00e3o do governo \u00e9 com crian\u00e7as e adolescentes, popula\u00e7\u00f5es vulner\u00e1veis e com pequenos comerciantes que utilizam as plataformas da Meta diariamente.\n<\/p>\n<p>O ministro da AGU, assim como outros, estiveram reunidos com o presidente\u00a0Luiz In\u00e1cio Lula da Silva\u00a0(PT) para discutir o recente an\u00fancio da empresa norte-americana. Conversou com jornalistas depois disso.\n<\/p>\n<p><em>\u201cH\u00e1 uma enorme preocupa\u00e7\u00e3o do governo na prote\u00e7\u00e3o das nossas crian\u00e7as e adolescentes, na prote\u00e7\u00e3o de popula\u00e7\u00f5es vulner\u00e1veis, na prote\u00e7\u00e3o de pequenos comerciantes que utilizam essas redes para seus neg\u00f3cios.\u201d<\/em>\n<\/p>\n<p><strong>Fonte: Poder 360<\/strong>              <\/p>\n<\/div>\n<p><br \/>\n<br \/><a href=\"https:\/\/diariodobrasilnoticias.com.br\/noticia\/governo-da-prazo-para-meta-explicar-nova-politica-de-moderacao-veja-detalhes-67814d49551c2\">Source link <\/a><\/p>","protected":false},"excerpt":{"rendered":"<p>O advogado-geral da Uni\u00e3o, Jorge Messias, afirmou nesta 6\u00aa feira (10.jan.2025) que o governo questionar\u00e1 extrajudicialmente a Meta, dona do Instagram, Facebook e WhatsApp, para que explique a nova pol\u00edtica&hellip;<\/p>","protected":false},"author":1,"featured_media":90278,"comment_status":"closed","ping_status":"open","sticky":false,"template":"","format":"standard","meta":{"content-type":"","footnotes":""},"categories":[16],"tags":[123,2448,5313,1267],"class_list":["post-90277","post","type-post","status-publish","format-standard","has-post-thumbnail","hentry","category-noticias","tag-brasil","tag-diario","tag-noticia","tag-noticias"],"_links":{"self":[{"href":"https:\/\/tvbrazilusa.com\/pt\/wp-json\/wp\/v2\/posts\/90277","targetHints":{"allow":["GET"]}}],"collection":[{"href":"https:\/\/tvbrazilusa.com\/pt\/wp-json\/wp\/v2\/posts"}],"about":[{"href":"https:\/\/tvbrazilusa.com\/pt\/wp-json\/wp\/v2\/types\/post"}],"author":[{"embeddable":true,"href":"https:\/\/tvbrazilusa.com\/pt\/wp-json\/wp\/v2\/users\/1"}],"replies":[{"embeddable":true,"href":"https:\/\/tvbrazilusa.com\/pt\/wp-json\/wp\/v2\/comments?post=90277"}],"version-history":[{"count":1,"href":"https:\/\/tvbrazilusa.com\/pt\/wp-json\/wp\/v2\/posts\/90277\/revisions"}],"predecessor-version":[{"id":90279,"href":"https:\/\/tvbrazilusa.com\/pt\/wp-json\/wp\/v2\/posts\/90277\/revisions\/90279"}],"wp:featuredmedia":[{"embeddable":true,"href":"https:\/\/tvbrazilusa.com\/pt\/wp-json\/wp\/v2\/media\/90278"}],"wp:attachment":[{"href":"https:\/\/tvbrazilusa.com\/pt\/wp-json\/wp\/v2\/media?parent=90277"}],"wp:term":[{"taxonomy":"category","embeddable":true,"href":"https:\/\/tvbrazilusa.com\/pt\/wp-json\/wp\/v2\/categories?post=90277"},{"taxonomy":"post_tag","embeddable":true,"href":"https:\/\/tvbrazilusa.com\/pt\/wp-json\/wp\/v2\/tags?post=90277"}],"curies":[{"name":"wp","href":"https:\/\/api.w.org\/{rel}","templated":true}]}}