{"id":90285,"date":"2025-01-10T19:51:19","date_gmt":"2025-01-10T19:51:19","guid":{"rendered":"https:\/\/tvbrazilusa.com\/2025\/01\/10\/criminoso-corta-lona-de-caminhonete-e-rouba-malas-de-turista-veja-video\/"},"modified":"2025-01-10T19:51:21","modified_gmt":"2025-01-10T19:51:21","slug":"criminoso-corta-lona-de-caminhonete-e-rouba-malas-de-turista-veja-video","status":"publish","type":"post","link":"https:\/\/tvbrazilusa.com\/pt\/2025\/01\/10\/criminoso-corta-lona-de-caminhonete-e-rouba-malas-de-turista-veja-video\/","title":{"rendered":"Criminoso corta lona de caminhonete e rouba malas de turista; VEJA V\u00cdDEO"},"content":{"rendered":"<p> <script async src=\"https:\/\/pagead2.googlesyndication.com\/pagead\/js\/adsbygoogle.js?client=ca-pub-8864793242727901\"\r\n     crossorigin=\"anonymous\"><\/script><br \/>\n<\/p>\n<div id=\"taboola-read-more\" style=\"display:block; width:100%\">\n<p>Um turista de S\u00e3o Paulo teve as malas furtadas, nesta quarta-feira (8\/1), no bairro da Paju\u00e7ara, em Macei\u00f3, Alagoas, ap\u00f3s um criminoso rasgar a lona da picape da v\u00edtima e levar tr\u00eas malas. C\u00e2meras de seguran\u00e7a da pousada onde o turista estava hospedado registraram o momento, e agora a Pol\u00edcia Civil de Alagoas (PCAL) procura o suspeito.\n<\/p>\n<p>O coordenador da Opera\u00e7\u00e3o Policial Integrada Litor\u00e2nea (Oplit), Ant\u00f4nio de P\u00e1dua, explicou que o furto ocorreu durante a madrugada. \u201cO criminoso rasgou a capota do ve\u00edculo, pegou tr\u00eas malas do propriet\u00e1rio, e a maior, mais \u00e0 frente, ele abandonou, tirando algumas coisas e deixando os outros pertences pessoais para tr\u00e1s\u201d, detalhou.<\/p>\n<p><strong>ASSISTA:<\/strong>\n<\/p>\n<p>Fonte: Metr\u00f3poles \/ Instagram @metropoles              <\/p>\n<\/div>\n<p><br \/>\n<br \/><a href=\"https:\/\/diariodobrasilnoticias.com.br\/noticia\/criminoso-corta-lona-de-caminhonete-e-rouba-malas-de-turista-veja-video-67815c01bdb11\">Source link <\/a><\/p>","protected":false},"excerpt":{"rendered":"<p>Um turista de S\u00e3o Paulo teve as malas furtadas, nesta quarta-feira (8\/1), no bairro da Paju\u00e7ara, em Macei\u00f3, Alagoas, ap\u00f3s um criminoso rasgar a lona da picape da v\u00edtima e&hellip;<\/p>","protected":false},"author":1,"featured_media":90286,"comment_status":"closed","ping_status":"open","sticky":false,"template":"","format":"standard","meta":{"content-type":"","footnotes":""},"categories":[16],"tags":[123,2448,5313,1267],"class_list":["post-90285","post","type-post","status-publish","format-standard","has-post-thumbnail","hentry","category-noticias","tag-brasil","tag-diario","tag-noticia","tag-noticias"],"_links":{"self":[{"href":"https:\/\/tvbrazilusa.com\/pt\/wp-json\/wp\/v2\/posts\/90285","targetHints":{"allow":["GET"]}}],"collection":[{"href":"https:\/\/tvbrazilusa.com\/pt\/wp-json\/wp\/v2\/posts"}],"about":[{"href":"https:\/\/tvbrazilusa.com\/pt\/wp-json\/wp\/v2\/types\/post"}],"author":[{"embeddable":true,"href":"https:\/\/tvbrazilusa.com\/pt\/wp-json\/wp\/v2\/users\/1"}],"replies":[{"embeddable":true,"href":"https:\/\/tvbrazilusa.com\/pt\/wp-json\/wp\/v2\/comments?post=90285"}],"version-history":[{"count":1,"href":"https:\/\/tvbrazilusa.com\/pt\/wp-json\/wp\/v2\/posts\/90285\/revisions"}],"predecessor-version":[{"id":90287,"href":"https:\/\/tvbrazilusa.com\/pt\/wp-json\/wp\/v2\/posts\/90285\/revisions\/90287"}],"wp:featuredmedia":[{"embeddable":true,"href":"https:\/\/tvbrazilusa.com\/pt\/wp-json\/wp\/v2\/media\/90286"}],"wp:attachment":[{"href":"https:\/\/tvbrazilusa.com\/pt\/wp-json\/wp\/v2\/media?parent=90285"}],"wp:term":[{"taxonomy":"category","embeddable":true,"href":"https:\/\/tvbrazilusa.com\/pt\/wp-json\/wp\/v2\/categories?post=90285"},{"taxonomy":"post_tag","embeddable":true,"href":"https:\/\/tvbrazilusa.com\/pt\/wp-json\/wp\/v2\/tags?post=90285"}],"curies":[{"name":"wp","href":"https:\/\/api.w.org\/{rel}","templated":true}]}}