{"id":90291,"date":"2025-01-10T20:15:57","date_gmt":"2025-01-10T20:15:57","guid":{"rendered":"https:\/\/tvbrazilusa.com\/2025\/01\/10\/saiba-mais-sobre-o-fotografo-brasileiro-encontrado-morto-no-rio-sena\/"},"modified":"2025-01-10T20:16:01","modified_gmt":"2025-01-10T20:16:01","slug":"saiba-mais-sobre-o-fotografo-brasileiro-encontrado-morto-no-rio-sena","status":"publish","type":"post","link":"https:\/\/tvbrazilusa.com\/pt\/2025\/01\/10\/saiba-mais-sobre-o-fotografo-brasileiro-encontrado-morto-no-rio-sena\/","title":{"rendered":"Saiba mais sobre o fot\u00f3grafo brasileiro encontrado morto no Rio Sena"},"content":{"rendered":"<p> <script async src=\"https:\/\/pagead2.googlesyndication.com\/pagead\/js\/adsbygoogle.js?client=ca-pub-8864793242727901\"\r\n     crossorigin=\"anonymous\"><\/script><br \/>\n<\/p>\n<div id=\"taboola-read-more\" style=\"display:block; width:100%\">\n<p>Fl\u00e1vio de Castro Sousa era um fot\u00f3grafo brasileiro de 36 anos. Ele foi visto pela \u00faltima vez com vida em Paris, na Fran\u00e7a, no \u00faltimo dia 26, quando imagens de uma c\u00e2mera de seguran\u00e7a captaram ele deixando o celular em um vaso de planta e seguindo em die\u00e7\u00e3o ao rio Sena. O corpo foi encontrado no Sena no \u00faltimo s\u00e1bado (4\/1), 45 dias ap\u00f3s seu desaparecimento, em Paris.\n<\/p>\n<p>Fl\u00e1vio morava em Belo Horizonte e viajou para a Fran\u00e7a para trabalhar como fot\u00f3grafo em um casamento. Depois da festa, ele permaneceu no pa\u00eds por interesses pessoais.<\/p>\n<p>Fl\u00e1vio se apresentava em seu perfil no Instagram como Fl\u00e1vio Carrilho de Castro e destacava a fotografia anal\u00f3gica como sua marca.\n<\/p>\n<p>As informa\u00e7\u00f5es sobre o desaparecimento de Fl\u00e1vio foram repassadas ao Metr\u00f3poles pelo doutor em Filosofia, Rafael Basso, de 42 anos, amigo de Fl\u00e1vio. Ele contou que o \u00faltimo contato f\u00edsico do fot\u00f3grafo na Fran\u00e7a foi com Alex, um amigo dele, o que aconteceu no dia 25\/11.\n<\/p>\n<p>Veja o passo a passo de Fl\u00e1vio em Paris:\n<\/p>\n<p>Chegada em Paris<br \/>Fl\u00e1vio desembarcou em Paris no dia 1\u00b0 de novembro para fotografar o casamento de uma amiga brasileira, trabalho que realizou em parceria com seu s\u00f3cio Lucien Esteban, que voltou dia 8 de novembro a Minas Gerais, onde ambos gerenciam a empresa Toujours Fotografia.\n<\/p>\n<p>Fl\u00e1vio, no entanto, se organizou para permanecer mais algumas semanas, com voo de retorno ao Brasil em 26 de novembro, dia em que teria ca\u00eddo no rio Sena pela primeira vez. Conforme relatos, o acidente teria sido a poucos metros da torre Eiffel.\n<\/p>\n<p>Queda no Rio Sena<br \/>No dia 26 de novembro, em Paris, Fl\u00e1vio foi flagrado por uma c\u00e2mera de seguran\u00e7a \u00e0s margens do Sena, deixando o celular em um vaso de planta e, depois, perto do rio. A informa\u00e7\u00e3o foi confirmada pela prima dele, Carolina Castro, e pela m\u00e3e, Marta Maria De Castro Castro.\n<\/p>\n<p>A prima relatou, em um v\u00eddeo publicado nas redes sociais, que Fl\u00e1vio, no dia 26 de novembro, aparecia em imagens deixando o celular em um vaso de planta, na porta de um restaurante de Paris e seguindo em dire\u00e7a\u00f5 ao rio Sena.\n<\/p>\n<p>Atendimento m\u00e9dico<br \/>No dia 26 de novembro, Fl\u00e1vio voltaria ao Brasil e contou ao amigo Alexandre Callet que havia ca\u00eddo na Ilha dos Cisnes, no Rio Sena, e que teria aguardado tr\u00eas horas para ser resgatado pelos bombeiros.\n<\/p>\n<p>\u201cOs bombeiros disseram que tive sorte de estar vivo. N\u00e3o consegui sair da \u00e1gua. Fiquei muito tempo l\u00e1. Bebi demais e fiz uma besteira enorme\u201d, escreveu ele ao amigo.\n<\/p>\n<p>Troca de mensagens com amigo<br \/>Ap\u00f3s receber alta do hospital \u00e0s 12h, Fl\u00e1vio buscou reorganizar seu retorno ao Brasil depois do voo perdido. Como ele j\u00e1 tinha entregue o apartamento alugado, procurou a imobili\u00e1ria respons\u00e1vel pela loca\u00e7\u00e3o e negociou um novo local para ficar.\n<\/p>\n<p>\u201cVou tentar dormir. Estou exausto\u201d, escreveu ao amigo.\n<\/p>\n<p>No entanto, depois dessa mensagem ningu\u00e9m mais conseguiu entrar em contato com Fl\u00e1vio, nem o amigo que chegou a ir a casa dele.\n<\/p>\n<p>Corpo encontrado<br \/>O corpo do fot\u00f3grafo mineiro foi encontrado no rio Sena, em Paris, na Fran\u00e7a no s\u00e1bado (4\/1). A hip\u00f3tese da pol\u00edcia francesa \u00e9 que a morte foi ocasionada por afogamento, sem sinais de viol\u00eancia.\n<\/p>\n<p>O consulado do Brasil em Paris confirmou \u00e0 m\u00e3e de Fl\u00e1vio, Marta Maria, que um corpo foi retirado do rio Sena no s\u00e1bado (4\/1) e testes de DNA confirmaram a identidade do fot\u00f3grafo.\n<\/p>\n<p>Fonte: Metr\u00f3poles              <\/p>\n<\/div>\n<p><br \/>\n<br \/><a href=\"https:\/\/diariodobrasilnoticias.com.br\/noticia\/saiba-mais-sobre-o-fotografo-brasileiro-encontrado-morto-no-rio-sena-678164bbcfbd6\">Source link <\/a><\/p>","protected":false},"excerpt":{"rendered":"<p>Fl\u00e1vio de Castro Sousa era um fot\u00f3grafo brasileiro de 36 anos. Ele foi visto pela \u00faltima vez com vida em Paris, na Fran\u00e7a, no \u00faltimo dia 26, quando imagens de&hellip;<\/p>","protected":false},"author":1,"featured_media":90292,"comment_status":"closed","ping_status":"open","sticky":false,"template":"","format":"standard","meta":{"content-type":"","footnotes":""},"categories":[16],"tags":[123,2448,5313,1267],"class_list":["post-90291","post","type-post","status-publish","format-standard","has-post-thumbnail","hentry","category-noticias","tag-brasil","tag-diario","tag-noticia","tag-noticias"],"_links":{"self":[{"href":"https:\/\/tvbrazilusa.com\/pt\/wp-json\/wp\/v2\/posts\/90291","targetHints":{"allow":["GET"]}}],"collection":[{"href":"https:\/\/tvbrazilusa.com\/pt\/wp-json\/wp\/v2\/posts"}],"about":[{"href":"https:\/\/tvbrazilusa.com\/pt\/wp-json\/wp\/v2\/types\/post"}],"author":[{"embeddable":true,"href":"https:\/\/tvbrazilusa.com\/pt\/wp-json\/wp\/v2\/users\/1"}],"replies":[{"embeddable":true,"href":"https:\/\/tvbrazilusa.com\/pt\/wp-json\/wp\/v2\/comments?post=90291"}],"version-history":[{"count":1,"href":"https:\/\/tvbrazilusa.com\/pt\/wp-json\/wp\/v2\/posts\/90291\/revisions"}],"predecessor-version":[{"id":90293,"href":"https:\/\/tvbrazilusa.com\/pt\/wp-json\/wp\/v2\/posts\/90291\/revisions\/90293"}],"wp:featuredmedia":[{"embeddable":true,"href":"https:\/\/tvbrazilusa.com\/pt\/wp-json\/wp\/v2\/media\/90292"}],"wp:attachment":[{"href":"https:\/\/tvbrazilusa.com\/pt\/wp-json\/wp\/v2\/media?parent=90291"}],"wp:term":[{"taxonomy":"category","embeddable":true,"href":"https:\/\/tvbrazilusa.com\/pt\/wp-json\/wp\/v2\/categories?post=90291"},{"taxonomy":"post_tag","embeddable":true,"href":"https:\/\/tvbrazilusa.com\/pt\/wp-json\/wp\/v2\/tags?post=90291"}],"curies":[{"name":"wp","href":"https:\/\/api.w.org\/{rel}","templated":true}]}}