{"id":90303,"date":"2025-01-10T20:38:25","date_gmt":"2025-01-10T20:38:25","guid":{"rendered":"https:\/\/tvbrazilusa.com\/2025\/01\/10\/numero-da-semana-tamanhos-das-turmas-duval-jacksonville-hoje\/"},"modified":"2025-01-10T20:43:03","modified_gmt":"2025-01-10T20:43:03","slug":"numero-da-semana-tamanhos-das-turmas-duval-jacksonville-hoje","status":"publish","type":"post","link":"https:\/\/tvbrazilusa.com\/pt\/2025\/01\/10\/numero-da-semana-tamanhos-das-turmas-duval-jacksonville-hoje\/","title":{"rendered":"N\u00daMERO DA SEMANA | Tamanhos das turmas Duval | Jacksonville hoje"},"content":{"rendered":"<p> <script async src=\"https:\/\/pagead2.googlesyndication.com\/pagead\/js\/adsbygoogle.js?client=ca-pub-8864793242727901\"\r\n     crossorigin=\"anonymous\"><\/script><br \/>\n<\/p>\n<div>\n<p>H\u00e1 quase 25 anos, os eleitores da Fl\u00f3rida aprovaram uma emenda constitucional para limitar o tamanho das turmas nas escolas p\u00fablicas. Ap\u00f3s uma introdu\u00e7\u00e3o gradual, no ano letivo de 2010, as turmas do jardim de inf\u00e2ncia at\u00e9 a terceira s\u00e9rie foram limitadas a 18 alunos, da quarta \u00e0 oitava s\u00e9rie a 22 e do ensino m\u00e9dio a 25.<\/p>\n<p>O Legislativo estadual forneceu financiamento para ajudar as escolas a fazer funcionar as turmas menores e, por muitos anos, os distritos foram multados por excederem o limite. <\/p>\n<p>Isso mudou em agosto passado.<\/p>\n<p>Embora os limites de tamanho das turmas ainda estejam tecnicamente em vigor, n\u00e3o h\u00e1 mais penalidades por exced\u00ea-los. Em vez disso, os distritos que ultrapassarem o limite dever\u00e3o enviar uma carta ao Departamento de Educa\u00e7\u00e3o do estado informando como planejam cumpri-lo no futuro.<\/p>\n<p>Nas escolas p\u00fablicas n\u00e3o licenciadas do condado de Duval, o tamanho das turmas atende principalmente \u00e0s expectativas do estado. (Embora os dados dispon\u00edveis ainda n\u00e3o incluam este ano letivo.) Nosso N\u00famero da Semana \u00e9 o n\u00famero m\u00e9dio de alunos por turma entre <a href=\"https:\/\/dcps.duvalschools.org\/o\/dcps\/page\/early-childhood-schools\" rel=\"nofollow noopener\" target=\"_blank\">VPKs administrados pelo distrito<\/a> e do jardim de inf\u00e2ncia at\u00e9 as salas de aula da terceira s\u00e9rie.<\/p>\n<figure class=\"wp-block-pullquote\">\n<blockquote>\n<p>16,67<\/p>\n<\/blockquote>\n<\/figure>\n<p>Tamanho da turma <em>m\u00e9dias<\/em> s\u00e3o apenas isso, no entanto. V\u00e1rios factores podem fazer com que a m\u00e9dia de uma escola ou de um distrito pare\u00e7a boa &#8211; mesmo que algumas crian\u00e7as frequentem o jardim de inf\u00e2ncia com 23 amigos. <\/p>\n<div class=\"flourish-embed flourish-chart\" data-src=\"https:\/\/jaxtoday.org\/2025\/01\/10\/number-of-the-week-duval-class-sizes\/visualisation\/21115477\"><\/div>\n<p><a href=\"https:\/\/www.fldoe.org\/academics\/exceptional-student-edu\/ese-eligibility\/\" rel=\"nofollow noopener\" target=\"_blank\">Educa\u00e7\u00e3o Estudantil Excepcional<\/a> as turmas (tudo, desde turmas para superdotados at\u00e9 programas que atendem a dificuldades de aprendizagem espec\u00edficas) t\u00eam menos crian\u00e7as por defini\u00e7\u00e3o, por exemplo, mas ainda contam para a m\u00e9dia da escola.<\/p>\n<p>E a Duval Schools est\u00e1 lidando com muitas escolas com matr\u00edculas insuficientes &#8211; ent\u00e3o algumas escolas t\u00eam turmas menores porque n\u00e3o t\u00eam muitos alunos na escola, enquanto outras escolas est\u00e3o totalmente matriculadas com uma lista de espera. <\/p>\n<p>Veja como o tamanho das turmas no condado de Duval mudou desde a emenda constitucional.<\/p>\n<div class=\"flourish-embed flourish-chart\" data-src=\"https:\/\/jaxtoday.org\/2025\/01\/10\/number-of-the-week-duval-class-sizes\/visualisation\/21011987\"><img decoding=\"async\" src=\"https:\/\/public.flourish.studio\/visualisation\/21011987\/thumbnail\" width=\"100%\" alt=\"visualiza\u00e7\u00e3o de gr\u00e1fico\"\/><\/div>\n<\/div>\n<p><br \/>\n<br \/><a href=\"https:\/\/jaxtoday.org\/2025\/01\/10\/number-of-the-week-duval-class-sizes\/\">Source link <\/a><\/p>","protected":false},"excerpt":{"rendered":"<p>H\u00e1 quase 25 anos, os eleitores da Fl\u00f3rida aprovaram uma emenda constitucional para limitar o tamanho das turmas nas escolas p\u00fablicas. Ap\u00f3s uma introdu\u00e7\u00e3o gradual, no ano letivo de 2010,&hellip;<\/p>","protected":false},"author":1,"featured_media":90304,"comment_status":"closed","ping_status":"open","sticky":false,"template":"","format":"standard","meta":{"content-type":"","footnotes":""},"categories":[1],"tags":[],"class_list":["post-90303","post","type-post","status-publish","format-standard","has-post-thumbnail","hentry","category-uncategorized"],"_links":{"self":[{"href":"https:\/\/tvbrazilusa.com\/pt\/wp-json\/wp\/v2\/posts\/90303","targetHints":{"allow":["GET"]}}],"collection":[{"href":"https:\/\/tvbrazilusa.com\/pt\/wp-json\/wp\/v2\/posts"}],"about":[{"href":"https:\/\/tvbrazilusa.com\/pt\/wp-json\/wp\/v2\/types\/post"}],"author":[{"embeddable":true,"href":"https:\/\/tvbrazilusa.com\/pt\/wp-json\/wp\/v2\/users\/1"}],"replies":[{"embeddable":true,"href":"https:\/\/tvbrazilusa.com\/pt\/wp-json\/wp\/v2\/comments?post=90303"}],"version-history":[{"count":1,"href":"https:\/\/tvbrazilusa.com\/pt\/wp-json\/wp\/v2\/posts\/90303\/revisions"}],"predecessor-version":[{"id":90305,"href":"https:\/\/tvbrazilusa.com\/pt\/wp-json\/wp\/v2\/posts\/90303\/revisions\/90305"}],"wp:featuredmedia":[{"embeddable":true,"href":"https:\/\/tvbrazilusa.com\/pt\/wp-json\/wp\/v2\/media\/90304"}],"wp:attachment":[{"href":"https:\/\/tvbrazilusa.com\/pt\/wp-json\/wp\/v2\/media?parent=90303"}],"wp:term":[{"taxonomy":"category","embeddable":true,"href":"https:\/\/tvbrazilusa.com\/pt\/wp-json\/wp\/v2\/categories?post=90303"},{"taxonomy":"post_tag","embeddable":true,"href":"https:\/\/tvbrazilusa.com\/pt\/wp-json\/wp\/v2\/tags?post=90303"}],"curies":[{"name":"wp","href":"https:\/\/api.w.org\/{rel}","templated":true}]}}