{"id":90312,"date":"2025-01-10T21:10:04","date_gmt":"2025-01-10T21:10:04","guid":{"rendered":"https:\/\/tvbrazilusa.com\/2025\/01\/10\/parlamentares-pedirao-a-trump-o-fim-do-visto-de-moraes-caso-nao-permita-a-ida-de-bolsonaro-aos-eua-para-a-posse-veja-video\/"},"modified":"2025-01-10T21:10:06","modified_gmt":"2025-01-10T21:10:06","slug":"parlamentares-pedirao-a-trump-o-fim-do-visto-de-moraes-caso-nao-permita-a-ida-de-bolsonaro-aos-eua-para-a-posse-veja-video","status":"publish","type":"post","link":"https:\/\/tvbrazilusa.com\/pt\/2025\/01\/10\/parlamentares-pedirao-a-trump-o-fim-do-visto-de-moraes-caso-nao-permita-a-ida-de-bolsonaro-aos-eua-para-a-posse-veja-video\/","title":{"rendered":"Parlamentares pedir\u00e3o a Trump o fim do visto de Moraes, caso n\u00e3o permita a ida de Bolsonaro aos EUA para a posse; VEJA V\u00cdDEO"},"content":{"rendered":"<p> <script async src=\"https:\/\/pagead2.googlesyndication.com\/pagead\/js\/adsbygoogle.js?client=ca-pub-8864793242727901\"\r\n     crossorigin=\"anonymous\"><\/script><br \/>\n<br \/>Parlamentares pedir\u00e3o a Trump o fim do visto de Moraes, caso n\u00e3o permita a ida de Bolsonaro aos EUA para a posse<br \/>\n<br \/><br \/>\n<br \/><a href=\"https:\/\/diariodobrasilnoticias.com.br\/noticia\/parlamentares-pedirao-a-trump-o-fim-do-visto-de-moraes-caso-nao-permita-a-ida-de-bolsonaro-aos-eua-para-a-posse-veja-video-67817611622e1\">Source link <\/a><\/p>","protected":false},"excerpt":{"rendered":"<p>Parlamentares pedir\u00e3o a Trump o fim do visto de Moraes, caso n\u00e3o permita a ida de Bolsonaro aos EUA para a posse Source link<\/p>","protected":false},"author":1,"featured_media":90313,"comment_status":"closed","ping_status":"open","sticky":false,"template":"","format":"standard","meta":{"content-type":"","footnotes":""},"categories":[16],"tags":[123,2448,5313,1267],"class_list":["post-90312","post","type-post","status-publish","format-standard","has-post-thumbnail","hentry","category-noticias","tag-brasil","tag-diario","tag-noticia","tag-noticias"],"_links":{"self":[{"href":"https:\/\/tvbrazilusa.com\/pt\/wp-json\/wp\/v2\/posts\/90312","targetHints":{"allow":["GET"]}}],"collection":[{"href":"https:\/\/tvbrazilusa.com\/pt\/wp-json\/wp\/v2\/posts"}],"about":[{"href":"https:\/\/tvbrazilusa.com\/pt\/wp-json\/wp\/v2\/types\/post"}],"author":[{"embeddable":true,"href":"https:\/\/tvbrazilusa.com\/pt\/wp-json\/wp\/v2\/users\/1"}],"replies":[{"embeddable":true,"href":"https:\/\/tvbrazilusa.com\/pt\/wp-json\/wp\/v2\/comments?post=90312"}],"version-history":[{"count":1,"href":"https:\/\/tvbrazilusa.com\/pt\/wp-json\/wp\/v2\/posts\/90312\/revisions"}],"predecessor-version":[{"id":90314,"href":"https:\/\/tvbrazilusa.com\/pt\/wp-json\/wp\/v2\/posts\/90312\/revisions\/90314"}],"wp:featuredmedia":[{"embeddable":true,"href":"https:\/\/tvbrazilusa.com\/pt\/wp-json\/wp\/v2\/media\/90313"}],"wp:attachment":[{"href":"https:\/\/tvbrazilusa.com\/pt\/wp-json\/wp\/v2\/media?parent=90312"}],"wp:term":[{"taxonomy":"category","embeddable":true,"href":"https:\/\/tvbrazilusa.com\/pt\/wp-json\/wp\/v2\/categories?post=90312"},{"taxonomy":"post_tag","embeddable":true,"href":"https:\/\/tvbrazilusa.com\/pt\/wp-json\/wp\/v2\/tags?post=90312"}],"curies":[{"name":"wp","href":"https:\/\/api.w.org\/{rel}","templated":true}]}}