{"id":90315,"date":"2025-01-10T21:23:59","date_gmt":"2025-01-10T21:23:59","guid":{"rendered":"https:\/\/tvbrazilusa.com\/2025\/01\/10\/bomba-brasil-vendeu-spray-de-pimenta-a-venezuela-antes-de-eleicao-de-maduro\/"},"modified":"2025-01-10T21:24:00","modified_gmt":"2025-01-10T21:24:00","slug":"bomba-brasil-vendeu-spray-de-pimenta-a-venezuela-antes-de-eleicao-de-maduro","status":"publish","type":"post","link":"https:\/\/tvbrazilusa.com\/pt\/2025\/01\/10\/bomba-brasil-vendeu-spray-de-pimenta-a-venezuela-antes-de-eleicao-de-maduro\/","title":{"rendered":"BOMBA: Brasil vendeu spray de pimenta \u00e0 Venezuela antes de elei\u00e7\u00e3o de Maduro"},"content":{"rendered":"<p> <script async src=\"https:\/\/pagead2.googlesyndication.com\/pagead\/js\/adsbygoogle.js?client=ca-pub-8864793242727901\"\r\n     crossorigin=\"anonymous\"><\/script><br \/>\n<\/p>\n<div id=\"taboola-read-more\" style=\"display:block; width:100%\">\n<p>Brasil exportou 20 mil frascos de spray de pimenta \u00e0 Venezuela, de acordo com dados do governo federal. Produto \u00e9 normalmente usado por for\u00e7as de seguran\u00e7a para conter protestos. Exporta\u00e7\u00e3o aconteceu \u00e0s v\u00e9speras das elei\u00e7\u00f5es presidenciais de julho deste ano<br \/>Encravada na fronteira entre o Brasil e a Venezuela, a cidade brasileira de Pacaraima, com pouco mais de 18 mil habitantes, virou a primeira parada para milhares de imigrantes venezuelanos que fogem da crise econ\u00f4mica e da repress\u00e3o pol\u00edtica do regime de Nicol\u00e1s Maduro.\n<\/p>\n<p>Sem alarde, enquanto a Venezuela se preparava para as elei\u00e7\u00f5es presidenciais que poderiam colocar um fim a 11 anos de chavismo, a cidade se transformou, tamb\u00e9m, na \u00faltima parada de uma carga particularmente importante para o regime de Maduro.<\/p>\n<p>Dados obtidos com exclusividade pela BBC News Brasil apontam que foi por l\u00e1 que passaram pelo menos dois carregamentos que, somados, totalizam 20 mil frascos de spray de pimenta exportados pelo Brasil ao pa\u00eds vizinho.\n<\/p>\n<p>O produto \u00e9 comumente utilizado por for\u00e7as de seguran\u00e7a de todo o mundo para controlar protestos como os que foram realizados no pa\u00eds ap\u00f3s a contestada declara\u00e7\u00e3o de vit\u00f3ria de Maduro para mais um mandato.\n<\/p>\n<p>De acordo com um relat\u00f3rio da Organiza\u00e7\u00e3o das Na\u00e7\u00f5es Unidas (ONU), os protestos foram respondidos com deten\u00e7\u00f5es arbitr\u00e1rias e diversas viola\u00e7\u00f5es de direitos humanos.\n<\/p>\n<p>Em comunicado sobre o assunto, a ditadura Venezuela rejeitou &#8220;categoricamente&#8221; as alega\u00e7\u00f5es do documento e classificou o relat\u00f3rio como &#8220;vulgar&#8221; e &#8220;panflet\u00e1rio&#8221;, elaborado para cumprir ordens do governo norte-americano.\n<\/p>\n<p>A venda chama aten\u00e7\u00e3o porque a sua exporta\u00e7\u00e3o teve o aval do Minist\u00e9rio da Defesa e do Ex\u00e9rcito Brasileiro, apesar de ter sido registrada em um momento em que a comunidade internacional e at\u00e9 mesmo o Brasil j\u00e1 tinham dado demonstra\u00e7\u00f5es de preocupa\u00e7\u00e3o com rela\u00e7\u00e3o ao tratamento dado pelo regime de Maduro \u00e0 oposi\u00e7\u00e3o venezuelana.\n<\/p>\n<p>Procurado, o governo brasileiro disse que a exporta\u00e7\u00e3o do produto ocorreu dentro das normas vigentes. O regime da Venezuela n\u00e3o se manifestou.\n<\/p>\n<p>A empresa ou as empresas respons\u00e1veis pela venda n\u00e3o foram identificadas.\n<\/p>\n<p>A BBC News Brasil questionou o Ex\u00e9rcito sobre o assunto, mas o \u00f3rg\u00e3o informou que n\u00e3o poderia divulgar o nome da companhia que vendeu o produto \u00e0 Venezuela.\n<\/p>\n<p>Da mesma forma, n\u00e3o h\u00e1 informa\u00e7\u00f5es sobre se a compra foi feita por empresas privadas da Venezuela ou pelo pr\u00f3prio regime.\n<\/p>\n<p>Entidades que atuam na defesa dos direitos humanos e especialistas em Rela\u00e7\u00f5es Internacionais ouvidos pela BBC News Brasil, no entanto, criticaram a venda desse tipo de artefato para a Venezuela.\n<\/p>\n<p>&#8220;\u00c9 claramente equivocada a decis\u00e3o de exportar materiais, mesmo que n\u00e3o letais, para um pa\u00eds que sofreu uma virada autorit\u00e1ria significativa nos \u00faltimos anos e que tem um hist\u00f3rico de repress\u00e3o violenta contra direitos pol\u00edticos da popula\u00e7\u00e3o&#8221;, disse \u00e0 BBC News Brasil o consultor s\u00eanior do Instituto Sou da Paz Bruno Langeani.\n<\/p>\n<p>Essas entidades tamb\u00e9m chamam aten\u00e7\u00e3o para o fato de que a compra desses artefatos ter ocorrido nos meses que antecederam a elei\u00e7\u00e3o de 28 de julho deste ano, cujo resultado n\u00e3o foi reconhecido por diversos pa\u00edses, inclusive o Brasil.\n<\/p>\n<p>Como foi a venda dos sprays de pimenta<br \/>Os dados sobre a exporta\u00e7\u00e3o do spray de pimenta do Brasil \u00e0 Venezuela foram obtidos pela BBC News Brasil junto ao Minist\u00e9rio do Desenvolvimento, Ind\u00fastria, Com\u00e9rcio e Servi\u00e7os (MDIC).\n<\/p>\n<p>A base de dados da pasta d\u00e1 a dimens\u00e3o da compra venezuelana.\n<\/p>\n<p>Os 20 mil frascos importados pela Venezuela fizeram do pa\u00eds o maior comprador do produto em 2024. Em segundo lugar ficou o Chile, com 4 mil.\n<\/p>\n<p>A compra feita pela Venezuela em 2024 \u00e9 maior que os 9,1 mil somados de todas as compras feitas por outros pa\u00edses.\n<\/p>\n<p>De acordo com os dados obtidos pela BBC News Brasil, os frascos sa\u00edram de S\u00e3o Paulo at\u00e9 Roraima e de l\u00e1 foram enviados \u00e0 Venezuela.\n<\/p>\n<p>O produto foi remetido ao pa\u00eds vizinho em duas cargas nos meses de junho e de julho.\n<\/p>\n<p>As elei\u00e7\u00f5es presidenciais na Venezuela foram realizadas no dia 28 de julho e o resultado divulgado no dia 29 de julho.\n<\/p>\n<p>Maduro foi declarado o vencedor, o que desencadeou uma s\u00e9rie de protestos por todo o pa\u00eds, levou \u00e0 pris\u00e3o de dezenas de oposicionistas e \u00e0 fuga do ent\u00e3o candidato de oposi\u00e7\u00e3o, Edmundo Gonzales, considerado vitorioso por pa\u00edses como os Estados Unidos.\n<\/p>\n<p>Por se tratar de um material classificado como produto de defesa, o tr\u00e2mite para a sua exporta\u00e7\u00e3o \u00e9 diferente das demais mercadorias fabricadas ou exportadas pelo Brasil.\n<\/p>\n<p>Em geral, empresas de defesa precisam de uma autoriza\u00e7\u00e3o do governo brasileiro para dar in\u00edcio \u00e0s negocia\u00e7\u00f5es e, ao fim delas, realizar a exporta\u00e7\u00e3o.\n<\/p>\n<p>Na maior parte dos casos, esse processo envolve o Minist\u00e9rio das Rela\u00e7\u00f5es Exteriores (MRE), o Minist\u00e9rio da Defesa e o Ex\u00e9rcito.\n<\/p>\n<p>&#8220;A ideia \u00e9 que o governo tenha o controle sobre quais pa\u00edses ter\u00e3o acesso a produtos sens\u00edveis&#8221;, diz David Magalh\u00e3es, professor de Rela\u00e7\u00f5es Internacionais da Pontif\u00edcia Universidade Cat\u00f3lica de S\u00e3o Paulo (PUC-SP).\n<\/p>\n<p>&#8220;O objetivo \u00e9 evitar que a exporta\u00e7\u00e3o de armas e produtos de defesa possa ir na contram\u00e3o da pol\u00edtica externa do pa\u00eds. Por isso que, em geral, h\u00e1 uma an\u00e1lise do risco pol\u00edtico feito pelo Itamaraty.&#8221;\n<\/p>\n<p>No caso de produtos considerados n\u00e3o letais, como os frascos de spray de pimenta, esse processo \u00e9 regulamentado por uma portaria de dezembro de 2022 que estabelece que esse controle \u00e9 feito apenas pelo Minist\u00e9rio da Defesa e o Ex\u00e9rcito.<\/p>\n<p>Quando aplicado na pele, pode causar vermelhid\u00e3o e incha\u00e7o no rosto.\n<\/p>\n<p>Nos olhos, pode causar lacrimejamento intenso e cegueira tempor\u00e1ria por at\u00e9 30 minutos. A exposi\u00e7\u00e3o cont\u00ednua pode alterar a sensibilidade da c\u00f3rnea.\n<\/p>\n<p>Nas mucosas do nariz e da boca, a intensidade e a dura\u00e7\u00e3o dos efeitos dependem da \u00e1rea atingida e do tempo de exposi\u00e7\u00e3o.\n<\/p>\n<p>Elei\u00e7\u00e3o controversa e repress\u00e3o<br \/>As elei\u00e7\u00f5es de julho deste ano na Venezuela foram marcadas por uma s\u00e9rie de pol\u00eamicas.\n<\/p>\n<p>A expectativa junto \u00e0 comunidade internacional era de que o processo pudesse restabelecer, ao menos em parte, a normalidade pol\u00edtica no pa\u00eds governado pelo chavismo desde 1999.\n<\/p>\n<p>Pelo menos 7,7 milh\u00f5es de pessoas emigraram da Venezuela durante a \u00faltima d\u00e9cada, segundo o Alto Comissariado das Na\u00e7\u00f5es Unidas para os Refugiados (ACNUR).\n<\/p>\n<p>A primeira grande controv\u00e9rsia deste processo aconteceu em junho de 2023, quando as autoridades eleitorais proibiram Maria Corina Machado, a principal l\u00edder da oposi\u00e7\u00e3o venezuelana, de disputar as elei\u00e7\u00f5es.\n<\/p>\n<p>A segunda aconteceu em mar\u00e7o deste ano, quando as mesmas autoridades vedaram a candidatura da substituta de Maria Corina, Corina Yoris, para disputar as elei\u00e7\u00f5es.\n<\/p>\n<p>A sa\u00edda encontrada pela oposi\u00e7\u00e3o foi se aglutinar em torno do diplomata aposentado Edmundo Gonz\u00e1lez.\n<\/p>\n<p>No dia 2 de agosto, quatro dias depois das elei\u00e7\u00f5es, o Conselho Nacional Eleitoral (CNE) anunciou que Maduro havia sido o vencedor das elei\u00e7\u00f5es com 67% dos votos.\n<\/p>\n<p>A oposi\u00e7\u00e3o, no entanto, contestou os resultados, alegou que o vencedor havia sido Gonz\u00e1lez e acusou o regime de fraudar as elei\u00e7\u00f5es.\n<\/p>\n<p>A oposi\u00e7\u00e3o exigiu, ainda, a apresenta\u00e7\u00e3o por parte do CNE das atas de vota\u00e7\u00e3o que poderiam comprovar os votos em Maduro.\n<\/p>\n<p>Maduro chegou a alegar que o pa\u00eds teria sofrido um ataque hacker no dia das elei\u00e7\u00f5es e que, por isso, a apresenta\u00e7\u00e3o das atas atrasou.\n<\/p>\n<p>&#8220;A Venezuela sofreu um ataque \u00e0 noite. Um hacker massivo. Voc\u00ea sabe que pa\u00eds \u00e9 (respons\u00e1vel). N\u00e3o vou dizer qual \u00e9. Foi um ataque hacker massivo no sistema de transmiss\u00e3o (de dados) do CNE porque os dem\u00f4nios n\u00e3o queriam que se totalizassem (os dados de vota\u00e7\u00e3o)&#8221;, disse Maduro.\n<\/p>\n<p>&#8220;Como chefe pol\u00edtico e l\u00edder revolucion\u00e1rio da Venezuela, digo que o Partido Socialista da Venezuela est\u00e1 pronto para apresentar 100% das atas eleitorais das elei\u00e7\u00f5es de domingo. E espero que cada candidato tenha a mesma postura de reconhecer as atas&#8221;, declarou ap\u00f3s as elei\u00e7\u00f5es.\n<\/p>\n<p>Mas apesar de prometer que apresentaria as atas, o regime de Maduro nunca divulgou os documentos.\n<\/p>\n<p>Em meio ao impasse, diversos protestos contra o regime foram realizados no pa\u00eds. Em resposta, a ditadura de Maduro teria recrudescido a repress\u00e3o.\n<\/p>\n<p>Um relat\u00f3rio da Miss\u00e3o Internacional Independente da ONU de Apura\u00e7\u00e3o de Fatos sobre a Venezuela divulgado em outubro deste ano apontou uma s\u00e9rie de supostas viola\u00e7\u00f5es de direitos humanos praticadas pelo regime ap\u00f3s as elei\u00e7\u00f5es.\n<\/p>\n<p>Entre elas estaria a pris\u00e3o arbitr\u00e1ria de centenas de pessoas, entre elas 158 menores de idade.\n<\/p>\n<p>Al\u00e9m disso, pelo menos 25 pessoas teriam sido mortas por armas de fogo durante os protestos. Tamb\u00e9m h\u00e1 relatos sobre tortura e desaparecimentos for\u00e7ados.\n<\/p>\n<p>&#8220;Estas viola\u00e7\u00f5es, que incluem deten\u00e7\u00f5es arbitr\u00e1rias, tortura e viol\u00eancia sexual cometidas no \u00e2mbito de uma pol\u00edtica discriminat\u00f3ria, constituem o crime contra a humanidade de persegui\u00e7\u00e3o com base em raz\u00f5es pol\u00edticas, devido \u00e0 identidade das v\u00edtimas como membros da oposi\u00e7\u00e3o ao Governo ou percebidas como tal, ou simplesmente cr\u00edticas ao Governo&#8221;, disse um trecho do relat\u00f3rio.\n<\/p>\n<p>O regime da Venezuela vem rebatendo as acusa\u00e7\u00f5es afirmando que \u00e9 v\u00edtima de uma campanha internacional de difama\u00e7\u00e3o.\n<\/p>\n<p>No m\u00eas anterior, em resposta a outro relat\u00f3rio da ONU, classificou o documento como &#8220;um sinal claro do desvio err\u00e1tico liderado pelas institui\u00e7\u00f5es do sistema da ONU&#8221; que estariam &#8220;deslocadas em suas fun\u00e7\u00f5es e se transformando em instrumentos de coer\u00e7\u00e3o e chantagem contra povos e governos soberanos&#8221;.\n<\/p>\n<p>Na avalia\u00e7\u00e3o do diretor adjunto para Am\u00e9ricas da organiza\u00e7\u00e3o n\u00e3o governamental Human Rights Watch, Juan Papier, a repress\u00e3o na Venezuela piorou ap\u00f3s as elei\u00e7\u00f5es.\n<\/p>\n<p>&#8220;Isso se baseia em um longo hist\u00f3rico do regime Maduro usando armas letais ou menos letais para reprimir manifestantes de forma sistem\u00e1tica e cometer abusos que fazem parte de um padr\u00e3o mais amplo de viola\u00e7\u00f5es sistem\u00e1ticas de direitos humanos&#8221;, diz Papier \u00e0 BBC News Brasil.\n<\/p>\n<p>Sem mencionar diretamente o caso da venda de spray de pimenta do Brasil \u00e0 Venezuela, Papier afirma que pa\u00edses democr\u00e1ticos deveriam tomar precau\u00e7\u00f5es com rela\u00e7\u00e3o aos seus produtos.\n<\/p>\n<p>&#8220;Governos democr\u00e1ticos deveriam se certificar que nenhuma arma que eles vendam para a Venezuela seja usada para reprimir manifestantes.&#8221;\n<\/p>\n<p>Um militante que atua na defesa dos direitos humanos na Venezuela e que falou \u00e0 BBC News Brasil sob anonimato disse que ainda n\u00e3o teriam sido encontradas evid\u00eancias de que as for\u00e7as de seguran\u00e7a do pa\u00eds usaram spray de pimenta brasileiro contra manifestantes venezuelanos.\n<\/p>\n<p>Ele disse, por\u00e9m, que a maior parte das entidades tem sido cautelosa em fazer cr\u00edticas ao governo brasileiro por conta do posicionamento cr\u00edtico mais recente adotado pelo pa\u00eds em rela\u00e7\u00e3o ao regime Maduro.\n<\/p>\n<p>Para Magalh\u00e3es, &#8220;considerando o risco de esses artefatos serem usados para reprimir manifesta\u00e7\u00f5es leg\u00edtimas, o Brasil n\u00e3o deveria ter autorizado a exporta\u00e7\u00e3o de spray de pimenta para a Venezuela&#8221;.\n<\/p>\n<p>Exporta\u00e7\u00e3o em meio a estremecimento diplom\u00e1tico<br \/>A exporta\u00e7\u00e3o do spray de pimenta para o regime de Maduro aconteceu em um momento de inflex\u00e3o da pol\u00edtica externa brasileira em rela\u00e7\u00e3o \u00e0 Venezuela.\n<\/p>\n<p>Nos \u00faltimos dois anos, o presidente Luiz In\u00e1cio Lula da Silva (PT) saiu de uma postura de apoio \u00e0 cr\u00edtica em rela\u00e7\u00e3o \u00e0 atua\u00e7\u00e3o de Maduro.\n<\/p>\n<p>As tens\u00f5es levaram a Venezuela a convocar o seu embaixador no Brasil de volta a Caracas. Na linguagem diplom\u00e1tica, a convoca\u00e7\u00e3o de um diplomata representa uma demonstra\u00e7\u00e3o de grave discord\u00e2ncia com rela\u00e7\u00e3o a outro pa\u00eds.\n<\/p>\n<p>Ao assumir seu terceiro mandato, Lula estabeleceu como uma de suas metas restabelecer as rela\u00e7\u00f5es diplom\u00e1ticas com a Venezuela, rompidas durante o governo de Jair Bolsonaro (PL), e auxiliar o pa\u00eds a retomar o di\u00e1logo internacional.\n<\/p>\n<p>Para isso, reabriu a embaixada brasileira em Caracas, nomeou uma nova embaixadora e recebeu Maduro em Bras\u00edlia com honras de chefe de Estado durante a c\u00fapula de l\u00edderes da Am\u00e9rica do Sul, em maio de 2023.\n<\/p>\n<p>Durante esse encontro, Lula afirmou que as alega\u00e7\u00f5es de que Maduro comandaria um regime autorit\u00e1rio faziam parte de uma &#8220;narrativa&#8221; a ser combatida pelo l\u00edder venezuelano.\n<\/p>\n<p>No entanto, nos bastidores, o governo brasileiro aguardava as elei\u00e7\u00f5es presidenciais venezuelanas de 2024 como um teste para Maduro.\n<\/p>\n<p>Em dezembro de 2023, as autoridades brasileiras tiveram mais um motivo de preocupa\u00e7\u00e3o em rela\u00e7\u00e3o \u00e0 Venezuela.\n<\/p>\n<p>Maduro realizou um plebiscito sobre a incorpora\u00e7\u00e3o da regi\u00e3o de Essequibo, um territ\u00f3rio atualmente controlado pela Guiana rico em petr\u00f3leo e outros recursos naturais, mas que \u00e9 historicamente reivindicado pela Venezuela.\n<\/p>\n<p>Em meio \u00e0 escalada das declara\u00e7\u00f5es dos l\u00edderes dos dois pa\u00edses, o Brasil chegou a enviar tropas para refor\u00e7ar as fronteiras em Roraima, numa demonstra\u00e7\u00e3o de que n\u00e3o permitiria o avan\u00e7o de militares venezuelanos pelo territ\u00f3rio brasileiro no caso de uma eventual incurs\u00e3o do pa\u00eds sobre Essequibo.\n<\/p>\n<p>Embora contrariado com a disputa territorial, o governo brasileiro n\u00e3o condenou diretamente o regime venezuelano e liderou um encontro entre os presidentes dos dois pa\u00edses, em dezembro, onde os dois pa\u00edses prometeram evitar um aumento das tens\u00f5es.\n<\/p>\n<p>A postura do Brasil mudou, no entanto, em mar\u00e7o de 2024, quando as autoridades eleitorais da Venezuela impediram Maria Corina Machado e sua substituta, Corina Yoris, de disputarem a elei\u00e7\u00e3o.\n<\/p>\n<p>Lula classificou o impedimento como &#8220;grave&#8221;, e o Itamaraty emitiu nota expressando preocupa\u00e7\u00e3o com o processo eleitoral.\n<\/p>\n<p>A ditadura venezuelana rebateu, afirmando que a nota brasileira parecia ter sido escrita pelo &#8220;Departamento de Estado dos Estados Unidos&#8221;.\n<\/p>\n<p>\u00c0s v\u00e9speras da elei\u00e7\u00e3o, Lula voltou a criticar Maduro por dizer que o pa\u00eds poderia viver um &#8220;banho de sangue&#8221; caso n\u00e3o vencesse as elei\u00e7\u00f5es.\n<\/p>\n<p>O presidente brasileiro disse que a \u00fanica chance de a Venezuela voltar \u00e0 normalidade seria por meio de um processo eleitoral respeitado por todos.\n<\/p>\n<p>O Brasil, assim como outros pa\u00edses como Col\u00f4mbia e M\u00e9xico, n\u00e3o reconheceu a vit\u00f3ria de Maduro nas urnas e pediu que as atas das urnas fossem apresentadas, o que n\u00e3o aconteceu at\u00e9 agora.\n<\/p>\n<p>Para o professor David Magalh\u00e3es, a exporta\u00e7\u00e3o dos milhares de frascos de spray de pimenta \u00e0 Venezuela no momento em que o governo brasileiro vinha fazendo manifesta\u00e7\u00f5es cr\u00edticas em rela\u00e7\u00e3o ao regime seriam uma amostra de como a exporta\u00e7\u00e3o de produtos de defesa no Brasil nem sempre atende \u00e0 agenda de pol\u00edtica externa do pa\u00eds.\n<\/p>\n<p>&#8220;O que minhas pesquisas mostram \u00e9 que definitivamente n\u00e3o existe alinhamento da pol\u00edtica de exporta\u00e7\u00e3o de armas com a pol\u00edtica externa do Brasil&#8221;, diz Magalh\u00e3es.\n<\/p>\n<p>&#8220;O Brasil, por exemplo, j\u00e1 vendeu avi\u00f5es Super Tucanos \u00e0 Col\u00f4mbia que depois foram usados contra as For\u00e7as Armadas Revolucion\u00e1rias da Col\u00f4mbia (FARC), alinhadas \u00e0 esquerda.&#8221;\n<\/p>\n<p>Magalh\u00e3es explica que a for\u00e7a da ind\u00fastria de Defesa no Brasil acabaria se sobrepondo \u00e0s agendas pol\u00edticas do governo.\n<\/p>\n<p>&#8220;A ind\u00fastria de Defesa precisa exportar por conting\u00eancias econ\u00f4micas, uma vez que o governo brasileiro n\u00e3o consegue, sozinho, dar conta da oferta&#8221;, diz o professor.\n<\/p>\n<p>&#8220;O que temos visto \u00e9 uma postura um pouco mais relaxada dos \u00f3rg\u00e3os respons\u00e1veis por dar a anu\u00eancia a estas vendas.&#8221;\n<\/p>\n<p>Procurado pela reportagem, o governo Lula informou que n\u00e3o exporta spray de pimenta, atribuindo essa pr\u00e1tica exclusivamente a empresas privadas e reiterando que as exporta\u00e7\u00f5es seguiram as normas aplic\u00e1veis.\n<\/p>\n<p>&#8220;A exporta\u00e7\u00e3o para a Venezuela e para os demais dez pa\u00edses que constam nas estat\u00edsticas oficiais [&#8230;] s\u00e3o realizadas por empresas privadas&#8221;, disse o Planalto em nota.\n<\/p>\n<p>O Minist\u00e9rio da Defesa informou que &#8220;a exporta\u00e7\u00e3o dos produtos foi autorizada e atendeu \u00e0 regulamenta\u00e7\u00e3o vigente para a venda de produtos de defesa ao exterior&#8221;.\n<\/p>\n<p>J\u00e1 o Ex\u00e9rcito disse que sua compet\u00eancia envolve apenas &#8220;a verifica\u00e7\u00e3o documental sobre o processo em tela, seguindo a legisla\u00e7\u00e3o em vigor, n\u00e3o cabendo qualquer ila\u00e7\u00e3o acerca de outros assuntos&#8221;.\n<\/p>\n<p>A BBC News Brasil enviou questionamentos \u00e0 Embaixada da Venezuela no Brasil, mas n\u00e3o houve resposta.\n<\/p>\n<p>Fonte: Folha de S.Paulo              <\/p>\n<\/div>\n<p><br \/>\n<br \/><a href=\"https:\/\/diariodobrasilnoticias.com.br\/noticia\/bomba-brasil-vendeu-spray-de-pimenta-a-venezuela-antes-de-eleicao-de-maduro-67817114e5d68\">Source link <\/a><\/p>","protected":false},"excerpt":{"rendered":"<p>Brasil exportou 20 mil frascos de spray de pimenta \u00e0 Venezuela, de acordo com dados do governo federal. Produto \u00e9 normalmente usado por for\u00e7as de seguran\u00e7a para conter protestos. Exporta\u00e7\u00e3o&hellip;<\/p>","protected":false},"author":1,"featured_media":90316,"comment_status":"closed","ping_status":"open","sticky":false,"template":"","format":"standard","meta":{"content-type":"","footnotes":""},"categories":[16],"tags":[123,2448,5313,1267],"class_list":["post-90315","post","type-post","status-publish","format-standard","has-post-thumbnail","hentry","category-noticias","tag-brasil","tag-diario","tag-noticia","tag-noticias"],"_links":{"self":[{"href":"https:\/\/tvbrazilusa.com\/pt\/wp-json\/wp\/v2\/posts\/90315","targetHints":{"allow":["GET"]}}],"collection":[{"href":"https:\/\/tvbrazilusa.com\/pt\/wp-json\/wp\/v2\/posts"}],"about":[{"href":"https:\/\/tvbrazilusa.com\/pt\/wp-json\/wp\/v2\/types\/post"}],"author":[{"embeddable":true,"href":"https:\/\/tvbrazilusa.com\/pt\/wp-json\/wp\/v2\/users\/1"}],"replies":[{"embeddable":true,"href":"https:\/\/tvbrazilusa.com\/pt\/wp-json\/wp\/v2\/comments?post=90315"}],"version-history":[{"count":1,"href":"https:\/\/tvbrazilusa.com\/pt\/wp-json\/wp\/v2\/posts\/90315\/revisions"}],"predecessor-version":[{"id":90317,"href":"https:\/\/tvbrazilusa.com\/pt\/wp-json\/wp\/v2\/posts\/90315\/revisions\/90317"}],"wp:featuredmedia":[{"embeddable":true,"href":"https:\/\/tvbrazilusa.com\/pt\/wp-json\/wp\/v2\/media\/90316"}],"wp:attachment":[{"href":"https:\/\/tvbrazilusa.com\/pt\/wp-json\/wp\/v2\/media?parent=90315"}],"wp:term":[{"taxonomy":"category","embeddable":true,"href":"https:\/\/tvbrazilusa.com\/pt\/wp-json\/wp\/v2\/categories?post=90315"},{"taxonomy":"post_tag","embeddable":true,"href":"https:\/\/tvbrazilusa.com\/pt\/wp-json\/wp\/v2\/tags?post=90315"}],"curies":[{"name":"wp","href":"https:\/\/api.w.org\/{rel}","templated":true}]}}