{"id":90331,"date":"2025-01-10T21:54:10","date_gmt":"2025-01-10T21:54:10","guid":{"rendered":"https:\/\/tvbrazilusa.com\/2025\/01\/10\/gerente-da-casa-acusado-de-agredir-sexualmente-residentes-de-instalacoes-de-tratamento-em-nj\/"},"modified":"2025-01-10T22:02:15","modified_gmt":"2025-01-10T22:02:15","slug":"gerente-da-casa-acusado-de-agredir-sexualmente-residentes-de-instalacoes-de-tratamento-em-nj","status":"publish","type":"post","link":"https:\/\/tvbrazilusa.com\/pt\/2025\/01\/10\/gerente-da-casa-acusado-de-agredir-sexualmente-residentes-de-instalacoes-de-tratamento-em-nj\/","title":{"rendered":"Gerente da casa acusado de agredir sexualmente residentes de instala\u00e7\u00f5es de tratamento em NJ"},"content":{"rendered":"<script async src=\"https:\/\/pagead2.googlesyndication.com\/pagead\/js\/adsbygoogle.js?client=ca-pub-8864793242727901\"\r\n     crossorigin=\"anonymous\"><\/script>\n<div>\n<p class=\"article__paragraph article__paragraph--left\" id=\"L5SW5N5BKNDN5KB4A4IMJJOAAA\">As autoridades do condado de Cumberland acusaram um homem de Vineland de agredir sexualmente duas pessoas em uma unidade residencial de tratamento em Bridgeton, disseram autoridades do Minist\u00e9rio P\u00fablico do condado de Cumberland na sexta-feira.<\/p>\n<p class=\"article__paragraph article__paragraph--left\" id=\"CVE5UCWJBVCDTPMS2YGVGEAKKU\">Brian K. Taylor, 30, de Vineland, foi acusado de duas acusa\u00e7\u00f5es de agress\u00e3o sexual de segundo grau, agress\u00e3o sexual de segundo grau pela for\u00e7a ou coer\u00e7\u00e3o e duas acusa\u00e7\u00f5es de contato sexual agravado de terceiro grau. <\/p>\n<p class=\"article__paragraph article__paragraph--left\" id=\"I7IAZKTPJBDIDETWPMM5YX3PA4\">Funcion\u00e1rios do Gabinete do Procurador do Condado de Cumberland foram notificados pela primeira vez sobre uma alegada agress\u00e3o sexual de um residente do sexo masculino no <a href=\"https:\/\/www.kintock.org\/team-5\" target=\"_blank\" rel=\"\" title=\"https:\/\/www.kintock.org\/team-5\">Instala\u00e7\u00e3o de tratamento residencial do Grupo Kintock<\/a> em Bridgeton em agosto de 2024, disseram as autoridades. <\/p>\n<p class=\"article__paragraph article__paragraph--left\" id=\"I4IAHKQIQJAYPERD77PVESTBPQ\">Por meio de uma investiga\u00e7\u00e3o, as autoridades identificaram uma segunda suposta v\u00edtima, disseram as autoridades. <\/p>\n<p class=\"article__paragraph article__paragraph--left\" id=\"LU2FL3KSSZBKHLCGTUDLFJVXXA\">Taylor atuou como gerente dom\u00e9stico no Grupo Kintock e \u00e9 acusado de usar sua autoridade de supervis\u00e3o para for\u00e7ar ou coagir ambas as v\u00edtimas a permitir que ele praticasse atos sexuais com elas, disseram as autoridades. <\/p>\n<p class=\"article__paragraph article__paragraph--left\" id=\"YWLQ5VLGRBGEPBCE4MV3AUN6I4\">Taylor foi preso e acusado na quinta-feira e est\u00e1 detido na Cadeia do Condado de Cumberland aguardando um comparecimento antes do julgamento, disseram as autoridades. <\/p>\n<p class=\"article__paragraph article__paragraph--left\" id=\"6Q3KQP5VR5BUBBLC3YKLH5LPXE\">O<a href=\"https:\/\/www.kintock.org\/bridgeton-nj-residential\" target=\"_blank\" rel=\"\" title=\"https:\/\/www.kintock.org\/bridgeton-nj-residential\"> Grupo Kintock<\/a> A instala\u00e7\u00e3o residencial foi constru\u00edda em 1999 e tem contratos com o Departamento de Corre\u00e7\u00f5es de Nova Jersey, o Conselho de Liberdade Condicional do Estado de Nova Jersey e o Departamento Federal de Pris\u00f5es para fornecer servi\u00e7os de tratamento e reintegra\u00e7\u00e3o para pessoas recentemente libertadas da pris\u00e3o, de acordo com seu site.<\/p>\n<p class=\"article__paragraph article__paragraph--left\" id=\"KZ6PAPSQ2ZEPDGMNB63XXUHZWA\">A empresa opera em v\u00e1rios outros locais na regi\u00e3o, incluindo instala\u00e7\u00f5es em Paterson, Newark, Filad\u00e9lfia e Fort Washington, Pensilv\u00e2nia. <\/p>\n<p class=\"article__paragraph article__paragraph--left\" id=\"IPABLEUCHJBPXLGTZZRTXISSUQ\">Um representante do Grupo Kintock n\u00e3o respondeu imediatamente a um pedido de coment\u00e1rio. <\/p>\n<p class=\"article__paragraph article__paragraph--left\" id=\"RGQ5FQYUYFBQ3DPWYNGSM56RI4\">Taylor n\u00e3o tinha um advogado de defesa listado nos registros judiciais online na sexta-feira.<\/p>\n<section class=\"Stories-By-Author-module_wrapper__ezbcK Stories-By-Author-module_nj__Ap1-Y\"\/>\n<p class=\"article__paragraph article__paragraph--left\" id=\"AVY7RXIRXFBQLKRDOSKCDQSSNI\"><i>Nosso jornalismo precisa do seu apoio. Por favor, inscreva-se hoje para <\/i><a href=\"http:\/\/nj.com\/\"><i>NJ.com<\/i><\/a><i>.<\/i><\/p>\n<p class=\"article__paragraph article__paragraph--left\" id=\"GQGQ7HYDDRDDZLVZJOALDXISTA\"><i>Matthew Enuco pode ser contatado em <\/i><a href=\"https:\/\/www.nj.com\/cumberland\/2025\/01\/mailto:Menuco@njadvancemedia.com\"><i>Menuco@njadvancemedia.com<\/i><\/a>. <i>Seguir <\/i><a href=\"https:\/\/twitter.com\/MediaManMatt\" title=\"https:\/\/twitter.com\/MediaManMatt\"><i>Matt no X<\/i><\/a><i>.<\/i><\/p>\n<\/div>\n<p><script async src=\"\/\/platform.twitter.com\/widgets.js\" charset=\"utf-8\"><\/script><br \/>\n<br \/><br \/>\n<br \/><a href=\"https:\/\/www.nj.com\/cumberland\/2025\/01\/house-manager-accused-of-sexually-assaulting-residents-of-treatment-facility.html\">Source link <\/a><\/p>","protected":false},"excerpt":{"rendered":"<p>As autoridades do condado de Cumberland acusaram um homem de Vineland de agredir sexualmente duas pessoas em uma unidade residencial de tratamento em Bridgeton, disseram autoridades do Minist\u00e9rio P\u00fablico do&hellip;<\/p>","protected":false},"author":1,"featured_media":90332,"comment_status":"closed","ping_status":"open","sticky":false,"template":"","format":"standard","meta":{"content-type":"","footnotes":""},"categories":[1],"tags":[15195,32357,13967],"class_list":["post-90331","post","type-post","status-publish","format-standard","has-post-thumbnail","hentry","category-uncategorized","tag-generico","tag-midia-avancada-nj","tag-nj-com"],"_links":{"self":[{"href":"https:\/\/tvbrazilusa.com\/pt\/wp-json\/wp\/v2\/posts\/90331","targetHints":{"allow":["GET"]}}],"collection":[{"href":"https:\/\/tvbrazilusa.com\/pt\/wp-json\/wp\/v2\/posts"}],"about":[{"href":"https:\/\/tvbrazilusa.com\/pt\/wp-json\/wp\/v2\/types\/post"}],"author":[{"embeddable":true,"href":"https:\/\/tvbrazilusa.com\/pt\/wp-json\/wp\/v2\/users\/1"}],"replies":[{"embeddable":true,"href":"https:\/\/tvbrazilusa.com\/pt\/wp-json\/wp\/v2\/comments?post=90331"}],"version-history":[{"count":1,"href":"https:\/\/tvbrazilusa.com\/pt\/wp-json\/wp\/v2\/posts\/90331\/revisions"}],"predecessor-version":[{"id":90333,"href":"https:\/\/tvbrazilusa.com\/pt\/wp-json\/wp\/v2\/posts\/90331\/revisions\/90333"}],"wp:featuredmedia":[{"embeddable":true,"href":"https:\/\/tvbrazilusa.com\/pt\/wp-json\/wp\/v2\/media\/90332"}],"wp:attachment":[{"href":"https:\/\/tvbrazilusa.com\/pt\/wp-json\/wp\/v2\/media?parent=90331"}],"wp:term":[{"taxonomy":"category","embeddable":true,"href":"https:\/\/tvbrazilusa.com\/pt\/wp-json\/wp\/v2\/categories?post=90331"},{"taxonomy":"post_tag","embeddable":true,"href":"https:\/\/tvbrazilusa.com\/pt\/wp-json\/wp\/v2\/tags?post=90331"}],"curies":[{"name":"wp","href":"https:\/\/api.w.org\/{rel}","templated":true}]}}