{"id":90337,"date":"2025-01-10T22:09:36","date_gmt":"2025-01-10T22:09:36","guid":{"rendered":"https:\/\/tvbrazilusa.com\/2025\/01\/10\/bolsonaro-repudia-veto-de-lula-a-pensao-vitalicia-para-criancas-com-microcefalia\/"},"modified":"2025-01-10T22:09:38","modified_gmt":"2025-01-10T22:09:38","slug":"bolsonaro-repudia-veto-de-lula-a-pensao-vitalicia-para-criancas-com-microcefalia","status":"publish","type":"post","link":"https:\/\/tvbrazilusa.com\/pt\/2025\/01\/10\/bolsonaro-repudia-veto-de-lula-a-pensao-vitalicia-para-criancas-com-microcefalia\/","title":{"rendered":"Bolsonaro repudia veto de Lula \u00e0 pens\u00e3o vital\u00edcia para crian\u00e7as com microcefalia"},"content":{"rendered":"<p> <script async src=\"https:\/\/pagead2.googlesyndication.com\/pagead\/js\/adsbygoogle.js?client=ca-pub-8864793242727901\"\r\n     crossorigin=\"anonymous\"><\/script><br \/>\n<\/p>\n<div id=\"taboola-read-more\" style=\"display:block; width:100%\">\n<p>Nesta sexta-feira, 10, o ex-presidente Jair Bolsonaro expressou sua insatisfa\u00e7\u00e3o nas redes sociais em rela\u00e7\u00e3o \u00e0 decis\u00e3o do presidente Luiz In\u00e1cio Lula da Silva de vetar a concess\u00e3o de pens\u00e3o vital\u00edcia para crian\u00e7as com microcefalia. Agora, as fam\u00edlias v\u00e3o receber uma \u00fanica indeniza\u00e7\u00e3o, no valor de R$ 60 mil.\n<\/p>\n<p>Esse benef\u00edcio havia sido introduzido por uma medida provis\u00f3ria assinada por Bolsonaro, em 2019. Na postagem, o pol\u00edtico do PL aparece ao lado de uma crian\u00e7a afetada pela condi\u00e7\u00e3o provocada pelo v\u00edrus da zika.<\/p>\n<p>A decis\u00e3o de Lula diz respeito a crian\u00e7as nascidas entre 1\u00ba de janeiro de 2015 e 31 de dezembro de 2024. Para a obten\u00e7\u00e3o do benef\u00edcio, \u00e9 necess\u00e1rio comprovar a liga\u00e7\u00e3o entre a s\u00edndrome cong\u00eanita e a infec\u00e7\u00e3o da m\u00e3e pelo v\u00edrus da zika durante a gesta\u00e7\u00e3o, al\u00e9m de confirmar a exist\u00eancia da defici\u00eancia.\n<\/p>\n<p><strong>O zika v\u00edrus, tema da postagem de Bolsonaro a Lula<\/strong>\n<\/p>\n<p>Entre 2015 e 2017, o Brasil enfrentou uma crise de sa\u00fade p\u00fablica em raz\u00e3o do aumento de casos de microcefalia associados ao v\u00edrus da zika. Conforme dados do Minist\u00e9rio da Sa\u00fade, h\u00e1 registro de 4.595 casos de crian\u00e7as com essa malforma\u00e7\u00e3o cong\u00eanita no pa\u00eds durante esse per\u00edodo.\n<\/p>\n<p>O pagamento do benef\u00edcio tem programa\u00e7\u00e3o para ocorrer em 2025. O custeio ser\u00e1 pelo programa or\u00e7ament\u00e1rio \u201cIndeniza\u00e7\u00f5es e Pens\u00f5es Especiais de Responsabilidade da Uni\u00e3o\u201d.\n<\/p>\n<p>No entanto, a libera\u00e7\u00e3o dos recursos est\u00e1 sujeita \u00e0 disponibilidade or\u00e7ament\u00e1ria e financeira, o que pode afetar a execu\u00e7\u00e3o dos pagamentos. De acordo com o Executivo, a medida de Lula busca assegurar que os recursos tenham a utiliza\u00e7\u00e3o de maneira respons\u00e1vel e dentro das capacidades financeiras do governo, j\u00e1 que uma pens\u00e3o geraria um gasto cont\u00ednuo aos cofres p\u00fablicos.\n<\/p>\n<p>\u00c0 Ag\u00eancia Senado, a senadora Mara Gabrilli (PSD-SP) criticou o veto do presidente. \u201c\u00c9 estarrecedor que, ap\u00f3s dez anos de luta e espera, essas fam\u00edlias sejam silenciadas com uma simples canetada do presidente Lula\u201d, afirmou.\n<\/p>\n<p>Fonte: Revista Oeste              <\/p>\n<\/div>\n<p><br \/>\n<br \/><a href=\"https:\/\/diariodobrasilnoticias.com.br\/noticia\/bolsonaro-repudia-veto-de-lula-a-pensao-vitalicia-para-criancas-com-microcefalia-67817b20144f8\">Source link <\/a><\/p>","protected":false},"excerpt":{"rendered":"<p>Nesta sexta-feira, 10, o ex-presidente Jair Bolsonaro expressou sua insatisfa\u00e7\u00e3o nas redes sociais em rela\u00e7\u00e3o \u00e0 decis\u00e3o do presidente Luiz In\u00e1cio Lula da Silva de vetar a concess\u00e3o de pens\u00e3o&hellip;<\/p>","protected":false},"author":1,"featured_media":90338,"comment_status":"closed","ping_status":"open","sticky":false,"template":"","format":"standard","meta":{"content-type":"","footnotes":""},"categories":[16],"tags":[123,2448,5313,1267],"class_list":["post-90337","post","type-post","status-publish","format-standard","has-post-thumbnail","hentry","category-noticias","tag-brasil","tag-diario","tag-noticia","tag-noticias"],"_links":{"self":[{"href":"https:\/\/tvbrazilusa.com\/pt\/wp-json\/wp\/v2\/posts\/90337","targetHints":{"allow":["GET"]}}],"collection":[{"href":"https:\/\/tvbrazilusa.com\/pt\/wp-json\/wp\/v2\/posts"}],"about":[{"href":"https:\/\/tvbrazilusa.com\/pt\/wp-json\/wp\/v2\/types\/post"}],"author":[{"embeddable":true,"href":"https:\/\/tvbrazilusa.com\/pt\/wp-json\/wp\/v2\/users\/1"}],"replies":[{"embeddable":true,"href":"https:\/\/tvbrazilusa.com\/pt\/wp-json\/wp\/v2\/comments?post=90337"}],"version-history":[{"count":1,"href":"https:\/\/tvbrazilusa.com\/pt\/wp-json\/wp\/v2\/posts\/90337\/revisions"}],"predecessor-version":[{"id":90339,"href":"https:\/\/tvbrazilusa.com\/pt\/wp-json\/wp\/v2\/posts\/90337\/revisions\/90339"}],"wp:featuredmedia":[{"embeddable":true,"href":"https:\/\/tvbrazilusa.com\/pt\/wp-json\/wp\/v2\/media\/90338"}],"wp:attachment":[{"href":"https:\/\/tvbrazilusa.com\/pt\/wp-json\/wp\/v2\/media?parent=90337"}],"wp:term":[{"taxonomy":"category","embeddable":true,"href":"https:\/\/tvbrazilusa.com\/pt\/wp-json\/wp\/v2\/categories?post=90337"},{"taxonomy":"post_tag","embeddable":true,"href":"https:\/\/tvbrazilusa.com\/pt\/wp-json\/wp\/v2\/tags?post=90337"}],"curies":[{"name":"wp","href":"https:\/\/api.w.org\/{rel}","templated":true}]}}