{"id":9034,"date":"2024-07-26T15:01:25","date_gmt":"2024-07-26T15:01:25","guid":{"rendered":"https:\/\/tvbrazilusa.com\/2024\/07\/26\/maquiador-e-encontrado-morto-em-seu-apartamento-e-familia-esclarece-circunstancias-tv-florida-usa-a-sua-tv-brasileira-nos-estados-unidos\/"},"modified":"2024-07-26T16:08:35","modified_gmt":"2024-07-26T16:08:35","slug":"maquiador-e-encontrado-morto-em-seu-apartamento-e-familia-esclarece-circunstancias-tv-florida-usa-a-sua-tv-brasileira-nos-estados-unidos","status":"publish","type":"post","link":"https:\/\/tvbrazilusa.com\/pt\/2024\/07\/26\/maquiador-e-encontrado-morto-em-seu-apartamento-e-familia-esclarece-circunstancias-tv-florida-usa-a-sua-tv-brasileira-nos-estados-unidos\/","title":{"rendered":"Maquiador \u00e9 encontrado morto em seu apartamento e fam\u00edlia esclarece circunst\u00e2ncias \u2013 TV Florida USA \u2013 A sua TV Brasileira nos Estados Unidos"},"content":{"rendered":"<p> <script async src=\"https:\/\/pagead2.googlesyndication.com\/pagead\/js\/adsbygoogle.js?client=ca-pub-8864793242727901\"\r\n     crossorigin=\"anonymous\"><\/script><br \/>\n<\/p>\n<div>\n<p>Foto: Reprodu\u00e7\u00e3o.<\/p>\n<p>A fam\u00edlia de Vin\u00edcius Walister, maquiador de 28 anos conhecido por seu trabalho com celebridades, divulgou uma carta aberta ao site Hugo Gloss, esclarecendo detalhes sobre sua morte. Vin\u00edcius, que lutava contra a depress\u00e3o, enfrentava desafios pessoais apesar de sua imagem p\u00fablica alegre.<\/p>\n<p>De acordo com a fam\u00edlia, Vin\u00edcius \u201cperdeu a batalha para a depress\u00e3o, uma doen\u00e7a s\u00e9ria que o levou a um momento de desespero\u201d. O comunicado tamb\u00e9m pede respeito e sensibilidade durante o luto.<\/p>\n<h2 class=\"wp-block-heading\">Morte de Vin\u00edcius Walister<\/h2>\n<p>O falecimento de Vin\u00edcius Walister foi confirmado na \u00faltima segunda-feira (22\/7), ap\u00f3s ele ter sido encontrado sem vida em seu apartamento no bairro Jardim Paulista, em S\u00e3o Paulo. A causa da morte est\u00e1 sendo investigada pela pol\u00edcia.<\/p>\n<p>A not\u00edcia foi anunciada pela primeira-dama de Mato Grosso, Virginia Mendes, que tamb\u00e9m era cliente e amiga de Vin\u00edcius. Ela expressou seu pesar e ofereceu condol\u00eancias aos familiares e amigos do maquiador.<\/p>\n<figure class=\"wp-block-image size-large\"><picture decoding=\"async\" class=\"wp-image-162031\"><source type=\"image\/webp\" srcset=\"https:\/\/terrabrasilnoticias.com\/wp-content\/uploads\/2024\/07\/image-830-1024x724.png.webp 1024w, https:\/\/terrabrasilnoticias.com\/wp-content\/uploads\/2024\/07\/image-830-300x212.png.webp 300w, https:\/\/terrabrasilnoticias.com\/wp-content\/uploads\/2024\/07\/image-830-768x543.png.webp 768w, https:\/\/terrabrasilnoticias.com\/wp-content\/uploads\/2024\/07\/image-830-120x86.png.webp 120w, https:\/\/terrabrasilnoticias.com\/wp-content\/uploads\/2024\/07\/image-830-750x530.png.webp 750w, https:\/\/terrabrasilnoticias.com\/wp-content\/uploads\/2024\/07\/image-830-1140x806.png.webp 1140w, https:\/\/terrabrasilnoticias.com\/wp-content\/uploads\/2024\/07\/image-830.png.webp 1194w\" sizes=\"(max-width: 1024px) 100vw, 1024px\"\/><\/picture>\n<\/figure>\n<h2 class=\"wp-block-heading\">Quem era Vin\u00edcius Walister?<\/h2>\n<p>Vin\u00edcius come\u00e7ou sua carreira em Cuiab\u00e1, no Mato Grosso, antes de se mudar para S\u00e3o Paulo h\u00e1 dois anos, onde passou a morar no Jardim Paulista. Ele ganhou fama por maquiar diversas celebridades, como Juliette, Mariana Ximenes, Ticiane Pinheiro, Alinne Moraes, Vanessa Lopes, Thais Braz e Emilly Ara\u00fajo.<\/p>\n<p>Os amigos mais pr\u00f3ximos o descrevem como um profissional <strong>criativo<\/strong>, <strong>talentoso<\/strong> e autodidata, capaz de transformar qualquer visual com sua habilidade e paix\u00e3o pela maquiagem.<\/p>\n<figure class=\"wp-block-image size-full\"><picture decoding=\"async\" class=\"wp-image-162030\"><source type=\"image\/webp\" srcset=\"https:\/\/terrabrasilnoticias.com\/wp-content\/uploads\/2024\/07\/image-829.png.webp 1000w, https:\/\/terrabrasilnoticias.com\/wp-content\/uploads\/2024\/07\/image-829-300x169.png.webp 300w, https:\/\/terrabrasilnoticias.com\/wp-content\/uploads\/2024\/07\/image-829-768x432.png.webp 768w, https:\/\/terrabrasilnoticias.com\/wp-content\/uploads\/2024\/07\/image-829-750x422.png.webp 750w\" sizes=\"(max-width: 1000px) 100vw, 1000px\"\/><\/picture>\n<\/figure>\n<h2 class=\"wp-block-heading\">Como procurar ajuda para depress\u00e3o?<\/h2>\n<p>A fam\u00edlia de Vin\u00edcius Walister destacou a import\u00e2ncia de buscar ajuda para quem sofre de depress\u00e3o. A depress\u00e3o \u00e9 uma doen\u00e7a que afeta muitas pessoas e pode levar a consequ\u00eancias tr\u00e1gicas se n\u00e3o for tratada adequadamente.<\/p>\n<ul class=\"wp-block-list\">\n<li><strong>Centro de Valoriza\u00e7\u00e3o da Vida (CVV):<\/strong> Oferece apoio emocional e preven\u00e7\u00e3o do suic\u00eddio atrav\u00e9s do n\u00famero 188, funcionando 24 horas, todos os dias.<\/li>\n<li><strong>N\u00facleo de Sa\u00fade Mental (Nusam) do Samu:<\/strong> Atende demandas relacionadas a transtornos psicol\u00f3gicos tanto presencialmente quanto por telefone, na Central de Regula\u00e7\u00e3o M\u00e9dica 192.<\/li>\n<\/ul>\n<p>\u00a0Esses servi\u00e7os s\u00e3o gratuitos e oferecem suporte emocional para quem estiver enfrentando per\u00edodos dif\u00edceis, garantindo anonimato e seguran\u00e7a.<\/p>\n<h2 class=\"wp-block-heading\">O legado de Vin\u00edcius Walister<\/h2>\n<p>Apesar de sua partida precoce, Vin\u00edcius Walister deixa um legado significativo no mundo da beleza e da maquiagem. Seu trabalho com celebridades e sua criatividade ficar\u00e3o sempre lembrados. Seu falecimento destaca a necessidade de aten\u00e7\u00e3o e cuidado com rela\u00e7\u00e3o \u00e0 sa\u00fade mental, incentivando a busca por ajuda e apoio.<\/p>\n<p>A fam\u00edlia de Vin\u00edcius pediu que a cobertura da imprensa inclua informa\u00e7\u00f5es sobre a import\u00e2ncia de se buscar ajuda para a depress\u00e3o, esperando que outras vidas possam ser salvas atrav\u00e9s dessa conscientiza\u00e7\u00e3o.<\/p>\n<p>Em tempos de dor, \u00e9 essencial mostrar compaix\u00e3o e apoio. Se voc\u00ea ou algu\u00e9m que voc\u00ea conhece est\u00e1 passando por uma situa\u00e7\u00e3o dif\u00edcil, n\u00e3o hesite em buscar ajuda. Organiza\u00e7\u00f5es como o CVV e o Nusam est\u00e3o sempre prontas para oferecer suporte.<\/p>\n<figure class=\"wp-block-image size-full\"><picture loading=\"lazy\" decoding=\"async\" class=\"wp-image-162032\"><source type=\"image\/webp\" srcset=\"https:\/\/terrabrasilnoticias.com\/wp-content\/uploads\/2024\/07\/image-831.png.webp 700w, https:\/\/terrabrasilnoticias.com\/wp-content\/uploads\/2024\/07\/image-831-300x200.png.webp 300w\" sizes=\"(max-width: 700px) 100vw, 700px\"\/><img loading=\"lazy\" decoding=\"async\" width=\"700\" height=\"467\" src=\"https:\/\/terrabrasilnoticias.com\/wp-content\/uploads\/2024\/07\/image-831.png\" alt=\"\" srcset=\"https:\/\/terrabrasilnoticias.com\/wp-content\/uploads\/2024\/07\/image-831.png 700w, https:\/\/terrabrasilnoticias.com\/wp-content\/uploads\/2024\/07\/image-831-300x200.png 300w\" sizes=\"auto, (max-width: 700px) 100vw, 700px\"\/>\n<\/picture>\n<\/figure>\n<\/div>\n<p><br \/>\n<br \/><a href=\"https:\/\/tvfloridausa.com\/2024\/07\/26\/maquiador-e-encontrado-morto-em-seu-apartamento-e-familia-esclarece-circunstancias\/\">Source link <\/a><\/p>","protected":false},"excerpt":{"rendered":"<p>Foto: Reprodu\u00e7\u00e3o. A fam\u00edlia de Vin\u00edcius Walister, maquiador de 28 anos conhecido por seu trabalho com celebridades, divulgou uma carta aberta ao site Hugo Gloss, esclarecendo detalhes sobre sua morte.&hellip;<\/p>","protected":false},"author":1,"featured_media":9035,"comment_status":"closed","ping_status":"open","sticky":false,"template":"","format":"standard","meta":{"content-type":"","footnotes":""},"categories":[22],"tags":[],"class_list":["post-9034","post","type-post","status-publish","format-standard","has-post-thumbnail","hentry","category-tv-florida-usa"],"_links":{"self":[{"href":"https:\/\/tvbrazilusa.com\/pt\/wp-json\/wp\/v2\/posts\/9034","targetHints":{"allow":["GET"]}}],"collection":[{"href":"https:\/\/tvbrazilusa.com\/pt\/wp-json\/wp\/v2\/posts"}],"about":[{"href":"https:\/\/tvbrazilusa.com\/pt\/wp-json\/wp\/v2\/types\/post"}],"author":[{"embeddable":true,"href":"https:\/\/tvbrazilusa.com\/pt\/wp-json\/wp\/v2\/users\/1"}],"replies":[{"embeddable":true,"href":"https:\/\/tvbrazilusa.com\/pt\/wp-json\/wp\/v2\/comments?post=9034"}],"version-history":[{"count":1,"href":"https:\/\/tvbrazilusa.com\/pt\/wp-json\/wp\/v2\/posts\/9034\/revisions"}],"predecessor-version":[{"id":9036,"href":"https:\/\/tvbrazilusa.com\/pt\/wp-json\/wp\/v2\/posts\/9034\/revisions\/9036"}],"wp:featuredmedia":[{"embeddable":true,"href":"https:\/\/tvbrazilusa.com\/pt\/wp-json\/wp\/v2\/media\/9035"}],"wp:attachment":[{"href":"https:\/\/tvbrazilusa.com\/pt\/wp-json\/wp\/v2\/media?parent=9034"}],"wp:term":[{"taxonomy":"category","embeddable":true,"href":"https:\/\/tvbrazilusa.com\/pt\/wp-json\/wp\/v2\/categories?post=9034"},{"taxonomy":"post_tag","embeddable":true,"href":"https:\/\/tvbrazilusa.com\/pt\/wp-json\/wp\/v2\/tags?post=9034"}],"curies":[{"name":"wp","href":"https:\/\/api.w.org\/{rel}","templated":true}]}}