{"id":90345,"date":"2025-01-10T22:23:25","date_gmt":"2025-01-10T22:23:25","guid":{"rendered":"https:\/\/tvbrazilusa.com\/2025\/01\/10\/inferno-na-terra-aponta-milei-em-relacao-a-situacao-da-venezuela-sob-maduro\/"},"modified":"2025-01-10T22:23:26","modified_gmt":"2025-01-10T22:23:26","slug":"inferno-na-terra-aponta-milei-em-relacao-a-situacao-da-venezuela-sob-maduro","status":"publish","type":"post","link":"https:\/\/tvbrazilusa.com\/pt\/2025\/01\/10\/inferno-na-terra-aponta-milei-em-relacao-a-situacao-da-venezuela-sob-maduro\/","title":{"rendered":"&#8216;Inferno na terra&#8217;, aponta Milei em rela\u00e7\u00e3o \u00e0 situa\u00e7\u00e3o da Venezuela sob Maduro"},"content":{"rendered":"<p> <script async src=\"https:\/\/pagead2.googlesyndication.com\/pagead\/js\/adsbygoogle.js?client=ca-pub-8864793242727901\"\r\n     crossorigin=\"anonymous\"><\/script><br \/>\n<\/p>\n<div id=\"taboola-read-more\" style=\"display:block; width:100%\">\n<p>O presidente da Argentina, Javier Milei, disse em comunicado divulgado nesta quinta-feira (9) que a Venezuela vive um \u201cinferno sobre a terra\u201d. O comunicado, veiculado pela conta oficial do Gabinete da Presid\u00eancia da Argentina, foi divulgado para criticar a pris\u00e3o da l\u00edder opositora Mar\u00eda Corina Machado, ap\u00f3s uma manifesta\u00e7\u00e3o contra o regime em Caracas.\n<\/p>\n<p>Embora j\u00e1 tenha sido libertada, a deten\u00e7\u00e3o da opositora gerou forte rejei\u00e7\u00e3o internacional e motivou a nota do governo argentino, que denunciou tamb\u00e9m a viol\u00eancia do regime chavista.<\/p>\n<p>No comunicado, a presid\u00eancia da Argentina expressou indigna\u00e7\u00e3o com a situa\u00e7\u00e3o: \u201cO Gabinete do Presidente expressa sua extrema preocupa\u00e7\u00e3o pelo ataque criminoso do regime chavista contra a l\u00edder democr\u00e1tica Mar\u00eda Corina Machado na Venezuela, quando participava de um protesto leg\u00edtimo em Chacao\u201d.\n<\/p>\n<p>O epis\u00f3dio ocorreu um dia antes da posse do ditador Maduro para seu terceiro mandato consecutivo, ap\u00f3s ter fraudado as elei\u00e7\u00f5es que foram vencidas de fato pelo opositor Edmundo Gonz\u00e1lez Urrutia.\n<\/p>\n<p>Segundo o comunicado de Milei, o ato contra Mar\u00eda Corina demonstrou a brutalidade do regime socialista: \u201cO presidente Javier Milei convoca os demais governos da regi\u00e3o a repudiar o ataque contra Corina Machado, e a exigir o fim do regime socialista que deixou milh\u00f5es de venezuelanos na pobreza, exilados ou dependentes das d\u00e1divas da ditadura, criando um verdadeiro inferno sobre a terra\u201d.\n<\/p>\n<p>Maduro responde atacando Milei em discurso de posse<br \/>J\u00e1 nesta sexta-feira (10), durante seu discurso de posse para o terceiro mandato consecutivo, Maduro atacou diretamente Milei, chamando-o de \u201cnazisionista\u201d e \u201cs\u00e1dico social\u201d.\n<\/p>\n<p>\u201cA extrema direita, encabe\u00e7ada por um nazisionista, um s\u00e1dico social chamado Javier Milei, junto ao imp\u00e9rio norte-americano, acredita que pode impor a Venezuela um presidente\u201d, declarou Maduro durante a cerim\u00f4nia de posse em Caracas.\n<\/p>\n<p>Ele ainda afirmou que seu governo venceu uma \u201cconspira\u00e7\u00e3o mundial\u201d, liderada pelos Estados Unidos: \u201cSe estamos aqui \u00e9 porque o Estado venezuelano, exercendo seu direito \u00e0 leg\u00edtima defesa frente a uma conspira\u00e7\u00e3o mundial p\u00fablica evidente do poder dos Estados Unidos e de seus sat\u00e9lites e escravos, converteu a elei\u00e7\u00e3o da Venezuela em uma elei\u00e7\u00e3o mundial, e n\u00f3s a ganhamos.\u201d\n<\/p>\n<p>Maduro tamb\u00e9m mencionou o presidente dos EUA, Joe Biden, insinuando que Washington estaria buscando vingan\u00e7a: \u201cO povo da Venezuela venceu o imperialismo, e o governo em fim de mandato dos Estados Unidos n\u00e3o sabe como se vingar\u201d.\n<\/p>\n<p>A troca de farpas entre Milei e Maduro n\u00e3o \u00e9 recente. Desde a campanha eleitoral argentina, o l\u00edder chavista tem criticado abertamente o presidente libert\u00e1rio, e a tens\u00e3o aumentou ainda mais com a expuls\u00e3o dos diplomatas argentinos de Caracas logo ap\u00f3s a elei\u00e7\u00e3o venezuelana.\n<\/p>\n<p>Tr\u00eas dias ap\u00f3s o pleito, o Brasil assumiu o comando da sede diplom\u00e1tica argentina na Venezuela, que abriga neste momento seis refugiados pol\u00edticos que colaboram com a oposi\u00e7\u00e3o liderada por Mar\u00eda Corina. O clima entre os dois pa\u00edses ficou ainda mais tenso h\u00e1 cerca de um m\u00eas, quando agentes chavistas prenderam o gendarme argentino Nahuel Gallo, acusando-o de espionagem e terrorismo ao cruzar a fronteira venezuelana durante f\u00e9rias.\n<\/p>\n<p>Fonte: Gazeta do Povo              <\/p>\n<\/div>\n<p><br \/>\n<br \/><a href=\"https:\/\/diariodobrasilnoticias.com.br\/noticia\/-inferno-na-terra-aponta-milei-em-relacao-a-situacao-da-venezuela-sob-maduro-67817a6ed0fec\">Source link <\/a><\/p>","protected":false},"excerpt":{"rendered":"<p>O presidente da Argentina, Javier Milei, disse em comunicado divulgado nesta quinta-feira (9) que a Venezuela vive um \u201cinferno sobre a terra\u201d. O comunicado, veiculado pela conta oficial do Gabinete&hellip;<\/p>","protected":false},"author":1,"featured_media":90346,"comment_status":"closed","ping_status":"open","sticky":false,"template":"","format":"standard","meta":{"content-type":"","footnotes":""},"categories":[16],"tags":[123,2448,5313,1267],"class_list":["post-90345","post","type-post","status-publish","format-standard","has-post-thumbnail","hentry","category-noticias","tag-brasil","tag-diario","tag-noticia","tag-noticias"],"_links":{"self":[{"href":"https:\/\/tvbrazilusa.com\/pt\/wp-json\/wp\/v2\/posts\/90345","targetHints":{"allow":["GET"]}}],"collection":[{"href":"https:\/\/tvbrazilusa.com\/pt\/wp-json\/wp\/v2\/posts"}],"about":[{"href":"https:\/\/tvbrazilusa.com\/pt\/wp-json\/wp\/v2\/types\/post"}],"author":[{"embeddable":true,"href":"https:\/\/tvbrazilusa.com\/pt\/wp-json\/wp\/v2\/users\/1"}],"replies":[{"embeddable":true,"href":"https:\/\/tvbrazilusa.com\/pt\/wp-json\/wp\/v2\/comments?post=90345"}],"version-history":[{"count":1,"href":"https:\/\/tvbrazilusa.com\/pt\/wp-json\/wp\/v2\/posts\/90345\/revisions"}],"predecessor-version":[{"id":90347,"href":"https:\/\/tvbrazilusa.com\/pt\/wp-json\/wp\/v2\/posts\/90345\/revisions\/90347"}],"wp:featuredmedia":[{"embeddable":true,"href":"https:\/\/tvbrazilusa.com\/pt\/wp-json\/wp\/v2\/media\/90346"}],"wp:attachment":[{"href":"https:\/\/tvbrazilusa.com\/pt\/wp-json\/wp\/v2\/media?parent=90345"}],"wp:term":[{"taxonomy":"category","embeddable":true,"href":"https:\/\/tvbrazilusa.com\/pt\/wp-json\/wp\/v2\/categories?post=90345"},{"taxonomy":"post_tag","embeddable":true,"href":"https:\/\/tvbrazilusa.com\/pt\/wp-json\/wp\/v2\/tags?post=90345"}],"curies":[{"name":"wp","href":"https:\/\/api.w.org\/{rel}","templated":true}]}}