{"id":90353,"date":"2025-01-10T22:36:35","date_gmt":"2025-01-10T22:36:35","guid":{"rendered":"https:\/\/tvbrazilusa.com\/2025\/01\/10\/primavera-em-marte-e-marcada-por-avalanches-explosoes-de-gelo-e-dunas-veja-as-fotos\/"},"modified":"2025-01-10T22:36:37","modified_gmt":"2025-01-10T22:36:37","slug":"primavera-em-marte-e-marcada-por-avalanches-explosoes-de-gelo-e-dunas-veja-as-fotos","status":"publish","type":"post","link":"https:\/\/tvbrazilusa.com\/pt\/2025\/01\/10\/primavera-em-marte-e-marcada-por-avalanches-explosoes-de-gelo-e-dunas-veja-as-fotos\/","title":{"rendered":"Primavera em Marte \u00e9 marcada por avalanches, explos\u00f5es de gelo e dunas; veja as fotos"},"content":{"rendered":"<p> <script async src=\"https:\/\/pagead2.googlesyndication.com\/pagead\/js\/adsbygoogle.js?client=ca-pub-8864793242727901\"\r\n     crossorigin=\"anonymous\"><\/script><br \/>\n<\/p>\n<div>\n<figure class=\"post-image\">\n<\/figure>\n<p>            <span style=\"font-size: 12px\">NASA<\/span><\/p>\n<p>            <!-- end metas --><br \/>\n            <!-- ADS --><\/p>\n<div id=\"taboola-read-more\" style=\"display:block; width:100%\">\n<p>Enquanto n\u00f3s sentimos as altas temperaturas do ver\u00e3o aqui no Hemisf\u00e9rio Sul da Terra, o Hemisf\u00e9rio Norte do planeta Marte est\u00e1 adentrando sua primavera: as temperaturas come\u00e7am a subir e o gelo que recobre o planeta est\u00e1 ficando mais fino, levando a avalanches e explos\u00f5es de g\u00e1s di\u00f3xido de carbono no solo.\n<\/p>\n<p>Como a atmosfera do Planeta Vermelho \u00e9 muito t\u00eanue, ela n\u00e3o permite que l\u00edquidos se acumulem na superf\u00edcie de Marte. Ou seja, ao inv\u00e9s do gelo derreter gradualmente, ele sublima, se transformando em g\u00e1s.<\/p>\n<p>\u201cEm Marte, tudo acontece com um estrondo\u201d, explicou Serina Diniega, que estuda superf\u00edcies planet\u00e1rias no Laborat\u00f3rio de Propuls\u00e3o a Jato da Nasa. \u201cVoc\u00ea tem muitas rachaduras e explos\u00f5es em vez de derretimento. Imagino que fique realmente barulhento.\u201d\n<\/p>\n<p>Atrav\u00e9s das c\u00e2meras e sensores do Mars Reconnaissance Orbiter (MRO), lan\u00e7ado em 2005 pela Nasa, n\u00f3s podemos dar uma olhada em como a paisagem do Planeta Vermelho muda conforme a chegada de uma nova esta\u00e7\u00e3o marciana.\n<\/p>\n<p><strong>VEJA FOTOS:<\/strong>\n<\/p>\n<p><img decoding=\"async\" src=\"https:\/\/cdn.mos.cms.futurecdn.net\/NduPFnxJaRoUeedd67wicb-970-80.jpg.webp\" alt=\"\" width=\"100%\"\/>\n<\/p>\n<p><img decoding=\"async\" src=\"https:\/\/cdn.mos.cms.futurecdn.net\/4CGCNspLg3YYA969tQwCuA-970-80.jpg.webp\" alt=\"\" width=\"100%\"\/>\n<\/p>\n<p><img decoding=\"async\" src=\"https:\/\/cdn.mos.cms.futurecdn.net\/LxZqBafmduBL524JktmrZW-970-80.jpg.webp\" alt=\"\" width=\"100%\"\/>\n<\/p>\n<p><img decoding=\"async\" src=\"https:\/\/cdn.mos.cms.futurecdn.net\/VNFVDMdEbyEBEKpAVpyvqm-970-80.jpg.webp\" alt=\"\" width=\"100%\"\/>\n<\/p>\n<p><img decoding=\"async\" src=\"https:\/\/cdn.mos.cms.futurecdn.net\/ReuFVf9LLaLjiYeqnTmndC-970-80.jpg.webp\" alt=\"\" width=\"100%\"\/>\n<\/p>\n<p>Fotos: Reprodu\u00e7\u00e3o \/ NASA\n<\/p>\n<p>Fonte: CNN Brasil \/ Dia a Dia do Vale              <\/p>\n<\/div>\n<p>                        <!-- Scripts para conteudo --><\/p>\n<p>            <!-- .\/Scripts para conteudo --><br \/>\n            <!-- .\/Mat\u00e9ria --><\/p>\n<div class=\"row mt-3\">\n<div class=\"col-sm-6\">\n                <!-- Whatsapp channel 3--><br \/>\n                <a href=\"https:\/\/chat.whatsapp.com\/B8Qy6Erx4kb6yTzj3kaDco\" target=\"_blank\"><br \/>\n                  <img decoding=\"async\" src=\"https:\/\/diariodobrasilnoticias.com.br\/assets-site\/images\/bot_whatsapp.png\"\/><\/a>\n              <\/div>\n<div class=\"col-sm-6\">\n                <a href=\"https:\/\/t.me\/+_4gTmi5LKo03OTM5\" target=\"_blank\"><br \/>\n                  <img decoding=\"async\" src=\"https:\/\/diariodobrasilnoticias.com.br\/assets-site\/images\/bot_telegram.png\"\/><\/a>\n              <\/div>\n<\/p><\/div>\n<p>            <!-- end post-navigation --><\/p>\n<p>              <!-- end row --><\/p>\n<p>              <!-- end col-12-->\n                      <\/div>\n<p><br \/>\n<br \/><a href=\"https:\/\/diariodobrasilnoticias.com.br\/noticia\/primavera-em-marte-e-marcada-por-avalanches-explosoes-de-gelo-e-dunas-veja-as-fotos-67817de4b029b\">Source link <\/a><\/p>","protected":false},"excerpt":{"rendered":"<p>NASA Enquanto n\u00f3s sentimos as altas temperaturas do ver\u00e3o aqui no Hemisf\u00e9rio Sul da Terra, o Hemisf\u00e9rio Norte do planeta Marte est\u00e1 adentrando sua primavera: as temperaturas come\u00e7am a subir&hellip;<\/p>","protected":false},"author":1,"featured_media":90354,"comment_status":"closed","ping_status":"open","sticky":false,"template":"","format":"standard","meta":{"content-type":"","footnotes":""},"categories":[16],"tags":[123,2448,5313,1267],"class_list":["post-90353","post","type-post","status-publish","format-standard","has-post-thumbnail","hentry","category-noticias","tag-brasil","tag-diario","tag-noticia","tag-noticias"],"_links":{"self":[{"href":"https:\/\/tvbrazilusa.com\/pt\/wp-json\/wp\/v2\/posts\/90353","targetHints":{"allow":["GET"]}}],"collection":[{"href":"https:\/\/tvbrazilusa.com\/pt\/wp-json\/wp\/v2\/posts"}],"about":[{"href":"https:\/\/tvbrazilusa.com\/pt\/wp-json\/wp\/v2\/types\/post"}],"author":[{"embeddable":true,"href":"https:\/\/tvbrazilusa.com\/pt\/wp-json\/wp\/v2\/users\/1"}],"replies":[{"embeddable":true,"href":"https:\/\/tvbrazilusa.com\/pt\/wp-json\/wp\/v2\/comments?post=90353"}],"version-history":[{"count":1,"href":"https:\/\/tvbrazilusa.com\/pt\/wp-json\/wp\/v2\/posts\/90353\/revisions"}],"predecessor-version":[{"id":90355,"href":"https:\/\/tvbrazilusa.com\/pt\/wp-json\/wp\/v2\/posts\/90353\/revisions\/90355"}],"wp:featuredmedia":[{"embeddable":true,"href":"https:\/\/tvbrazilusa.com\/pt\/wp-json\/wp\/v2\/media\/90354"}],"wp:attachment":[{"href":"https:\/\/tvbrazilusa.com\/pt\/wp-json\/wp\/v2\/media?parent=90353"}],"wp:term":[{"taxonomy":"category","embeddable":true,"href":"https:\/\/tvbrazilusa.com\/pt\/wp-json\/wp\/v2\/categories?post=90353"},{"taxonomy":"post_tag","embeddable":true,"href":"https:\/\/tvbrazilusa.com\/pt\/wp-json\/wp\/v2\/tags?post=90353"}],"curies":[{"name":"wp","href":"https:\/\/api.w.org\/{rel}","templated":true}]}}