{"id":90363,"date":"2025-01-10T22:52:00","date_gmt":"2025-01-10T22:52:00","guid":{"rendered":"https:\/\/tvbrazilusa.com\/2025\/01\/10\/jack-homenageia-jimmy-carter-no-primeiro-discurso\/"},"modified":"2025-01-10T22:59:57","modified_gmt":"2025-01-10T22:59:57","slug":"jack-homenageia-jimmy-carter-no-primeiro-discurso","status":"publish","type":"post","link":"https:\/\/tvbrazilusa.com\/pt\/2025\/01\/10\/jack-homenageia-jimmy-carter-no-primeiro-discurso\/","title":{"rendered":"Jack homenageia Jimmy Carter no primeiro discurso"},"content":{"rendered":"<script async src=\"https:\/\/pagead2.googlesyndication.com\/pagead\/js\/adsbygoogle.js?client=ca-pub-8864793242727901\"\r\n     crossorigin=\"anonymous\"><\/script>\n<p>Na quinta-feira, 9 de janeiro, o deputado do Distrito 3 dos EUA, Brian Jack, republicano da Ge\u00f3rgia, fez seu primeiro discurso no plen\u00e1rio da C\u00e2mara dos Representantes dos EUA e homenageou a vida do ex-presidente Jimmy Carter \u2013 o \u00fanico presidente da Ge\u00f3rgia. Em\u2026<br \/>\n<br \/><br \/>\n<br \/><a href=\"https:\/\/www.henryherald.com\/news\/jack-honors-jimmy-carter-in-frst-speech\/article_95097ca6-cfa5-11ef-8249-a349414b6884.html\">Source link <\/a><\/p>","protected":false},"excerpt":{"rendered":"<p>Na quinta-feira, 9 de janeiro, o deputado do Distrito 3 dos EUA, Brian Jack, republicano da Ge\u00f3rgia, fez seu primeiro discurso no plen\u00e1rio da C\u00e2mara dos Representantes dos EUA e&hellip;<\/p>","protected":false},"author":1,"featured_media":90364,"comment_status":"closed","ping_status":"open","sticky":false,"template":"","format":"standard","meta":{"content-type":"","footnotes":""},"categories":[1],"tags":[],"class_list":["post-90363","post","type-post","status-publish","format-standard","has-post-thumbnail","hentry","category-uncategorized"],"_links":{"self":[{"href":"https:\/\/tvbrazilusa.com\/pt\/wp-json\/wp\/v2\/posts\/90363","targetHints":{"allow":["GET"]}}],"collection":[{"href":"https:\/\/tvbrazilusa.com\/pt\/wp-json\/wp\/v2\/posts"}],"about":[{"href":"https:\/\/tvbrazilusa.com\/pt\/wp-json\/wp\/v2\/types\/post"}],"author":[{"embeddable":true,"href":"https:\/\/tvbrazilusa.com\/pt\/wp-json\/wp\/v2\/users\/1"}],"replies":[{"embeddable":true,"href":"https:\/\/tvbrazilusa.com\/pt\/wp-json\/wp\/v2\/comments?post=90363"}],"version-history":[{"count":1,"href":"https:\/\/tvbrazilusa.com\/pt\/wp-json\/wp\/v2\/posts\/90363\/revisions"}],"predecessor-version":[{"id":90365,"href":"https:\/\/tvbrazilusa.com\/pt\/wp-json\/wp\/v2\/posts\/90363\/revisions\/90365"}],"wp:featuredmedia":[{"embeddable":true,"href":"https:\/\/tvbrazilusa.com\/pt\/wp-json\/wp\/v2\/media\/90364"}],"wp:attachment":[{"href":"https:\/\/tvbrazilusa.com\/pt\/wp-json\/wp\/v2\/media?parent=90363"}],"wp:term":[{"taxonomy":"category","embeddable":true,"href":"https:\/\/tvbrazilusa.com\/pt\/wp-json\/wp\/v2\/categories?post=90363"},{"taxonomy":"post_tag","embeddable":true,"href":"https:\/\/tvbrazilusa.com\/pt\/wp-json\/wp\/v2\/tags?post=90363"}],"curies":[{"name":"wp","href":"https:\/\/api.w.org\/{rel}","templated":true}]}}