{"id":90374,"date":"2025-01-10T23:21:18","date_gmt":"2025-01-10T23:21:18","guid":{"rendered":"https:\/\/tvbrazilusa.com\/2025\/01\/10\/prefeito-nomeia-genro-sobrinha-e-neto-como-secretarios\/"},"modified":"2025-01-10T23:21:20","modified_gmt":"2025-01-10T23:21:20","slug":"prefeito-nomeia-genro-sobrinha-e-neto-como-secretarios","status":"publish","type":"post","link":"https:\/\/tvbrazilusa.com\/pt\/2025\/01\/10\/prefeito-nomeia-genro-sobrinha-e-neto-como-secretarios\/","title":{"rendered":"Prefeito nomeia genro, sobrinha e neto como secret\u00e1rios"},"content":{"rendered":"<p> <script async src=\"https:\/\/pagead2.googlesyndication.com\/pagead\/js\/adsbygoogle.js?client=ca-pub-8864793242727901\"\r\n     crossorigin=\"anonymous\"><\/script><br \/>\n<\/p>\n<div id=\"taboola-read-more\" style=\"display:block; width:100%\">\n<p>O prefeito de Praia Grande, Alberto Mour\u00e3o (MDB), nomeou tr\u00eas familiares para secretarias municipais em seu sexto mandato.\n<\/p>\n<p>O que aconteceu<br \/>Mour\u00e3o assumiu como prefeito da cidade em 1\u00ba de janeiro deste ano. Ele j\u00e1 havia passado pela prefeitura em outras cinco oportunidades: de 1993 a 1996, de 2001 a 2008 e de 2013 a 2020.<\/p>\n<p>Logo antes de assumir o cargo, a prefeitura anunciou a cria\u00e7\u00e3o da Secretaria de Projetos Especiais e Estrat\u00e9gicos no dia 27 de dezembro, em nota publicada no site do executivo. &#8220;A Prefeitura de Praia Grande contar\u00e1 com uma nova secretaria para a gest\u00e3o 2025\/2028. A pasta de Projetos Especiais e Estrat\u00e9gicos ser\u00e1 chefiada por Lucas Mour\u00e3o Glerean.&#8221;\n<\/p>\n<p>Glerean, 26, \u00e9 neto de Mour\u00e3o. O curr\u00edculo publicado no site da prefeitura diz que o agora secret\u00e1rio \u00e9 formado no Mackenzie, fez interc\u00e2mbio em Nova York e na Kaplan International College. Ele trabalhou em uma empresa de consultoria brasileira e em uma plataforma &#8220;inovadora&#8221; de compartilhamento de loca\u00e7\u00e3o de ve\u00edculos de pessoas para pessoas.\n<\/p>\n<p>Prefeitura diz que secret\u00e1rios &#8220;possuem experi\u00eancia&#8221;. Procurada pelo UOL, a gest\u00e3o informou que &#8220;todos os secret\u00e1rios mencionados possuem experi\u00eancia e qualifica\u00e7\u00e3o comprovada para ocupar as fun\u00e7\u00f5es&#8221; (leia mais abaixo).\n<\/p>\n<p>Sem explica\u00e7\u00f5es sobre fun\u00e7\u00e3o da secretaria. Diferente das outras secretarias, n\u00e3o h\u00e1 descri\u00e7\u00e3o da fun\u00e7\u00e3o da pasta e do secret\u00e1rio no site da prefeitura. Segundo a gest\u00e3o, &#8220;para a cria\u00e7\u00e3o das secretarias n\u00e3o h\u00e1 nenhum tipo de impedimento jur\u00eddico e t\u00e3o pouco impacto financeiro e or\u00e7ament\u00e1rio&#8221;.\n<\/p>\n<p>Al\u00e9m do neto, Mour\u00e3o tamb\u00e9m nomeou o genro e a sobrinha. C\u00e1ssio de Castro Navarro comandar\u00e1 a Secretaria de Governo, que gerencia o desempenho dos servi\u00e7os prestados aos cidad\u00e3os e a avalia\u00e7\u00e3o das pol\u00edticas p\u00fablicas, enquanto Soraia Milan chefiar\u00e1 a Secretaria de Servi\u00e7os Urbanos, respons\u00e1vel pela manuten\u00e7\u00e3o de equipamentos p\u00fablicos e vias urbanas.\n<\/p>\n<p>Navarro \u00e9 empres\u00e1rio da constru\u00e7\u00e3o civil e formado em Direito pela Unimes (Universidade Metropolitana de Santos), segundo a prefeitura. Ele entrou na pol\u00edtica como vereador e, em 2013, a convite do pr\u00f3prio Mour\u00e3o, foi chefe de gabinete da prefeitura.\n<\/p>\n<p><strong>O que diz a prefeitura<\/strong><br \/>Procurada pelo UOL, a Prefeitura de Praia Grande enviou a seguinte nota:\n<\/p>\n<p>Todos os secret\u00e1rios mencionados possuem experi\u00eancia e qualifica\u00e7\u00e3o comprovada para ocupar as fun\u00e7\u00f5es. Refor\u00e7amos que o trabalho no Fundo Social de Solidariedade \u00e9 volunt\u00e1rio (sem nenhuma remunera\u00e7\u00e3o ou subs\u00eddio) e que a secret\u00e1ria de Servi\u00e7os Urbanos, permaneceu no cargo que j\u00e1 ocupava. Ela \u00e9 servidora concursada, efetiva, estando na administra\u00e7\u00e3o desde 1990. O secret\u00e1rio de Governo tamb\u00e9m j\u00e1 desempenhou esta fun\u00e7\u00e3o na gest\u00e3o anterior.\n<\/p>\n<p>Para a cria\u00e7\u00e3o das secretarias n\u00e3o h\u00e1 nenhum tipo de impedimento jur\u00eddico e t\u00e3o pouco impacto financeiro e or\u00e7ament\u00e1rio, tendo em vista que na reforma administrativa foram extintos alguns cargos e remanejados outros para as novas pastas, n\u00e3o tendo aumento de despesa.\n<\/p>\n<p>A Secretaria de Projetos Especiais e Estrat\u00e9gicos foi criada com a vis\u00e3o de aproximar e entender ainda mais os anseios da popula\u00e7\u00e3o, das empresas, e empreendedores, buscando novos investidores para a cidade, como por exemplo, os projetos voltados ao cabeamentos de fibra \u00f3tica e parques tecnol\u00f3gicos, Data Centers, Hubs de Inova\u00e7\u00e3o, atividades retroportu\u00e1rias, entre outros projetos inovadores que agregar\u00e3o ainda mais estimulo ao turismo e a economia.\n<\/p>\n<p>Fonte: UOL Not\u00edcias              <\/p>\n<\/div>\n<p><br \/>\n<br \/><a href=\"https:\/\/diariodobrasilnoticias.com.br\/noticia\/prefeito-nomeia-genro-sobrinha-e-neto-como-secretarios-678181ba3868b\">Source link <\/a><\/p>","protected":false},"excerpt":{"rendered":"<p>O prefeito de Praia Grande, Alberto Mour\u00e3o (MDB), nomeou tr\u00eas familiares para secretarias municipais em seu sexto mandato. O que aconteceuMour\u00e3o assumiu como prefeito da cidade em 1\u00ba de janeiro&hellip;<\/p>","protected":false},"author":1,"featured_media":90375,"comment_status":"closed","ping_status":"open","sticky":false,"template":"","format":"standard","meta":{"content-type":"","footnotes":""},"categories":[16],"tags":[123,2448,5313,1267],"class_list":["post-90374","post","type-post","status-publish","format-standard","has-post-thumbnail","hentry","category-noticias","tag-brasil","tag-diario","tag-noticia","tag-noticias"],"_links":{"self":[{"href":"https:\/\/tvbrazilusa.com\/pt\/wp-json\/wp\/v2\/posts\/90374","targetHints":{"allow":["GET"]}}],"collection":[{"href":"https:\/\/tvbrazilusa.com\/pt\/wp-json\/wp\/v2\/posts"}],"about":[{"href":"https:\/\/tvbrazilusa.com\/pt\/wp-json\/wp\/v2\/types\/post"}],"author":[{"embeddable":true,"href":"https:\/\/tvbrazilusa.com\/pt\/wp-json\/wp\/v2\/users\/1"}],"replies":[{"embeddable":true,"href":"https:\/\/tvbrazilusa.com\/pt\/wp-json\/wp\/v2\/comments?post=90374"}],"version-history":[{"count":1,"href":"https:\/\/tvbrazilusa.com\/pt\/wp-json\/wp\/v2\/posts\/90374\/revisions"}],"predecessor-version":[{"id":90376,"href":"https:\/\/tvbrazilusa.com\/pt\/wp-json\/wp\/v2\/posts\/90374\/revisions\/90376"}],"wp:featuredmedia":[{"embeddable":true,"href":"https:\/\/tvbrazilusa.com\/pt\/wp-json\/wp\/v2\/media\/90375"}],"wp:attachment":[{"href":"https:\/\/tvbrazilusa.com\/pt\/wp-json\/wp\/v2\/media?parent=90374"}],"wp:term":[{"taxonomy":"category","embeddable":true,"href":"https:\/\/tvbrazilusa.com\/pt\/wp-json\/wp\/v2\/categories?post=90374"},{"taxonomy":"post_tag","embeddable":true,"href":"https:\/\/tvbrazilusa.com\/pt\/wp-json\/wp\/v2\/tags?post=90374"}],"curies":[{"name":"wp","href":"https:\/\/api.w.org\/{rel}","templated":true}]}}