{"id":90382,"date":"2025-01-10T15:32:24","date_gmt":"2025-01-10T15:32:24","guid":{"rendered":"https:\/\/tvbrazilusa.com\/2025\/01\/10\/show-da-manha-milei-mostra-a-esquerda-como-se-governa-10-01-2025\/"},"modified":"2025-01-10T15:32:24","modified_gmt":"2025-01-10T15:32:24","slug":"show-da-manha-milei-mostra-a-esquerda-como-se-governa-10-01-2025","status":"publish","type":"post","link":"https:\/\/tvbrazilusa.com\/pt\/2025\/01\/10\/show-da-manha-milei-mostra-a-esquerda-como-se-governa-10-01-2025\/","title":{"rendered":"SHOW DA MANH\u00c3: MILEI MOSTRA \u00c0 ESQUERDA COMO SE GOVERNA\u00a0-10\/01\/2025"},"content":{"rendered":"<p><iframe  width=\"580\" height=\"385\" src=\"https:\/\/www.youtube.com\/embed\/ZznOK_5psFk?modestbranding=1\" frameborder=\"0\" allowfullscreen><\/iframe><br \/>\n<br \/>Apresentado por Marco Ant\u00f4nio Costa. Convidados de hoje: Paula Marisa e Rafael Sati\u00ea. Participa\u00e7\u00e3o especial: Jornalista correspondente Maria Laura\u00a0Assis. O Show da Manh\u00e3 vai ao ar de segunda a sexta, das 10h \u00e0s 12h.<\/p>\n<p>\ud83d\udd25 COMECE BEM 2025 COM 33% OFF NO PLANO ANUAL OU 66% OFF NO DEZ A FIO! \ud83d\udc49 <\/p>\n<p>\ud83d\udd25 SALD\u00c3O DA VIRADA NA LIVRARIA FIO DI\u00c1RIO! PRE\u00c7OS AT\u00c9 80% OFF! \ud83d\udc49  <\/p>\n<p>Inscreva-se no nosso Canal!<\/p>\n<p>Ou\u00e7a no Spotify: <\/p>\n<p>Siga no Instagram:<\/p>\n<p>Fio Di\u00e1rio: <\/p>\n<p>Marco Ant\u00f4nio Costa: <\/p>\n<p><a href=\"https:\/\/www.youtube.com\/watch?v=ZznOK_5psFk\">source<\/a><\/p>","protected":false},"excerpt":{"rendered":"<p>Apresentado por Marco Ant\u00f4nio Costa. Convidados de hoje: Paula Marisa e Rafael Sati\u00ea. Participa\u00e7\u00e3o especial: Jornalista correspondente Maria Laura\u00a0Assis. O Show da Manh\u00e3 vai ao ar de segunda a sexta,&hellip;<\/p>","protected":false},"author":1,"featured_media":90383,"comment_status":"","ping_status":"open","sticky":false,"template":"","format":"standard","meta":{"content-type":"","footnotes":""},"categories":[17],"tags":[37,227,32364,557,831,6464,63],"class_list":["post-90382","post","type-post","status-publish","format-standard","has-post-thumbnail","hentry","category-programas","tag-como","tag-esquerda","tag-governa10012025","tag-manha","tag-milei","tag-mostra","tag-show"],"_links":{"self":[{"href":"https:\/\/tvbrazilusa.com\/pt\/wp-json\/wp\/v2\/posts\/90382","targetHints":{"allow":["GET"]}}],"collection":[{"href":"https:\/\/tvbrazilusa.com\/pt\/wp-json\/wp\/v2\/posts"}],"about":[{"href":"https:\/\/tvbrazilusa.com\/pt\/wp-json\/wp\/v2\/types\/post"}],"author":[{"embeddable":true,"href":"https:\/\/tvbrazilusa.com\/pt\/wp-json\/wp\/v2\/users\/1"}],"replies":[{"embeddable":true,"href":"https:\/\/tvbrazilusa.com\/pt\/wp-json\/wp\/v2\/comments?post=90382"}],"version-history":[{"count":0,"href":"https:\/\/tvbrazilusa.com\/pt\/wp-json\/wp\/v2\/posts\/90382\/revisions"}],"wp:featuredmedia":[{"embeddable":true,"href":"https:\/\/tvbrazilusa.com\/pt\/wp-json\/wp\/v2\/media\/90383"}],"wp:attachment":[{"href":"https:\/\/tvbrazilusa.com\/pt\/wp-json\/wp\/v2\/media?parent=90382"}],"wp:term":[{"taxonomy":"category","embeddable":true,"href":"https:\/\/tvbrazilusa.com\/pt\/wp-json\/wp\/v2\/categories?post=90382"},{"taxonomy":"post_tag","embeddable":true,"href":"https:\/\/tvbrazilusa.com\/pt\/wp-json\/wp\/v2\/tags?post=90382"}],"curies":[{"name":"wp","href":"https:\/\/api.w.org\/{rel}","templated":true}]}}