{"id":90387,"date":"2025-01-10T23:59:44","date_gmt":"2025-01-10T23:59:44","guid":{"rendered":"https:\/\/tvbrazilusa.com\/2025\/01\/10\/comitiva-do-pt-segue-exemplo-do-mst-e-comparece-a-posse-de-maduro\/"},"modified":"2025-01-10T23:59:45","modified_gmt":"2025-01-10T23:59:45","slug":"comitiva-do-pt-segue-exemplo-do-mst-e-comparece-a-posse-de-maduro","status":"publish","type":"post","link":"https:\/\/tvbrazilusa.com\/pt\/2025\/01\/10\/comitiva-do-pt-segue-exemplo-do-mst-e-comparece-a-posse-de-maduro\/","title":{"rendered":"Comitiva do PT segue exemplo do MST e comparece \u00e0 &#8216;posse&#8217; de Maduro"},"content":{"rendered":"<p> <script async src=\"https:\/\/pagead2.googlesyndication.com\/pagead\/js\/adsbygoogle.js?client=ca-pub-8864793242727901\"\r\n     crossorigin=\"anonymous\"><\/script><br \/>\n<\/p>\n<div id=\"taboola-read-more\" style=\"display:block; width:100%\">\n<p>A cerim\u00f4nia de posse do presidente da Venezuela, Nicol\u00e1s Maduro, ocorre nesta sexta-feira com a presen\u00e7a de comitivas do Partido dos Trabalhadores (PT) e do Movimento dos Trabalhadores Rurais Sem-Terra (MST). Em Caracas desde o in\u00edcio da semana, os integrantes das delega\u00e7\u00f5es participaram do evento &#8220;Festival Mundial Internacional Antifascista&#8221;, organizado pelo Foro de S\u00e3o Paulo.\n<\/p>\n<p>Por tr\u00e1s deste evento est\u00e3o dois dirigentes petistas que viajaram para o pa\u00eds latino-americano, o historiador Valter Pomar e M\u00f4nica Valente, ambos secret\u00e1rios-executivos do Foro de S\u00e3o Paulo. Al\u00e9m deles, o PT enviou outros dois filiados: Camila Moreno e Vera L\u00facia Barbosa.<\/p>\n<p>O evento que a comitiva participou ocorreu entre quarta e quinta-feira. Ontem, os integrantes estavam reunidos justamente quando saiu a not\u00edcia da pris\u00e3o da l\u00edder da oposi\u00e7\u00e3o na Venezuela, Maria Corina Machado. Ela foi detida durante um protesto e, segundo a oposi\u00e7\u00e3o, teria sido liberada ap\u00f3s ser for\u00e7ada a gravar v\u00eddeos dizendo estar bem. A ditadura de Maduro negou a pris\u00e3o.\n<\/p>\n<p>Enquanto esta movimenta\u00e7\u00e3o ocorria, o Foro de S\u00e3o Paulo divulgava registros do evento no X: &#8220;O trabalho de 2025 come\u00e7ou! Reuni\u00e3o do grupo de trabalho, debatendo os problemas do nosso continente e buscando a\u00e7\u00f5es para refor\u00e7ar nossas for\u00e7as neste espa\u00e7o de luta e resist\u00eancia&#8221;, diz uma publica\u00e7\u00e3o.\n<\/p>\n<p>MST presente<br \/>Al\u00e9m do PT, o MST enviou uma delega\u00e7\u00e3o de cinco pessoas, que tamb\u00e9m compareceu aos eventos do Foro de S\u00e3o Paulo. Um de seus fundadores, Jo\u00e3o Pedro St\u00e9dile, est\u00e1 na Venezuela.\n<\/p>\n<p>Na quarta-feira, o movimento tamb\u00e9m participou de uma motociata apelidada de &#8220;grande caravana&#8221; em apoio a Maduro. Os motoqueiros seguiram do bairro de Petare, no leste da capital, at\u00e9 o Pal\u00e1cio de Miraflores, sede da Presid\u00eancia venezuelana.\n<\/p>\n<p>Nesta semana, movimentos como o pr\u00f3prio MST assinaram uma carta endere\u00e7ada ao presidente, solicitando que o mesmo reconhe\u00e7a a &#8220;legitimidade&#8221; da posse de Maduro.\n<\/p>\n<p>&#8220;O reconhecimento dessa elei\u00e7\u00e3o n\u00e3o apenas reafirma nosso compromisso com o respeito \u00e0 soberania venezuelana, mas tamb\u00e9m fortalece os la\u00e7os de amizade e coopera\u00e7\u00e3o que historicamente unem nossas duas na\u00e7\u00f5es&#8221;, afirma o documento.\n<\/p>\n<p>A posi\u00e7\u00e3o do governo brasileiro ocorre pela falta de transpar\u00eancia no processo eleitoral.\n<\/p>\n<p>\u2014 O respeito pela soberania popular \u00e9 o que nos move a defender a transpar\u00eancia dos resultados. O compromisso com a paz \u00e9 que nos leva a conclamar as partes ao dialogo e promover o entendimento entre governo e oposi\u00e7\u00e3o \u2014 afirmou Lula em agosto passado.\n<\/p>\n<p>Lula ausente<br \/>O governo federal recebeu um convite formal, mas o presidente Luiz In\u00e1cio Lula da Silva (PT) n\u00e3o ir\u00e1 a solenidade. O Brasil ser\u00e1 representado pela embaixadora do Brasil em Caracas, Gliv\u00e2nia Oliveira. A manuten\u00e7\u00e3o da representa\u00e7\u00e3o foi criticada por pol\u00edticos \u00e0 direita, como o governador de Goi\u00e1s, Ronaldo Caiado (Uni\u00e3o Brasil).\n<\/p>\n<p>&#8220;O governo Lula tem a obriga\u00e7\u00e3o moral de cancelar a ida do embaixador brasileiro \u00e0 posse do ditador Nicol\u00e1s Maduro e de cobrar, de forma contundente, a liberdade de Maria Corina Machado&#8221;, escreveu Caiado nas redes sociais.\n<\/p>\n<p>Fonte: O Globo              <\/p>\n<\/div>\n<p><br \/>\n<br \/><a href=\"https:\/\/diariodobrasilnoticias.com.br\/noticia\/comitiva-do-pt-segue-exemplo-do-mst-e-comparece-a-posse-de-maduro-6781905d9ec44\">Source link <\/a><\/p>","protected":false},"excerpt":{"rendered":"<p>A cerim\u00f4nia de posse do presidente da Venezuela, Nicol\u00e1s Maduro, ocorre nesta sexta-feira com a presen\u00e7a de comitivas do Partido dos Trabalhadores (PT) e do Movimento dos Trabalhadores Rurais Sem-Terra&hellip;<\/p>","protected":false},"author":1,"featured_media":90388,"comment_status":"closed","ping_status":"open","sticky":false,"template":"","format":"standard","meta":{"content-type":"","footnotes":""},"categories":[16],"tags":[123,2448,5313,1267],"class_list":["post-90387","post","type-post","status-publish","format-standard","has-post-thumbnail","hentry","category-noticias","tag-brasil","tag-diario","tag-noticia","tag-noticias"],"_links":{"self":[{"href":"https:\/\/tvbrazilusa.com\/pt\/wp-json\/wp\/v2\/posts\/90387","targetHints":{"allow":["GET"]}}],"collection":[{"href":"https:\/\/tvbrazilusa.com\/pt\/wp-json\/wp\/v2\/posts"}],"about":[{"href":"https:\/\/tvbrazilusa.com\/pt\/wp-json\/wp\/v2\/types\/post"}],"author":[{"embeddable":true,"href":"https:\/\/tvbrazilusa.com\/pt\/wp-json\/wp\/v2\/users\/1"}],"replies":[{"embeddable":true,"href":"https:\/\/tvbrazilusa.com\/pt\/wp-json\/wp\/v2\/comments?post=90387"}],"version-history":[{"count":1,"href":"https:\/\/tvbrazilusa.com\/pt\/wp-json\/wp\/v2\/posts\/90387\/revisions"}],"predecessor-version":[{"id":90389,"href":"https:\/\/tvbrazilusa.com\/pt\/wp-json\/wp\/v2\/posts\/90387\/revisions\/90389"}],"wp:featuredmedia":[{"embeddable":true,"href":"https:\/\/tvbrazilusa.com\/pt\/wp-json\/wp\/v2\/media\/90388"}],"wp:attachment":[{"href":"https:\/\/tvbrazilusa.com\/pt\/wp-json\/wp\/v2\/media?parent=90387"}],"wp:term":[{"taxonomy":"category","embeddable":true,"href":"https:\/\/tvbrazilusa.com\/pt\/wp-json\/wp\/v2\/categories?post=90387"},{"taxonomy":"post_tag","embeddable":true,"href":"https:\/\/tvbrazilusa.com\/pt\/wp-json\/wp\/v2\/tags?post=90387"}],"curies":[{"name":"wp","href":"https:\/\/api.w.org\/{rel}","templated":true}]}}