{"id":9041,"date":"2021-10-11T13:00:30","date_gmt":"2021-10-11T13:00:30","guid":{"rendered":"https:\/\/tvbrazilusa.com\/2021\/10\/11\/paulo-figueiredo-responde-o-jornalismo-profissional-morreu-mesmo\/"},"modified":"2021-10-11T13:00:30","modified_gmt":"2021-10-11T13:00:30","slug":"paulo-figueiredo-responde-o-jornalismo-profissional-morreu-mesmo","status":"publish","type":"post","link":"https:\/\/tvbrazilusa.com\/pt\/2021\/10\/11\/paulo-figueiredo-responde-o-jornalismo-profissional-morreu-mesmo\/","title":{"rendered":"Paulo Figueiredo Responde: O Jornalismo Profissional Morreu Mesmo?"},"content":{"rendered":"<p><iframe  width=\"580\" height=\"385\" src=\"https:\/\/www.youtube.com\/embed\/dXIKFhVKzBI?modestbranding=1\" frameborder=\"0\" allowfullscreen><\/iframe><br \/>\n<br \/>Conhe\u00e7a o meu curso sobre pol\u00edtica americana:<br \/>\n &#8211;<\/p>\n<p>Acompanhe-me no Instagram:<br \/>\n &#8211;<\/p>\n<p>Siga no Twitter:<br \/>\n &#8211; <\/p>\n<p>Acompanhe-me no GETTR:<\/p>\n<p>E no Telegram:<br \/>\n &#8211;<\/p>\n<p>Participa\u00e7\u00e3o no &#8220;Jornal da Cidade Online&#8221;, em 17\/09\/2021. Assista completo em: <\/p>\n<p>#euabr #euabrasil #politicaamericana #direita #california #brasil #politicaeua #acaradariqueza #bolsonaro #santabarbara #politicadireita #bolsonaro2018 #bolsonaropresidente #conservador #bolsonaropresidente2018 #mito #politica #bolsas #jairbolsonaro #reenvioparavoc\u00ea #elesim #reenviodecompras #elei\u00e7\u00f5es2018 #redirecionamento #eduardobolsonaro #liberdadedeexpressao #jornalismo #jovempan #politicainternacional #brasileirosnoseua<br \/>\n<br \/><a href=\"https:\/\/www.youtube.com\/watch?v=dXIKFhVKzBI\">source<\/a><\/p>","protected":false},"excerpt":{"rendered":"<p>Conhe\u00e7a o meu curso sobre pol\u00edtica americana: &#8211; Acompanhe-me no Instagram: &#8211; Siga no Twitter: &#8211; Acompanhe-me no GETTR: E no Telegram: &#8211; Participa\u00e7\u00e3o no &#8220;Jornal da Cidade Online&#8221;, em&hellip;<\/p>","protected":false},"author":1,"featured_media":9042,"comment_status":"","ping_status":"open","sticky":false,"template":"","format":"standard","meta":{"content-type":"","footnotes":""},"categories":[18],"tags":[],"class_list":["post-9041","post","type-post","status-publish","format-standard","has-post-thumbnail","hentry","category-paulo-figueiredo"],"_links":{"self":[{"href":"https:\/\/tvbrazilusa.com\/pt\/wp-json\/wp\/v2\/posts\/9041","targetHints":{"allow":["GET"]}}],"collection":[{"href":"https:\/\/tvbrazilusa.com\/pt\/wp-json\/wp\/v2\/posts"}],"about":[{"href":"https:\/\/tvbrazilusa.com\/pt\/wp-json\/wp\/v2\/types\/post"}],"author":[{"embeddable":true,"href":"https:\/\/tvbrazilusa.com\/pt\/wp-json\/wp\/v2\/users\/1"}],"replies":[{"embeddable":true,"href":"https:\/\/tvbrazilusa.com\/pt\/wp-json\/wp\/v2\/comments?post=9041"}],"version-history":[{"count":0,"href":"https:\/\/tvbrazilusa.com\/pt\/wp-json\/wp\/v2\/posts\/9041\/revisions"}],"wp:featuredmedia":[{"embeddable":true,"href":"https:\/\/tvbrazilusa.com\/pt\/wp-json\/wp\/v2\/media\/9042"}],"wp:attachment":[{"href":"https:\/\/tvbrazilusa.com\/pt\/wp-json\/wp\/v2\/media?parent=9041"}],"wp:term":[{"taxonomy":"category","embeddable":true,"href":"https:\/\/tvbrazilusa.com\/pt\/wp-json\/wp\/v2\/categories?post=9041"},{"taxonomy":"post_tag","embeddable":true,"href":"https:\/\/tvbrazilusa.com\/pt\/wp-json\/wp\/v2\/tags?post=9041"}],"curies":[{"name":"wp","href":"https:\/\/api.w.org\/{rel}","templated":true}]}}