{"id":90416,"date":"2025-01-11T01:50:15","date_gmt":"2025-01-11T01:50:15","guid":{"rendered":"https:\/\/tvbrazilusa.com\/2025\/01\/11\/aumento-de-casos-de-virose-e-registrado-por-hospitais-privados-em-sao-paulo\/"},"modified":"2025-01-11T01:50:16","modified_gmt":"2025-01-11T01:50:16","slug":"aumento-de-casos-de-virose-e-registrado-por-hospitais-privados-em-sao-paulo","status":"publish","type":"post","link":"https:\/\/tvbrazilusa.com\/pt\/2025\/01\/11\/aumento-de-casos-de-virose-e-registrado-por-hospitais-privados-em-sao-paulo\/","title":{"rendered":"Aumento de casos de virose \u00e9 registrado por hospitais privados em S\u00e3o Paulo"},"content":{"rendered":"<p> <script async src=\"https:\/\/pagead2.googlesyndication.com\/pagead\/js\/adsbygoogle.js?client=ca-pub-8864793242727901\"\r\n     crossorigin=\"anonymous\"><\/script><br \/>\n<\/p>\n<div id=\"taboola-read-more\" style=\"display:block; width:100%\">\n<p>Hospitais particulares na cidade de S\u00e3o Paulo relataram aumento nos casos de virose ap\u00f3s o surto no litoral no in\u00edcio deste m\u00eas.\n<\/p>\n<p>A Secretaria de Estado da Sa\u00fade confirmou a presen\u00e7a de norov\u00edrus em amostras humanas de fezes coletadas na Baixada Santista. As noroviroses representam um grupo de doen\u00e7as de origem viral, conhecidas como gastroenterites. A transmiss\u00e3o \u00e9 via fecal-oral. Os sintomas s\u00e3o n\u00e1usea, v\u00f4mito, diarreia, dor abdominal, e podem ocorrer tamb\u00e9m dores musculares, cansa\u00e7o, dor de cabe\u00e7a e febre baixa.<\/p>\n<p>Nos pronto atendimentos do Hospital Israelita Albert Einstein (Alphaville, Ch\u00e1cara Klabin, Ibirapuera, Morumbi e Perdizes foram considerados na an\u00e1lise), de 1\u00ba a 7 de dezembro de 2024, foram atendidos 339 casos de diarreia e gastroenterite de origem infecciosa presum\u00edvel \u2014condi\u00e7\u00f5es associadas a quadros de viroses\u2014, uma m\u00e9dia de 48 por dia. Se comparado com o mesmo per\u00edodo de janeiro deste ano, a m\u00e9dia aumentou 48%. De 1\u00ba a 7, foram realizados 500 atendimentos \u2014m\u00e9dia de 71 por dia.\n<\/p>\n<p>Na compara\u00e7\u00e3o com os primeiros sete dias de novembro de 2024, quando foram realizados 297 atendimentos \u2014m\u00e9dia de 42 por dia\u2014, o crescimento em janeiro deste ano foi de 69%.\n<\/p>\n<p>Por meio da assessoria de imprensa, a Rede D&#8217;Or afirmou que houve um aumento de cerca de 15% nos casos de gastroenterite nos \u00faltimos 45 dias em seus hospitais na capital paulista \u2014cinco unidades do S\u00e3o Luiz, Villa-Lobos, Vila Nova Star, Santa Isabel, Aviccena, Central Leste, Serra Mayor (Central Sul &#8211; Cap\u00e3o Redondo) e Hospital da Crian\u00e7a. A empresa n\u00e3o forneceu n\u00fameros.\n<\/p>\n<p>A alta foi de 31% no Hospital Santa Catarina \u2013 Paulista entre novembro de 2024 a janeiro de 2025, na compara\u00e7\u00e3o com o mesmo intervalo entre 2023 e 2024.\n<\/p>\n<p>Nos hospitais da Rede Total Care, da Amil, na capital paulista, o aumento dos casos de virose associadas \u00e0 gastroenterite foi de 221%. Na Baixada Santista, o n\u00famero de atendimentos cresceu 419%. De acordo com o m\u00e9dico Danilo Duarte, infectologista da Rede Total Care, o crescimento supera as expectativas para esta \u00e9poca do ano, com tend\u00eancia de piora. De acordo com o m\u00e9dico, janeiro pode registrar mais casos, tanto no litoral quanto na capital paulista, mesmo com a ado\u00e7\u00e3o de cuidados preventivos.\n<\/p>\n<p>No Hospital Alem\u00e3o Oswaldo Cruz, o n\u00famero de atendimentos com diagn\u00f3stico de diarreia e gastroenterite aumentou 45,58% na compara\u00e7\u00e3o entre os per\u00edodos de novembro de 2022 a janeiro de 2023 e novembro de 2023 a janeiro de 2024.\n<\/p>\n<p>O Hospital S\u00edrio-Liban\u00eas afirmou que observou um aumento no n\u00famero de pacientes com norov\u00edrus que procuram atendimento. O crescimento tamb\u00e9m se reflete nas taxas de positividade detectadas pelo laborat\u00f3rio de an\u00e1lises cl\u00ednicas.\n<\/p>\n<p>Os dados preliminares do in\u00edcio de janeiro at\u00e9 o momento j\u00e1 indicam volumes equivalentes ao total mensal observado em novembro e em dezembro, segundo a institui\u00e7\u00e3o.\n<\/p>\n<p>A reportagem solicitou as informa\u00e7\u00f5es \u00e0 BP \u2013 A Benefic\u00eancia Portuguesa de S\u00e3o Paulo, mas n\u00e3o houve resposta at\u00e9 a publica\u00e7\u00e3o da reportagem.\n<\/p>\n<p>A Secretaria Municipal da Sa\u00fade (SMS) afirma que, at\u00e9 agora, n\u00e3o houve impacto nos atendimentos e que as unidades da rede est\u00e3o preparadas para o tratamento dos casos de doen\u00e7as de transmiss\u00e3o h\u00eddrica e alimentar (DTHA).\n<\/p>\n<p>Segundo a SMS, foram realizados os seguintes atendimentos de virose por contamina\u00e7\u00e3o h\u00eddrica\/alimentos em unidades municipais, conforme dados da Coordena\u00e7\u00e3o de Epidemiologia e Informa\u00e7\u00e3o (Ceinfo): 30.426 em dezembro de 2023, 37.523 em janeiro de 2024 e 26.913 em dezembro de 2024 (dados preliminares sujeitos a atualiza\u00e7\u00e3o). Os atendimentos de janeiro de 2025 est\u00e3o sendo consolidados.\n<\/p>\n<p>Na opini\u00e3o do infectologista Eduardo Alexandrino Servolo de Medeiros, coordenador cient\u00edfico da SPI (Sociedade Paulista de Infectologia), os casos relacionados \u00e0 virose na capital paulista s\u00e3o um reflexo do que ocorreu no litoral.\n<\/p>\n<p>&#8220;Acredito que isso n\u00e3o continue se disseminando, a n\u00e3o ser pontualmente. A principal hip\u00f3tese \u00e9 que as pessoas com infec\u00e7\u00e3o voltaram para casa e isso fica um ciclo de n\u00famero de casos. Eu acredito que aqui em S\u00e3o Paulo isso n\u00e3o se propague. Eu acho que a gente est\u00e1 tendo o reflexo do que aconteceu no litoral. Provavelmente, as pessoas est\u00e3o retornando do litoral e procuram assist\u00eancia m\u00e9dica ainda com sintomas e com o quadro cl\u00ednico&#8221;, afirma o especialista.\n<\/p>\n<p>Medeiros alerta para o risco dos antidiarreicos de farm\u00e1cia quando a causa \u00e9 infecciosa. &#8220;Eles relaxam a musculatura lisa do intestino, que fica mais pregui\u00e7oso. Por que voc\u00ea tem c\u00f3lica? Porque o intestino est\u00e1 mexendo com as contra\u00e7\u00f5es para eliminar pelas fezes as bact\u00e9rias, os v\u00edrus que est\u00e3o l\u00e1. Se voc\u00ea toma medica\u00e7\u00e3o, o intestino fica mais pregui\u00e7oso. Se for uma diarreia de causa infecciosa, a bact\u00e9ria, o v\u00edrus, continuam se multiplicando em grande quantidade&#8221;, refor\u00e7a.\n<\/p>\n<p>&#8220;O principal \u00e9 a reposi\u00e7\u00e3o l\u00edquida, com a qualidade, e aquele cl\u00e1ssico soro caseiro, isot\u00f4nicos e soros de farm\u00e1cia para via oral. A hidrata\u00e7\u00e3o \u00e9 fundamental para que voc\u00ea evite ir ao hospital.&#8221;\n<\/p>\n<p>Alguns pat\u00f3genos t\u00eam solu\u00e7\u00e3o r\u00e1pida. As infec\u00e7\u00f5es pelo norov\u00edrus, por exemplo, apresentam melhora de tr\u00eas a cinco dias. Rotav\u00edrus j\u00e1 \u00e9 mais prolongado, e sete a dez dias.\n<\/p>\n<p>&#8220;Algumas pessoas podem persistir com isso, principalmente pacientes imunodeprimidos. N\u00e3o existe uma medica\u00e7\u00e3o espec\u00edfica contra o v\u00edrus. \u00c9 o pr\u00f3prio organismo que o elimina atrav\u00e9s das defesas, da resposta imunol\u00f3gica. Quem t\u00eam uma resposta diminu\u00edda, imunodeprimidos, quem vive com infec\u00e7\u00e3o pelo HIV, idosos e crian\u00e7as principalmente at\u00e9 um m\u00eas de idade podem persistir com o quadro por mais tempo. Em geral, \u00e9 mais grave tamb\u00e9m&#8221;, explica Medeiros.\n<\/p>\n<p>&#8220;Para qualquer pessoa que tem uma outra doen\u00e7a, pode descompensar. Voc\u00ea perde l\u00edquido, desidrata e pode ter alguma complica\u00e7\u00e3o da doen\u00e7a de base. O diabetes \u00e9 um exemplo&#8221;, finaliza o infectologista.\n<\/p>\n<p>Fonte: Folha de S.Paulo              <\/p>\n<\/div>\n<p><br \/>\n<br \/><a href=\"https:\/\/diariodobrasilnoticias.com.br\/noticia\/aumento-de-casos-de-virose-e-registrado-por-hospitais-privados-em-sao-paulo-6781a53eaa1b0\">Source link <\/a><\/p>","protected":false},"excerpt":{"rendered":"<p>Hospitais particulares na cidade de S\u00e3o Paulo relataram aumento nos casos de virose ap\u00f3s o surto no litoral no in\u00edcio deste m\u00eas. A Secretaria de Estado da Sa\u00fade confirmou a&hellip;<\/p>","protected":false},"author":1,"featured_media":90417,"comment_status":"closed","ping_status":"open","sticky":false,"template":"","format":"standard","meta":{"content-type":"","footnotes":""},"categories":[16],"tags":[123,2448,5313,1267],"class_list":["post-90416","post","type-post","status-publish","format-standard","has-post-thumbnail","hentry","category-noticias","tag-brasil","tag-diario","tag-noticia","tag-noticias"],"_links":{"self":[{"href":"https:\/\/tvbrazilusa.com\/pt\/wp-json\/wp\/v2\/posts\/90416","targetHints":{"allow":["GET"]}}],"collection":[{"href":"https:\/\/tvbrazilusa.com\/pt\/wp-json\/wp\/v2\/posts"}],"about":[{"href":"https:\/\/tvbrazilusa.com\/pt\/wp-json\/wp\/v2\/types\/post"}],"author":[{"embeddable":true,"href":"https:\/\/tvbrazilusa.com\/pt\/wp-json\/wp\/v2\/users\/1"}],"replies":[{"embeddable":true,"href":"https:\/\/tvbrazilusa.com\/pt\/wp-json\/wp\/v2\/comments?post=90416"}],"version-history":[{"count":1,"href":"https:\/\/tvbrazilusa.com\/pt\/wp-json\/wp\/v2\/posts\/90416\/revisions"}],"predecessor-version":[{"id":90418,"href":"https:\/\/tvbrazilusa.com\/pt\/wp-json\/wp\/v2\/posts\/90416\/revisions\/90418"}],"wp:featuredmedia":[{"embeddable":true,"href":"https:\/\/tvbrazilusa.com\/pt\/wp-json\/wp\/v2\/media\/90417"}],"wp:attachment":[{"href":"https:\/\/tvbrazilusa.com\/pt\/wp-json\/wp\/v2\/media?parent=90416"}],"wp:term":[{"taxonomy":"category","embeddable":true,"href":"https:\/\/tvbrazilusa.com\/pt\/wp-json\/wp\/v2\/categories?post=90416"},{"taxonomy":"post_tag","embeddable":true,"href":"https:\/\/tvbrazilusa.com\/pt\/wp-json\/wp\/v2\/tags?post=90416"}],"curies":[{"name":"wp","href":"https:\/\/api.w.org\/{rel}","templated":true}]}}