{"id":90419,"date":"2025-01-11T02:03:07","date_gmt":"2025-01-11T02:03:07","guid":{"rendered":"https:\/\/tvbrazilusa.com\/2025\/01\/11\/ainda-nao-e-hora-de-gonzalez-entrar-na-venezuela-diz-maria-corina\/"},"modified":"2025-01-11T02:03:09","modified_gmt":"2025-01-11T02:03:09","slug":"ainda-nao-e-hora-de-gonzalez-entrar-na-venezuela-diz-maria-corina","status":"publish","type":"post","link":"https:\/\/tvbrazilusa.com\/pt\/2025\/01\/11\/ainda-nao-e-hora-de-gonzalez-entrar-na-venezuela-diz-maria-corina\/","title":{"rendered":"&#8216;Ainda n\u00e3o \u00e9 hora de Gonz\u00e1lez entrar na Venezuela&#8217;, diz Mar\u00eda Corina"},"content":{"rendered":"<p> <script async src=\"https:\/\/pagead2.googlesyndication.com\/pagead\/js\/adsbygoogle.js?client=ca-pub-8864793242727901\"\r\n     crossorigin=\"anonymous\"><\/script><br \/>\n<\/p>\n<div id=\"taboola-read-more\" style=\"display:block; width:100%\">\n<p>A l\u00edder da oposi\u00e7\u00e3o da Venezuela, Mar\u00eda Corina Machado, fez um pronunciamento pela primeira vez nesta sexta-feira (10) ap\u00f3s sua suposta deten\u00e7\u00e3o na quinta-feira (9) e ap\u00f3s a posse de Nicol\u00e1s Maduro para um terceiro mandato no pa\u00eds.\n<\/p>\n<p>Em uma postagem nas redes sociais, a opositora afirmou que \u201cEdmundo (Gonz\u00e1lez) vir\u00e1 \u00e0 Venezuela para tomar posse como presidente constitucional quando as condi\u00e7\u00f5es forem adequadas\u201d.<\/p>\n<p>Machado enfatizou que \u201co regime n\u00e3o apenas fechou o espa\u00e7o a\u00e9reo da Venezuela, mas ativou todo o sistema de defesa a\u00e9rea. Portanto, avaliamos tudo isso e decidimos que n\u00e3o \u00e9 apropriado que Edmundo entre na Venezuela hoje\u201d.\n<\/p>\n<p>Gonz\u00e1lez havia prometido regressar \u00e0 Venezuela para formar um novo governo e evitar um novo mandato de Maduro.\n<\/p>\n<p>Ela acrescentou sobre a posse do chavista que \u201choje, 10 de janeiro, Maduro consolida um golpe de estado\u201d.\n<\/p>\n<p>A opositora tamb\u00e9m explicou no v\u00eddeo o que aconteceu no epis\u00f3dio de sua suposta pris\u00e3o na quinta-feira (9).\n<\/p>\n<p>Depois de v\u00e1rios meses escondida, Machado reapareceu em um protesto em Caracas na quinta contra a posse do presidente Nicol\u00e1s Maduro.\n<\/p>\n<p>Ao sair da concentra\u00e7\u00e3o, a oposi\u00e7\u00e3o denunciou que Machado havia sido \u201cinterceptada violentamente\u201d e que dispararam contra seu ve\u00edculo. As autoridades negam que Machado tenha sido presa\n<\/p>\n<p>Entenda a crise na Venezuela<br \/>A oposi\u00e7\u00e3o venezuelana e a maioria da comunidade internacional n\u00e3o reconhecem os resultados oficiais das elei\u00e7\u00f5es presidenciais de 28 de julho, anunciados pelo Conselho Nacional Eleitoral (CNE) da Venezuela, que d\u00e3o vit\u00f3ria a Nicol\u00e1s Maduro com mais de 50% dos votos.\n<\/p>\n<p>Os resultados do CNE nunca foram corroborados com a divulga\u00e7\u00e3o das atas eleitorais que detalham a quantidade de votos por mesa de vota\u00e7\u00e3o.\n<\/p>\n<p>A oposi\u00e7\u00e3o, por sua vez, publicou as atas que diz ter recebido dos seus fiscais partid\u00e1rios e que dariam a vit\u00f3ria por quase 70% dos votos para o ex-diplomata Edmundo Gonz\u00e1lez, aliado de Mar\u00eda Corina Machado, l\u00edder opositora que foi impedida de se candidatar.\n<\/p>\n<p>O chavismo afirma que 80% dos documentos divulgados pela oposi\u00e7\u00e3o s\u00e3o falsificados. Os aliados de Maduro, no entanto, n\u00e3o mostram nenhuma ata eleitoral.\n<\/p>\n<p>O Minist\u00e9rio P\u00fablico da Venezuela, por sua vez, iniciou uma investiga\u00e7\u00e3o contra Gonz\u00e1lez pela publica\u00e7\u00e3o das atas, alegando usurpa\u00e7\u00e3o de fun\u00e7\u00f5es do poder eleitoral.\n<\/p>\n<p>O opositor foi intimado tr\u00eas vezes a prestar depoimento sobre a publica\u00e7\u00e3o das atas e acabou se asilando na Espanha no in\u00edcio de setembro, ap\u00f3s ter um mandado de pris\u00e3o emitido contra ele.\n<\/p>\n<p>Diversos opositores foram presos desde o in\u00edcio do processo eleitoral na Venezuela. Somente depois do pleito de 28 de julho, pelo menos 2.400 pessoas foram presas e 24 morreram, segundo organiza\u00e7\u00f5es de Direitos Humanos.\n<\/p>\n<p>Fonte: CNN Brasil              <\/p>\n<\/div>\n<p><br \/>\n<br \/><a href=\"https:\/\/diariodobrasilnoticias.com.br\/noticia\/-ainda-nao-e-hora-de-gonzalez-entrar-na-venezuela-diz-maria-corina-6781a5c26b149\">Source link <\/a><\/p>","protected":false},"excerpt":{"rendered":"<p>A l\u00edder da oposi\u00e7\u00e3o da Venezuela, Mar\u00eda Corina Machado, fez um pronunciamento pela primeira vez nesta sexta-feira (10) ap\u00f3s sua suposta deten\u00e7\u00e3o na quinta-feira (9) e ap\u00f3s a posse de&hellip;<\/p>","protected":false},"author":1,"featured_media":90420,"comment_status":"closed","ping_status":"open","sticky":false,"template":"","format":"standard","meta":{"content-type":"","footnotes":""},"categories":[16],"tags":[123,2448,5313,1267],"class_list":["post-90419","post","type-post","status-publish","format-standard","has-post-thumbnail","hentry","category-noticias","tag-brasil","tag-diario","tag-noticia","tag-noticias"],"_links":{"self":[{"href":"https:\/\/tvbrazilusa.com\/pt\/wp-json\/wp\/v2\/posts\/90419","targetHints":{"allow":["GET"]}}],"collection":[{"href":"https:\/\/tvbrazilusa.com\/pt\/wp-json\/wp\/v2\/posts"}],"about":[{"href":"https:\/\/tvbrazilusa.com\/pt\/wp-json\/wp\/v2\/types\/post"}],"author":[{"embeddable":true,"href":"https:\/\/tvbrazilusa.com\/pt\/wp-json\/wp\/v2\/users\/1"}],"replies":[{"embeddable":true,"href":"https:\/\/tvbrazilusa.com\/pt\/wp-json\/wp\/v2\/comments?post=90419"}],"version-history":[{"count":1,"href":"https:\/\/tvbrazilusa.com\/pt\/wp-json\/wp\/v2\/posts\/90419\/revisions"}],"predecessor-version":[{"id":90421,"href":"https:\/\/tvbrazilusa.com\/pt\/wp-json\/wp\/v2\/posts\/90419\/revisions\/90421"}],"wp:featuredmedia":[{"embeddable":true,"href":"https:\/\/tvbrazilusa.com\/pt\/wp-json\/wp\/v2\/media\/90420"}],"wp:attachment":[{"href":"https:\/\/tvbrazilusa.com\/pt\/wp-json\/wp\/v2\/media?parent=90419"}],"wp:term":[{"taxonomy":"category","embeddable":true,"href":"https:\/\/tvbrazilusa.com\/pt\/wp-json\/wp\/v2\/categories?post=90419"},{"taxonomy":"post_tag","embeddable":true,"href":"https:\/\/tvbrazilusa.com\/pt\/wp-json\/wp\/v2\/tags?post=90419"}],"curies":[{"name":"wp","href":"https:\/\/api.w.org\/{rel}","templated":true}]}}