{"id":90425,"date":"2025-01-11T02:26:05","date_gmt":"2025-01-11T02:26:05","guid":{"rendered":"https:\/\/tvbrazilusa.com\/2025\/01\/11\/apos-a-posse-de-maduro-paises-aumentam-as-sancoes-contra-a-venezuela\/"},"modified":"2025-01-11T02:26:06","modified_gmt":"2025-01-11T02:26:06","slug":"apos-a-posse-de-maduro-paises-aumentam-as-sancoes-contra-a-venezuela","status":"publish","type":"post","link":"https:\/\/tvbrazilusa.com\/pt\/2025\/01\/11\/apos-a-posse-de-maduro-paises-aumentam-as-sancoes-contra-a-venezuela\/","title":{"rendered":"Ap\u00f3s a posse de Maduro, pa\u00edses aumentam as san\u00e7\u00f5es contra a Venezuela"},"content":{"rendered":"<p> <script async src=\"https:\/\/pagead2.googlesyndication.com\/pagead\/js\/adsbygoogle.js?client=ca-pub-8864793242727901\"\r\n     crossorigin=\"anonymous\"><\/script><br \/>\n<\/p>\n<div id=\"taboola-read-more\" style=\"display:block; width:100%\">\n<p>Horas ap\u00f3s a posse de Nicol\u00e1s Maduro para seu terceiro mandato, a comunidade internacional reagiu a aplicou novas san\u00e7\u00f5es contra autoridades da Venezuela. A cerim\u00f4nia que concretizou a pol\u00eamica vit\u00f3ria do l\u00edder chavista, acusado de fraude eleitoral, aconteceu nesta sexta-feira (10\/1).\n<\/p>\n<p>Elei\u00e7\u00e3o provocou nova crise no pa\u00eds<\/p>\n<p>Nicol\u00e1s Maduro, no poder h\u00e1 doze anos, disputou as elei\u00e7\u00f5es presidenciais da Venezuela no \u00faltimo ano contra Edmundo Gonz\u00e1lez.<br \/>O pleito foi marcado por incertezas, e seu resultado n\u00e3o foi reconhecido por grande parte da comunidade internacional. A principal queixa \u00e9 de que dados que comprovem a vit\u00f3ria do l\u00edder chavista n\u00e3o foram divulgados. <br \/>Ainda assim, o herdeiro pol\u00edtico de Hugo Ch\u00e1vez assumiu nesta sexta-feira (10\/1) o Pal\u00e1cio de Miraflores para um novo mandato de seis anos. Ele fica no poder at\u00e9 o fim de 2030.\n<\/p>\n<p>At\u00e9 o momento, os governos dos Estados Unidos e Canad\u00e1, al\u00e9m da Uni\u00e3o Europeia (UE), anunciaram novas puni\u00e7\u00f5es contra autoridades da Venezuela. Os nomes alvos das san\u00e7\u00f5es t\u00eam liga\u00e7\u00f5es com o governo chavista, e v\u00e3o desde ministros a autoridades policiais e militares.\n<\/p>\n<p>Com a nova rodada de san\u00e7\u00f5es que visam figuras ligadas ao atual governo, a comunidade internacional aumenta seus esfor\u00e7os na press\u00e3o contra Maduro, e do apoio \u00e0 Edmundo Gonz\u00e1lez.\n<\/p>\n<p>O ex-diplomata, que disputou as elei\u00e7\u00f5es do \u00faltimo ano, \u00e9 procurado pela Justi\u00e7a venezuelana comandada pelo chavismo. Ele prometeu retornar \u00e0 Venezuela para assumir a presid\u00eancia do pa\u00eds na posse desta sexta, mas seu paradeiro segue desconhecido.\n<\/p>\n<p>Fonte: Metr\u00f3poles              <\/p>\n<\/div>\n<p><br \/>\n<br \/><a href=\"https:\/\/diariodobrasilnoticias.com.br\/noticia\/apos-a-posse-de-maduro-paises-aumentam-as-sancoes-contra-a-venezuela-678195b195d12\">Source link <\/a><\/p>","protected":false},"excerpt":{"rendered":"<p>Horas ap\u00f3s a posse de Nicol\u00e1s Maduro para seu terceiro mandato, a comunidade internacional reagiu a aplicou novas san\u00e7\u00f5es contra autoridades da Venezuela. A cerim\u00f4nia que concretizou a pol\u00eamica vit\u00f3ria&hellip;<\/p>","protected":false},"author":1,"featured_media":90426,"comment_status":"closed","ping_status":"open","sticky":false,"template":"","format":"standard","meta":{"content-type":"","footnotes":""},"categories":[16],"tags":[123,2448,5313,1267],"class_list":["post-90425","post","type-post","status-publish","format-standard","has-post-thumbnail","hentry","category-noticias","tag-brasil","tag-diario","tag-noticia","tag-noticias"],"_links":{"self":[{"href":"https:\/\/tvbrazilusa.com\/pt\/wp-json\/wp\/v2\/posts\/90425","targetHints":{"allow":["GET"]}}],"collection":[{"href":"https:\/\/tvbrazilusa.com\/pt\/wp-json\/wp\/v2\/posts"}],"about":[{"href":"https:\/\/tvbrazilusa.com\/pt\/wp-json\/wp\/v2\/types\/post"}],"author":[{"embeddable":true,"href":"https:\/\/tvbrazilusa.com\/pt\/wp-json\/wp\/v2\/users\/1"}],"replies":[{"embeddable":true,"href":"https:\/\/tvbrazilusa.com\/pt\/wp-json\/wp\/v2\/comments?post=90425"}],"version-history":[{"count":1,"href":"https:\/\/tvbrazilusa.com\/pt\/wp-json\/wp\/v2\/posts\/90425\/revisions"}],"predecessor-version":[{"id":90427,"href":"https:\/\/tvbrazilusa.com\/pt\/wp-json\/wp\/v2\/posts\/90425\/revisions\/90427"}],"wp:featuredmedia":[{"embeddable":true,"href":"https:\/\/tvbrazilusa.com\/pt\/wp-json\/wp\/v2\/media\/90426"}],"wp:attachment":[{"href":"https:\/\/tvbrazilusa.com\/pt\/wp-json\/wp\/v2\/media?parent=90425"}],"wp:term":[{"taxonomy":"category","embeddable":true,"href":"https:\/\/tvbrazilusa.com\/pt\/wp-json\/wp\/v2\/categories?post=90425"},{"taxonomy":"post_tag","embeddable":true,"href":"https:\/\/tvbrazilusa.com\/pt\/wp-json\/wp\/v2\/tags?post=90425"}],"curies":[{"name":"wp","href":"https:\/\/api.w.org\/{rel}","templated":true}]}}