{"id":90430,"date":"2025-01-11T02:38:59","date_gmt":"2025-01-11T02:38:59","guid":{"rendered":"https:\/\/tvbrazilusa.com\/2025\/01\/11\/urgente-maduro-fecha-fronteira-da-venezuela-com-o-brasil\/"},"modified":"2025-01-11T02:39:01","modified_gmt":"2025-01-11T02:39:01","slug":"urgente-maduro-fecha-fronteira-da-venezuela-com-o-brasil","status":"publish","type":"post","link":"https:\/\/tvbrazilusa.com\/pt\/2025\/01\/11\/urgente-maduro-fecha-fronteira-da-venezuela-com-o-brasil\/","title":{"rendered":"URGENTE: Maduro fecha fronteira da Venezuela com o Brasil"},"content":{"rendered":"<p> <script async src=\"https:\/\/pagead2.googlesyndication.com\/pagead\/js\/adsbygoogle.js?client=ca-pub-8864793242727901\"\r\n     crossorigin=\"anonymous\"><\/script><br \/>\n<\/p>\n<div id=\"taboola-read-more\" style=\"display:block; width:100%\">\n<p>A Fronteira de Venezuela com o Brasil, em Pacaraima (RR) est\u00e1 fechada por determina\u00e7\u00e3o do governo Venezuelano. A informa\u00e7\u00e3o \u00e9 da Pol\u00edcia Militar de Roraima, que comunicou ao Correio, na manh\u00e3 desta sexta-feira (10\/1), que a Guarda Nacional Bolivariana est\u00e1 realizando o controle da fronteira.\n<\/p>\n<p>Siga o canal do Correio no WhatsApp e receba as principais not\u00edcias do dia no seu celular<\/p>\n<p>O fechamento da fronteira ocorreu por determina\u00e7\u00e3o do presidente Nicol\u00e1s Maduro em fun\u00e7\u00e3o da posse do presidente para o terceiro mandato. Medida id\u00eantica foi adotada na fronteira com a Col\u00f4mbia que est\u00e1 fechada e s\u00f3 deve ser reaberta na segunda-feira (13\/1).\n<\/p>\n<p>Segundo o governador de T\u00e1chira, as autoridades locais t\u00eam conhecimento de uma \u2018conspira\u00e7\u00e3o internacional\u2019 e as fronteiras foram fechadas para evitar interfer\u00eancias externas na cerim\u00f4nia de posse de Nicol\u00e1s Maduro, realizada no come\u00e7o da tarde desta sexta-feira (10\/1).\n<\/p>\n<p>\u201cTemos informa\u00e7\u00f5es de uma conspira\u00e7\u00e3o internacional para perturbar a paz dos venezuelanos\u201d disse Freddy Bernal, governador do estado de T\u00e1chira.\n<\/p>\n<p>A Pol\u00edcia Militar de Roraima informou que est\u00e1 monitorando a movimenta\u00e7\u00e3o em raz\u00e3o da posse presidencial e ressaltou que historicamente, em situa\u00e7\u00f5es similares, a Venezuela imp\u00f5e restri\u00e7\u00f5es \u00e0 passagem em seu territ\u00f3rio pela fronteira em Pacaraima.\n<\/p>\n<p>Fonte: Correio Braziliense\u00a0              <\/p>\n<\/div>\n<p><br \/>\n<br \/><a href=\"https:\/\/diariodobrasilnoticias.com.br\/noticia\/maduro-fecha-fronteira-da-venezuela-com-o-brasil-67817ebb74655\">Source link <\/a><\/p>","protected":false},"excerpt":{"rendered":"<p>A Fronteira de Venezuela com o Brasil, em Pacaraima (RR) est\u00e1 fechada por determina\u00e7\u00e3o do governo Venezuelano. A informa\u00e7\u00e3o \u00e9 da Pol\u00edcia Militar de Roraima, que comunicou ao Correio, na&hellip;<\/p>","protected":false},"author":1,"featured_media":90431,"comment_status":"closed","ping_status":"open","sticky":false,"template":"","format":"standard","meta":{"content-type":"","footnotes":""},"categories":[16],"tags":[123,2448,5313,1267],"class_list":["post-90430","post","type-post","status-publish","format-standard","has-post-thumbnail","hentry","category-noticias","tag-brasil","tag-diario","tag-noticia","tag-noticias"],"_links":{"self":[{"href":"https:\/\/tvbrazilusa.com\/pt\/wp-json\/wp\/v2\/posts\/90430","targetHints":{"allow":["GET"]}}],"collection":[{"href":"https:\/\/tvbrazilusa.com\/pt\/wp-json\/wp\/v2\/posts"}],"about":[{"href":"https:\/\/tvbrazilusa.com\/pt\/wp-json\/wp\/v2\/types\/post"}],"author":[{"embeddable":true,"href":"https:\/\/tvbrazilusa.com\/pt\/wp-json\/wp\/v2\/users\/1"}],"replies":[{"embeddable":true,"href":"https:\/\/tvbrazilusa.com\/pt\/wp-json\/wp\/v2\/comments?post=90430"}],"version-history":[{"count":1,"href":"https:\/\/tvbrazilusa.com\/pt\/wp-json\/wp\/v2\/posts\/90430\/revisions"}],"predecessor-version":[{"id":90432,"href":"https:\/\/tvbrazilusa.com\/pt\/wp-json\/wp\/v2\/posts\/90430\/revisions\/90432"}],"wp:featuredmedia":[{"embeddable":true,"href":"https:\/\/tvbrazilusa.com\/pt\/wp-json\/wp\/v2\/media\/90431"}],"wp:attachment":[{"href":"https:\/\/tvbrazilusa.com\/pt\/wp-json\/wp\/v2\/media?parent=90430"}],"wp:term":[{"taxonomy":"category","embeddable":true,"href":"https:\/\/tvbrazilusa.com\/pt\/wp-json\/wp\/v2\/categories?post=90430"},{"taxonomy":"post_tag","embeddable":true,"href":"https:\/\/tvbrazilusa.com\/pt\/wp-json\/wp\/v2\/tags?post=90430"}],"curies":[{"name":"wp","href":"https:\/\/api.w.org\/{rel}","templated":true}]}}