{"id":9046,"date":"2024-07-26T16:11:42","date_gmt":"2024-07-26T16:11:42","guid":{"rendered":"https:\/\/tvbrazilusa.com\/2024\/07\/26\/o-poderoso-lider-do-cartel-el-mayo-zambada-foi-atraido-para-um-aviao-antes-de-ser-preso-nos-eua-diz-fonte-da-ap\/"},"modified":"2024-07-26T16:21:33","modified_gmt":"2024-07-26T16:21:33","slug":"o-poderoso-lider-do-cartel-el-mayo-zambada-foi-atraido-para-um-aviao-antes-de-ser-preso-nos-eua-diz-fonte-da-ap","status":"publish","type":"post","link":"https:\/\/tvbrazilusa.com\/pt\/2024\/07\/26\/o-poderoso-lider-do-cartel-el-mayo-zambada-foi-atraido-para-um-aviao-antes-de-ser-preso-nos-eua-diz-fonte-da-ap\/","title":{"rendered":"O poderoso l\u00edder do cartel &#39;El Mayo&#39; Zambada foi atra\u00eddo para um avi\u00e3o antes de ser preso nos EUA, diz fonte da AP"},"content":{"rendered":"<script async src=\"https:\/\/pagead2.googlesyndication.com\/pagead\/js\/adsbygoogle.js?client=ca-pub-8864793242727901\"\r\n     crossorigin=\"anonymous\"><\/script>\n<div id=\"\">\n<p class=\"dist__Box-sc-1fnzlkn-0 dist__TextBase-sc-1fnzlkn-3 CGHCP htMUPQ article-text\"><strong>WASHINGTON<\/strong> \u2013 Um poderoso l\u00edder de um cartel de drogas mexicano que iludiu as autoridades durante d\u00e9cadas foi enganado e levado a voar para os EUA, <a href=\"https:\/\/apnews.com\/article\/mexico-drug-lord-captured-mayo-zambada-092bb02d8116fe462b6e1340547a4c77\">onde ele foi preso<\/a> ao lado de um filho de Joaqu\u00edn \u201cEl Chapo\u201d Guzm\u00e1n, de acordo com uma autoridade policial dos EUA familiarizada com o assunto. <\/p>\n<p class=\"dist__Box-sc-1fnzlkn-0 dist__TextBase-sc-1fnzlkn-3 CGHCP htMUPQ article-text\">Ismael \u201cEl Mayo\u201d Zambada embarcou em um avi\u00e3o para os EUA acreditando que estava indo para outro lugar, disse o oficial, que falou sob condi\u00e7\u00e3o de anonimato porque n\u00e3o estava autorizado a discutir o assunto. O oficial n\u00e3o forneceu detalhes adicionais, incluindo quem persuadiu Zambada a entrar no avi\u00e3o ou para onde exatamente ele pensava que estava indo.<\/p>\n<p class=\"dist__Box-sc-1fnzlkn-0 dist__TextBase-sc-1fnzlkn-3 CGHCP htMUPQ article-text\">Ao chegar na regi\u00e3o de El Paso, Zambada e Joaqu\u00edn Guzm\u00e1n L\u00f3pez, filho do not\u00f3rio chef\u00e3o do tr\u00e1fico \u201cEl Chapo\u201d, <a href=\"https:\/\/apnews.com\/article\/2b16e1b751b044f3a7581df96ed41ef3\">que foi condenado \u00e0 pris\u00e3o perp\u00e9tua nos EUA<\/a> em 2019, foram imediatamente detidos pelas autoridades dos EUA, disseram autoridades. <\/p>\n<p class=\"dist__Box-sc-1fnzlkn-0 dist__TextBase-sc-1fnzlkn-3 CGHCP htMUPQ article-text\">Zambada, um dos mais poderosos chef\u00f5es do tr\u00e1fico do mundo, tem sido um alvo importante do governo dos EUA h\u00e1 anos em sua tentativa de derrubar os l\u00edderes do cartel de Sinaloa, respons\u00e1vel pelo tr\u00e1fico de grandes somas de drogas pela fronteira. Autoridades dos EUA ofereceram uma recompensa de at\u00e9 US$ 15 milh\u00f5es por informa\u00e7\u00f5es que levassem \u00e0 sua captura. <\/p>\n<p class=\"dist__Box-sc-1fnzlkn-0 dist__TextBase-sc-1fnzlkn-3 CGHCP htMUPQ article-text\">A pris\u00e3o de Zambada \u201catinge o cerne do cartel respons\u00e1vel pela maioria das drogas, incluindo fentanil e metanfetamina, matando americanos de costa a costa\u201d, disse a chefe da Ag\u00eancia Antidrogas dos EUA, Anne Milgram. <\/p>\n<p class=\"dist__Box-sc-1fnzlkn-0 dist__TextBase-sc-1fnzlkn-3 CGHCP htMUPQ article-text\">\u201cO fentanil \u00e9 a amea\u00e7a de drogas mais mortal que nosso pa\u00eds j\u00e1 enfrentou, e o Departamento de Justi\u00e7a n\u00e3o descansar\u00e1 at\u00e9 que cada l\u00edder, membro e associado do cartel respons\u00e1vel por envenenar nossas comunidades seja responsabilizado\u201d, disse o procurador-geral Merrick Garland em um comunicado na quinta-feira \u00e0 noite. <\/p>\n<p class=\"dist__Box-sc-1fnzlkn-0 dist__TextBase-sc-1fnzlkn-3 CGHCP htMUPQ article-text\">Um advogado listado para Zambada n\u00e3o respondeu imediatamente a um e-mail solicitando coment\u00e1rios na sexta-feira.<\/p>\n<p class=\"dist__Box-sc-1fnzlkn-0 dist__TextBase-sc-1fnzlkn-3 CGHCP htMUPQ article-text\">O presidente mexicano Andr\u00e9s Manuel L\u00f3pez Obrador disse na sexta-feira que o M\u00e9xico ainda estava aguardando detalhes sobre a pris\u00e3o dos homens e n\u00e3o estava envolvido na opera\u00e7\u00e3o. Ele elogiou as pris\u00f5es, embora tenha sugerido que outros poderiam intervir para preencher o v\u00e1cuo. \u00c9 por isso que sua administra\u00e7\u00e3o se concentrou em abordar as causas ra\u00edzes do uso de drogas e da viol\u00eancia associada, disse ele. <\/p>\n<p class=\"dist__Box-sc-1fnzlkn-0 dist__TextBase-sc-1fnzlkn-3 CGHCP htMUPQ article-text\">A secret\u00e1ria de Seguran\u00e7a mexicana, Rosa Icela Rodr\u00edguez, disse que o avi\u00e3o decolou apenas com o piloto do aeroporto de Hermosillo, M\u00e9xico. O servi\u00e7o de rastreamento de voo Flight Aware mostrou que o avi\u00e3o parou de transmitir sua altitude e velocidade por cerca de 30 minutos enquanto estava sobre as montanhas do norte do M\u00e9xico antes de retomar seu curso para a fronteira com os EUA. <\/p>\n<p class=\"dist__Box-sc-1fnzlkn-0 dist__TextBase-sc-1fnzlkn-3 CGHCP htMUPQ article-text\">\u201c\u00c9 fato que uma pessoa saiu daqui, tr\u00eas pessoas chegaram l\u00e1\u201d, disse ela. <\/p>\n<p class=\"dist__Box-sc-1fnzlkn-0 dist__TextBase-sc-1fnzlkn-3 CGHCP htMUPQ article-text\">Zambada enfrenta acusa\u00e7\u00f5es <a href=\"https:\/\/apnews.com\/8fa6da0d096a4bc79717495270826684\">em v\u00e1rios casos nos EUA<\/a>inclusive em Nova York e Calif\u00f3rnia. Os promotores apresentaram uma nova acusa\u00e7\u00e3o contra ele em Nova York em fevereiro, descrevendo-o como o \u201cl\u00edder principal da empresa criminosa respons\u00e1vel pela importa\u00e7\u00e3o de enormes quantidades de narc\u00f3ticos para os Estados Unidos\u201d. <\/p>\n<p class=\"dist__Box-sc-1fnzlkn-0 dist__TextBase-sc-1fnzlkn-3 CGHCP htMUPQ article-text\">Zambada, um dos capos mais longevos do M\u00e9xico, era considerado o estrategista do cartel, mais envolvido nas opera\u00e7\u00f5es do dia a dia do que seu chefe mais conhecido e chamativo, &#8220;El Chapo&#8221;. <\/p>\n<p class=\"dist__Box-sc-1fnzlkn-0 dist__TextBase-sc-1fnzlkn-3 CGHCP htMUPQ article-text\">Zambada \u00e9 um capo \u00e0 moda antiga em uma era de chef\u00f5es mais jovens conhecidos por seus estilos de vida extravagantes de idas a clubes e t\u00e1ticas brutais de decapita\u00e7\u00e3o, desmembramento e at\u00e9 mesmo esfolamento de seus rivais. Embora Zambada tenha lutado contra aqueles que o desafiaram, ele \u00e9 conhecido por se concentrar no lado comercial do tr\u00e1fico e evitar a viol\u00eancia horr\u00edvel do cartel que chamaria a aten\u00e7\u00e3o.<\/p>\n<p class=\"dist__Box-sc-1fnzlkn-0 dist__TextBase-sc-1fnzlkn-3 CGHCP htMUPQ article-text\">Em uma entrevista de abril de 2010 \u00e0 revista mexicana Proceso, ele reconheceu que vivia com medo de ir para a pris\u00e3o e que preferia pensar em suic\u00eddio a ser capturado.<\/p>\n<p class=\"dist__Box-sc-1fnzlkn-0 dist__TextBase-sc-1fnzlkn-3 CGHCP htMUPQ article-text\">\u201cEstou com medo de ser encarcerado\u201d, disse Zambada. \u201cGostaria de pensar que, sim, eu me mataria.\u201d<\/p>\n<p class=\"dist__Box-sc-1fnzlkn-0 dist__TextBase-sc-1fnzlkn-3 CGHCP htMUPQ article-text\">A entrevista foi surpreendente para um chef\u00e3o conhecido por manter a cabe\u00e7a baixa, mas ele deu instru\u00e7\u00f5es r\u00edgidas sobre onde e quando o encontro aconteceria, e o artigo n\u00e3o deu nenhuma pista sobre seu paradeiro.<\/p>\n<p class=\"dist__Box-sc-1fnzlkn-0 dist__TextBase-sc-1fnzlkn-3 CGHCP htMUPQ article-text\">Dizem que Zambada conquistou a lealdade dos moradores de seu estado natal, Sinaloa, e do vizinho Durango, por meio de sua generosidade, patrocinando fazendeiros locais e distribuindo dinheiro e cerveja em sua cidade natal, El Alamo.<\/p>\n<p class=\"dist__Box-sc-1fnzlkn-0 dist__TextBase-sc-1fnzlkn-3 CGHCP htMUPQ article-text\">Embora pouco se saiba sobre a inf\u00e2ncia de Zambada, acredita-se que ele tenha come\u00e7ado como executor na d\u00e9cada de 1970.<\/p>\n<p class=\"dist__Box-sc-1fnzlkn-0 dist__TextBase-sc-1fnzlkn-3 CGHCP htMUPQ article-text\">No in\u00edcio da d\u00e9cada de 1990, ele era um dos principais integrantes do cartel de Juarez, transportando toneladas de coca\u00edna e maconha.<\/p>\n<p class=\"dist__Box-sc-1fnzlkn-0 dist__TextBase-sc-1fnzlkn-3 CGHCP htMUPQ article-text\">Zambada come\u00e7ou a ganhar a confian\u00e7a dos traficantes colombianos, alian\u00e7as que o ajudaram a chegar ao topo no mundo do cartel de alian\u00e7as em constante mudan\u00e7a. Eventualmente, ele se tornou t\u00e3o poderoso que rompeu com o cartel de Juarez, mas ainda conseguiu manter la\u00e7os fortes com a gangue e evitou uma guerra territorial. Ele tamb\u00e9m desenvolveu uma parceria com \u201cEl Chapo\u201d Guzman que o levaria ao topo do Cartel de Sinaloa.<\/p>\n<p class=\"dist__Box-sc-1fnzlkn-0 dist__TextBase-sc-1fnzlkn-3 CGHCP htMUPQ article-text\">A deten\u00e7\u00e3o de Zambada segue-se a algumas deten\u00e7\u00f5es importantes de outras figuras do cartel de Sinaloa, incluindo um dos seus filhos e outro filho de \u201cEl Chapo\u201d Guzm\u00e1n, Ovidio Guzm\u00e1n L\u00f3pez.<\/p>\n<p class=\"dist__Box-sc-1fnzlkn-0 dist__TextBase-sc-1fnzlkn-3 CGHCP htMUPQ article-text\">Ovidio Guzm\u00e1n L\u00f3pez foi preso e extraditado para os EUA no ano passado. <a href=\"https:\/\/apnews.com\/article\/el-chapo-son-charged-chicago-aa87d44a1290b6473006d4caf6220908\">Ele se declarou inocente de tr\u00e1fico de drogas<\/a> acusa\u00e7\u00f5es em Chicago em setembro. O localizador de presos do Bureau of Prisons mostrou que Ovidio Guzm\u00e1n L\u00f3pez foi solto na ter\u00e7a-feira, mas Rodr\u00edguez disse que as autoridades dos EUA os informaram que ele n\u00e3o foi solto, mas apenas teve sua cust\u00f3dia alterada. <\/p>\n<p class=\"dist__Box-sc-1fnzlkn-0 dist__TextBase-sc-1fnzlkn-3 CGHCP htMUPQ article-text\">Em 2021, o filho de Zambada se declarou culpado em um tribunal federal em San Diego por ser um l\u00edder do cartel de Sinaloa. <\/p>\n<p class=\"dist__Box-sc-1fnzlkn-0 dist__TextBase-sc-1fnzlkn-3 CGHCP htMUPQ article-text\">Nos \u00faltimos anos, os filhos de Guzman lideraram uma fac\u00e7\u00e3o do cartel conhecida como os pequenos Chapos, ou \u201cChapitos\u201d, que foi identificada como a principal exportadora de fentanil para o mercado dos EUA. <a href=\"https:\/\/apnews.com\/article\/mexico-sinaloa-cartel-suspect-fentanyl-nini-acbb34ece668e5fd6ddc2baa9276d1d1\">O chefe da seguran\u00e7a deles foi preso<\/a> pelas autoridades mexicanas em novembro.<\/p>\n<p class=\"dist__Box-sc-1fnzlkn-0 dist__TextBase-sc-1fnzlkn-3 CGHCP htMUPQ article-text\">____<\/p>\n<p class=\"dist__Box-sc-1fnzlkn-0 dist__TextBase-sc-1fnzlkn-3 CGHCP htMUPQ article-text\">Verza e Sherman reportaram da Cidade do M\u00e9xico. <\/p>\n<\/div>\n<p>Copyright 2024 The Associated Press. Todos os direitos reservados. Este material n\u00e3o pode ser publicado, transmitido, reescrito ou redistribu\u00eddo sem permiss\u00e3o.<\/p>\n<p><br \/>\n<br \/><a href=\"https:\/\/www.clickorlando.com\/news\/world\/2024\/07\/26\/powerful-cartel-leader-el-mayo-zambada-was-lured-onto-airplane-before-arrest-in-us-ap-source-says\/\">Source link <\/a><\/p>","protected":false},"excerpt":{"rendered":"<p>WASHINGTON \u2013 Um poderoso l\u00edder de um cartel de drogas mexicano que iludiu as autoridades durante d\u00e9cadas foi enganado e levado a voar para os EUA, onde ele foi preso&hellip;<\/p>","protected":false},"author":1,"featured_media":9047,"comment_status":"closed","ping_status":"open","sticky":false,"template":"","format":"standard","meta":{"content-type":"","footnotes":""},"categories":[1],"tags":[2108,2109,2110,1419,1411],"class_list":["post-9046","post","type-post","status-publish","format-standard","has-post-thumbnail","hentry","category-uncategorized","tag-andres-manuel-lopez-obrador","tag-joaquin-guzman-loera","tag-merrick-garland","tag-noticias-do-mundo","tag-noticias-dos-eua"],"_links":{"self":[{"href":"https:\/\/tvbrazilusa.com\/pt\/wp-json\/wp\/v2\/posts\/9046","targetHints":{"allow":["GET"]}}],"collection":[{"href":"https:\/\/tvbrazilusa.com\/pt\/wp-json\/wp\/v2\/posts"}],"about":[{"href":"https:\/\/tvbrazilusa.com\/pt\/wp-json\/wp\/v2\/types\/post"}],"author":[{"embeddable":true,"href":"https:\/\/tvbrazilusa.com\/pt\/wp-json\/wp\/v2\/users\/1"}],"replies":[{"embeddable":true,"href":"https:\/\/tvbrazilusa.com\/pt\/wp-json\/wp\/v2\/comments?post=9046"}],"version-history":[{"count":1,"href":"https:\/\/tvbrazilusa.com\/pt\/wp-json\/wp\/v2\/posts\/9046\/revisions"}],"predecessor-version":[{"id":9048,"href":"https:\/\/tvbrazilusa.com\/pt\/wp-json\/wp\/v2\/posts\/9046\/revisions\/9048"}],"wp:featuredmedia":[{"embeddable":true,"href":"https:\/\/tvbrazilusa.com\/pt\/wp-json\/wp\/v2\/media\/9047"}],"wp:attachment":[{"href":"https:\/\/tvbrazilusa.com\/pt\/wp-json\/wp\/v2\/media?parent=9046"}],"wp:term":[{"taxonomy":"category","embeddable":true,"href":"https:\/\/tvbrazilusa.com\/pt\/wp-json\/wp\/v2\/categories?post=9046"},{"taxonomy":"post_tag","embeddable":true,"href":"https:\/\/tvbrazilusa.com\/pt\/wp-json\/wp\/v2\/tags?post=9046"}],"curies":[{"name":"wp","href":"https:\/\/api.w.org\/{rel}","templated":true}]}}