{"id":90463,"date":"2025-01-11T09:35:49","date_gmt":"2025-01-11T09:35:49","guid":{"rendered":"https:\/\/tvbrazilusa.com\/2025\/01\/11\/monitoramento-da-receita-federal-no-governo-lula-vira-tema-de-musica-o-leao-ta-com-fome-veja-video-com-a-musica\/"},"modified":"2025-01-11T09:35:51","modified_gmt":"2025-01-11T09:35:51","slug":"monitoramento-da-receita-federal-no-governo-lula-vira-tema-de-musica-o-leao-ta-com-fome-veja-video-com-a-musica","status":"publish","type":"post","link":"https:\/\/tvbrazilusa.com\/pt\/2025\/01\/11\/monitoramento-da-receita-federal-no-governo-lula-vira-tema-de-musica-o-leao-ta-com-fome-veja-video-com-a-musica\/","title":{"rendered":"Monitoramento da Receita Federal no governo Lula vira tema de m\u00fasica: &#8216;O Le\u00e3o t\u00e1 com fome&#8217;; VEJA V\u00cdDEO COM A M\u00daSICA"},"content":{"rendered":"<p> <script async src=\"https:\/\/pagead2.googlesyndication.com\/pagead\/js\/adsbygoogle.js?client=ca-pub-8864793242727901\"\r\n     crossorigin=\"anonymous\"><\/script><br \/>\n<\/p>\n<div id=\"taboola-read-more\" style=\"display:block; width:100%\">\n<p>A decis\u00e3o do governo Lula de monitorar transa\u00e7\u00f5es via PIX acima de R$ 5.000, anunciada pela Receita Federal, j\u00e1 extrapolou o debate t\u00e9cnico e econ\u00f4mico, e se tornou o assunto mais comentado nas redes sociais.\n<\/p>\n<p>A medida, que enfrenta cr\u00edticas e desgaste pol\u00edtico, tamb\u00e9m tem causado uma debandada de eleitores que antes apoiavam o presidente.<\/p>\n<p>O assunto, que furou a habitual \u201cbolha\u201d das discuss\u00f5es pol\u00edticas, tem mobilizado tanto setores da sociedade civil quanto o p\u00fablico geral. Entre as rea\u00e7\u00f5es est\u00e1 a m\u00fasica \u201cO Le\u00e3o T\u00e1 Com Fome\u201d, de Wladimyr Compositor, Eraldo J\u00fanior e Moicano Alves. A can\u00e7\u00e3o rapidamente viralizou, alcan\u00e7ando mais de 1,8 milh\u00e3o de visualiza\u00e7\u00f5es em menos de 24 horas e ultrapassando 100 mil compartilhamentos.\n<\/p>\n<p>A letra, em ritmo de forr\u00f3, faz uma cr\u00edtica ao aumento da fiscaliza\u00e7\u00e3o sobre o cidad\u00e3o comum e \u00e0s pol\u00edticas tribut\u00e1rias do governo Lula III.\n<\/p>\n<p>Veja v\u00eddeo:\n<\/p>\n<p>Fonte: Conex\u00e3o Pol\u00edtica Brasil              <\/p>\n<\/div>\n<p><br \/>\n<br \/><a href=\"https:\/\/diariodobrasilnoticias.com.br\/noticia\/monitoramento-da-receita-federal-no-governo-lula-vira-tema-de-musica-o-leao-ta-com-fome-veja-video-com-a-musica-67823b0a49c3f\">Source link <\/a><\/p>","protected":false},"excerpt":{"rendered":"<p>A decis\u00e3o do governo Lula de monitorar transa\u00e7\u00f5es via PIX acima de R$ 5.000, anunciada pela Receita Federal, j\u00e1 extrapolou o debate t\u00e9cnico e econ\u00f4mico, e se tornou o assunto&hellip;<\/p>","protected":false},"author":1,"featured_media":90464,"comment_status":"closed","ping_status":"open","sticky":false,"template":"","format":"standard","meta":{"content-type":"","footnotes":""},"categories":[16],"tags":[123,2448,5313,1267],"class_list":["post-90463","post","type-post","status-publish","format-standard","has-post-thumbnail","hentry","category-noticias","tag-brasil","tag-diario","tag-noticia","tag-noticias"],"_links":{"self":[{"href":"https:\/\/tvbrazilusa.com\/pt\/wp-json\/wp\/v2\/posts\/90463","targetHints":{"allow":["GET"]}}],"collection":[{"href":"https:\/\/tvbrazilusa.com\/pt\/wp-json\/wp\/v2\/posts"}],"about":[{"href":"https:\/\/tvbrazilusa.com\/pt\/wp-json\/wp\/v2\/types\/post"}],"author":[{"embeddable":true,"href":"https:\/\/tvbrazilusa.com\/pt\/wp-json\/wp\/v2\/users\/1"}],"replies":[{"embeddable":true,"href":"https:\/\/tvbrazilusa.com\/pt\/wp-json\/wp\/v2\/comments?post=90463"}],"version-history":[{"count":1,"href":"https:\/\/tvbrazilusa.com\/pt\/wp-json\/wp\/v2\/posts\/90463\/revisions"}],"predecessor-version":[{"id":90465,"href":"https:\/\/tvbrazilusa.com\/pt\/wp-json\/wp\/v2\/posts\/90463\/revisions\/90465"}],"wp:featuredmedia":[{"embeddable":true,"href":"https:\/\/tvbrazilusa.com\/pt\/wp-json\/wp\/v2\/media\/90464"}],"wp:attachment":[{"href":"https:\/\/tvbrazilusa.com\/pt\/wp-json\/wp\/v2\/media?parent=90463"}],"wp:term":[{"taxonomy":"category","embeddable":true,"href":"https:\/\/tvbrazilusa.com\/pt\/wp-json\/wp\/v2\/categories?post=90463"},{"taxonomy":"post_tag","embeddable":true,"href":"https:\/\/tvbrazilusa.com\/pt\/wp-json\/wp\/v2\/tags?post=90463"}],"curies":[{"name":"wp","href":"https:\/\/api.w.org\/{rel}","templated":true}]}}