{"id":90472,"date":"2025-01-11T10:13:23","date_gmt":"2025-01-11T10:13:23","guid":{"rendered":"https:\/\/tvbrazilusa.com\/2025\/01\/11\/zuckemberg-volta-a-se-encontrar-com-trump-apos-anunciar-mudancas-nas-politicas-de-controle-de-conteudo-da-empresa\/"},"modified":"2025-01-11T10:13:25","modified_gmt":"2025-01-11T10:13:25","slug":"zuckemberg-volta-a-se-encontrar-com-trump-apos-anunciar-mudancas-nas-politicas-de-controle-de-conteudo-da-empresa","status":"publish","type":"post","link":"https:\/\/tvbrazilusa.com\/pt\/2025\/01\/11\/zuckemberg-volta-a-se-encontrar-com-trump-apos-anunciar-mudancas-nas-politicas-de-controle-de-conteudo-da-empresa\/","title":{"rendered":"Zuckemberg volta a se encontrar com Trump ap\u00f3s anunciar mudan\u00e7as nas pol\u00edticas de controle de conte\u00fado da empresa"},"content":{"rendered":"<p> <script async src=\"https:\/\/pagead2.googlesyndication.com\/pagead\/js\/adsbygoogle.js?client=ca-pub-8864793242727901\"\r\n     crossorigin=\"anonymous\"><\/script><br \/>\n<\/p>\n<div>\n<figure class=\"post-image\">\n<\/figure>\n<p>            <span style=\"font-size: 12px\">@DogeDesigner\/X<\/span><\/p>\n<p>            <!-- end metas --><br \/>\n            <!-- ADS --><\/p>\n<div id=\"taboola-read-more\" style=\"display:block; width:100%\">\n<p>Mark Zuckerberg, CEO da Meta, voltou a se encontrar com o presidente eleito dos Estados Unidos, Donald Trump, no resort Mar-a-Lago, na Fl\u00f3rida, logo ap\u00f3s anunciar mudan\u00e7as significativas nas pol\u00edticas de modera\u00e7\u00e3o de conte\u00fado da Meta. Essas mudan\u00e7as incluem a substitui\u00e7\u00e3o do programa de verifica\u00e7\u00e3o de fatos por um sistema de anota\u00e7\u00f5es comunit\u00e1rias semelhante ao utilizado pela plataforma X de Elon Musk, o que tem sido interpretado como uma tentativa de alinhar a Meta com as pol\u00edticas de liberdade de express\u00e3o defendidas por Trump. A reuni\u00e3o entre Zuckerberg e Trump, que j\u00e1 tiveram um relacionamento conturbado no passado, sugere um esfor\u00e7o do empres\u00e1rio para melhorar a imagem da Meta entre os conservadores e, possivelmente, evitar futuras regulamenta\u00e7\u00f5es adversas de um governo Trump.\n<\/p>\n<p>No entanto, essas mudan\u00e7as e a aproxima\u00e7\u00e3o com Trump t\u00eam gerado rea\u00e7\u00f5es negativas, especialmente entre grupos de esquerda em v\u00e1rias partes do mundo. No Brasil, h\u00e1 uma corrente de preocupa\u00e7\u00e3o com o que isso pode significar para a modera\u00e7\u00e3o de conte\u00fado nas redes sociais. O judici\u00e1rio brasileiro, conhecido por sua postura firme contra a dissemina\u00e7\u00e3o de desinforma\u00e7\u00e3o, j\u00e1 amea\u00e7ou suspender plataformas sociais, como foi o caso com o X de Elon Musk. Este cen\u00e1rio levanta quest\u00f5es sobre como a Meta lidar\u00e1 com a press\u00e3o judicial brasileira, especialmente se as novas pol\u00edticas levarem a um aumento no volume de desinforma\u00e7\u00e3o e conte\u00fado potencialmente nocivo.<\/p>\n<p>A controv\u00e9rsia em torno das novas pol\u00edticas da Meta e as amea\u00e7as de san\u00e7\u00f5es judiciais no Brasil destacam um conflito crescente entre a liberdade de express\u00e3o e o controle de desinforma\u00e7\u00e3o. A decis\u00e3o de Zuckerberg de se alinhar mais com as vis\u00f5es de Trump pode ser vista como uma estrat\u00e9gia para evitar retalia\u00e7\u00f5es pol\u00edticas nos EUA, mas pode vir \u00e0 custa de rela\u00e7\u00f5es tensas com governos e grupos que priorizam a regula\u00e7\u00e3o de conte\u00fado online.\n<\/p>\n<p>Por Jr. Melo              <\/p>\n<\/div>\n<p>                        <!-- Scripts para conteudo --><\/p>\n<p>            <!-- .\/Scripts para conteudo --><br \/>\n            <!-- .\/Mat\u00e9ria --><\/p>\n<div class=\"row mt-3\">\n<div class=\"col-sm-6\">\n                <!-- Whatsapp channel 3--><br \/>\n                <a href=\"https:\/\/chat.whatsapp.com\/B8Qy6Erx4kb6yTzj3kaDco\" target=\"_blank\"><br \/>\n                  <img decoding=\"async\" src=\"https:\/\/diariodobrasilnoticias.com.br\/assets-site\/images\/bot_whatsapp.png\"\/><\/a>\n              <\/div>\n<div class=\"col-sm-6\">\n                <a href=\"https:\/\/t.me\/+_4gTmi5LKo03OTM5\" target=\"_blank\"><br \/>\n                  <img decoding=\"async\" src=\"https:\/\/diariodobrasilnoticias.com.br\/assets-site\/images\/bot_telegram.png\"\/><\/a>\n              <\/div>\n<\/p><\/div>\n<p>            <!-- end post-navigation --><\/p>\n<p>              <!-- end row --><\/p>\n<p>              <!-- end col-12-->\n                      <\/div>\n<p><br \/>\n<br \/><a href=\"https:\/\/diariodobrasilnoticias.com.br\/noticia\/zuckemberg-volta-a-se-encontrar-com-trump-apos-anunciar-mudancas-nas-politicas-de-controle-de-conteudo-da-empresa-6782417bd7cf3\">Source link <\/a><\/p>","protected":false},"excerpt":{"rendered":"<p>@DogeDesigner\/X Mark Zuckerberg, CEO da Meta, voltou a se encontrar com o presidente eleito dos Estados Unidos, Donald Trump, no resort Mar-a-Lago, na Fl\u00f3rida, logo ap\u00f3s anunciar mudan\u00e7as significativas nas&hellip;<\/p>","protected":false},"author":1,"featured_media":90473,"comment_status":"closed","ping_status":"open","sticky":false,"template":"","format":"standard","meta":{"content-type":"","footnotes":""},"categories":[16],"tags":[123,2448,5313,1267],"class_list":["post-90472","post","type-post","status-publish","format-standard","has-post-thumbnail","hentry","category-noticias","tag-brasil","tag-diario","tag-noticia","tag-noticias"],"_links":{"self":[{"href":"https:\/\/tvbrazilusa.com\/pt\/wp-json\/wp\/v2\/posts\/90472","targetHints":{"allow":["GET"]}}],"collection":[{"href":"https:\/\/tvbrazilusa.com\/pt\/wp-json\/wp\/v2\/posts"}],"about":[{"href":"https:\/\/tvbrazilusa.com\/pt\/wp-json\/wp\/v2\/types\/post"}],"author":[{"embeddable":true,"href":"https:\/\/tvbrazilusa.com\/pt\/wp-json\/wp\/v2\/users\/1"}],"replies":[{"embeddable":true,"href":"https:\/\/tvbrazilusa.com\/pt\/wp-json\/wp\/v2\/comments?post=90472"}],"version-history":[{"count":1,"href":"https:\/\/tvbrazilusa.com\/pt\/wp-json\/wp\/v2\/posts\/90472\/revisions"}],"predecessor-version":[{"id":90474,"href":"https:\/\/tvbrazilusa.com\/pt\/wp-json\/wp\/v2\/posts\/90472\/revisions\/90474"}],"wp:featuredmedia":[{"embeddable":true,"href":"https:\/\/tvbrazilusa.com\/pt\/wp-json\/wp\/v2\/media\/90473"}],"wp:attachment":[{"href":"https:\/\/tvbrazilusa.com\/pt\/wp-json\/wp\/v2\/media?parent=90472"}],"wp:term":[{"taxonomy":"category","embeddable":true,"href":"https:\/\/tvbrazilusa.com\/pt\/wp-json\/wp\/v2\/categories?post=90472"},{"taxonomy":"post_tag","embeddable":true,"href":"https:\/\/tvbrazilusa.com\/pt\/wp-json\/wp\/v2\/tags?post=90472"}],"curies":[{"name":"wp","href":"https:\/\/api.w.org\/{rel}","templated":true}]}}