{"id":90478,"date":"2025-01-11T10:30:44","date_gmt":"2025-01-11T10:30:44","guid":{"rendered":"https:\/\/tvbrazilusa.com\/2025\/01\/11\/operacao-bolsa-azul-suposto-plano-do-presidente-de-el-salvador-para-derrubar-maduro-ganha-forca-na-internet-entenda\/"},"modified":"2025-01-11T10:30:45","modified_gmt":"2025-01-11T10:30:45","slug":"operacao-bolsa-azul-suposto-plano-do-presidente-de-el-salvador-para-derrubar-maduro-ganha-forca-na-internet-entenda","status":"publish","type":"post","link":"https:\/\/tvbrazilusa.com\/pt\/2025\/01\/11\/operacao-bolsa-azul-suposto-plano-do-presidente-de-el-salvador-para-derrubar-maduro-ganha-forca-na-internet-entenda\/","title":{"rendered":"OPERA\u00c7\u00c3O BOLSA AZUL: suposto plano do presidente de El Salvador para derrubar Maduro ganha for\u00e7a na internet; entenda"},"content":{"rendered":"<p> <script async src=\"https:\/\/pagead2.googlesyndication.com\/pagead\/js\/adsbygoogle.js?client=ca-pub-8864793242727901\"\r\n     crossorigin=\"anonymous\"><\/script><br \/>\n<\/p>\n<div id=\"taboola-read-more\" style=\"display:block; width:100%\">\n<p>Um post de uma bolsa azul no X, uma fala em um v\u00eddeo e um encontro com um mercen\u00e1rio. Isso foi o suficiente para espalhar uma suposta teoria de que o presidente de El Salvador, Nayib Bukele, elaborou um plano para derrubar Nicol\u00e1s Maduro na Venezuela.\n<\/p>\n<p>Maduro tomou posse nesta sexta-feira (10) ap\u00f3s declarar ter vencido as elei\u00e7\u00f5es de julho de 2024, sem apresentar provas da vit\u00f3ria e sob contesta\u00e7\u00e3o internacional.<\/p>\n<p>A teoria, chamada &#8220;Opera\u00e7\u00e3o Bolsa Azul&#8221;, ganhou for\u00e7a na internet ap\u00f3s a l\u00edder da oposi\u00e7\u00e3o venezuelana, Mar\u00eda Corina Machado, ser interceptada por agentes de Maduro ao deixar uma manifesta\u00e7\u00e3o. O caso aconteceu nos arredores de Caracas, na quinta-feira (9).\n<\/p>\n<p>Mar\u00eda Corina ficou algumas horas sob o poder do regime Maduro. Pouco antes de ela confirmar que estava em um local seguro, come\u00e7ou a circular nas redes sociais um v\u00eddeo em que ela dizia que estava bem e que tinha deixado cair uma &#8220;bolsa azul&#8221; enquanto era perseguida.\n<\/p>\n<p>&#8220;Estou bem, estou segura. Hoje \u00e9 9 de janeiro. Sa\u00edmos de uma concentra\u00e7\u00e3o maravilhosa. Me perseguiram, caiu minha bolsa&#8230; uma bolsinha azul que tinha meus pertences. Caiu na rua. E j\u00e1 estou a salvo. A Venezuela ser\u00e1 livre&#8221;, disse.<br \/>O v\u00eddeo em quest\u00e3o n\u00e3o foi divulgado oficialmente pelo partido de Mar\u00eda Corina Machado, nem pela opositora. Na sexta-feira (10), ela disse que foi obrigada a gravar o v\u00eddeo por agentes de Maduro, como uma prova de vida diante da soltura dela.\n<\/p>\n<p>Na noite de quinta-feira, Bukele fez um post em tom cifrado no X: uma foto de uma bolsa azul, sem legenda. Logo, internautas resgataram a foto de Mar\u00eda Corina Machado com uma bolsa supostamente parecida. Veja a seguir.\n<\/p>\n<div style=\"display: flex; flex-direction: row; justify-content: center; width: 100%;\">\n<blockquote class=\"twitter-tweet\">\n<div style=\"display: flex; flex-direction: row; justify-content: center; width: 100%;\">\n<blockquote class=\"twitter-tweet\"><p>A partir da\u00ed, surgiram teorias de que Mar\u00eda Corina havia comentado sobre a bolsa no v\u00eddeo como uma esp\u00e9cie de &#8220;palavra-chave&#8221; para acionar um plano internacional.<\/p><\/blockquote>\n<\/div>\n<\/blockquote>\n<\/div>\n<p>Na internet, houve quem comentasse que a cor azul seria uma refer\u00eancia aos Capacetes Azuis \u2014 as for\u00e7as de paz da ONU. Segundo essa hip\u00f3tese, as Na\u00e7\u00f5es Unidas estariam prontas para restabelecer e democracia na Venezuela.\n<\/p>\n<p>J\u00e1 outros disseram que o azul estaria ligado \u00e0 cor da bandeira de El Salvador, e que algo poderia estar sendo planejado para que Edmundo Gonz\u00e1lez tomasse posse com a ajuda do pa\u00eds.\n<\/p>\n<p>Procurada pelo g1, a assessoria de Mar\u00eda Corina Machado n\u00e3o comentou a teoria.\n<\/p>\n<p><strong>Ajuda de mercen\u00e1rio<\/strong>\n<\/p>\n<p>Bukele tamb\u00e9m publicou um print de celular que mostrava o tempo em Caracas, mais uma vez sem legenda. Os internautas come\u00e7aram a se questionar se a temperatura ou os dias da semana poderiam indicar algo.\n<\/p>\n<p>Tamb\u00e9m foi levantada a possibilidade de o presidente salvadorenho estar na Venezuela durante a posse de Maduro.\n<\/p>\n<p>&#8220;A partir de s\u00e1bado sol? Sexta-feira o \u00faltimo dia nublado?&#8221;, comentou um usu\u00e1rio do X, insinuando que Maduro poderia n\u00e3o seguir no poder.\n<\/p>\n<p>Diante dos prints surgiu mais um elemento na teoria: um encontro que Bukele teve com o mercen\u00e1rio Erik Prince h\u00e1 alguns meses. Prince \u00e9 um ex-militar norte-americano que possui uma empresa militar privada. Ele \u00e9 conhecido por opera\u00e7\u00f5es de seguran\u00e7a e resgate, principalmente em zonas de conflito.\n<\/p>\n<p>Nas redes sociais, o mercen\u00e1rio comenta com frequ\u00eancia a quest\u00e3o da Venezuela. Na quarta-feira (8), ele escreveu: &#8220;N\u00e3o acredite nas coisas idiotas que um regime moribundo far\u00e1 para tentar se agarrar ao poder&#8221;.\n<\/p>\n<p>Dias antes, Prince perguntou se algu\u00e9m estaria disposto a ganhar US$ 100 mil para capturar o procurador-geral da Venezuela, Tarek William Saab, e lev\u00e1-lo at\u00e9 \u00e1guas internacionais. &#8220;Isso \u00e9 muito dinheiro para se livrar desse lixo imundo&#8221;, escreveu.<br \/>Segundo a teoria que est\u00e1 pipocando nas redes sociais, Prince estaria por tr\u00e1s de alguma movimenta\u00e7\u00e3o que ajudaria a colocar fim no regime Maduro. Tudo teria sido planejado com o apoio de Bukele.\n<\/p>\n<p>Na quinta-feira, o ministro do Interior da Venezuela, Diosdado Cabello, zombou do fato de Mar\u00eda Corina Machado ter perdido sua bolsa azul. O programa que ele tem na TV estatal tocou a m\u00fasica &#8220;La Cartera&#8221;, que fala sobre um rapaz que perdeu a carteira com dinheiro.\n<\/p>\n<p>Na televis\u00e3o, Cabello tamb\u00e9m abriu uma bolsa azul cheia de rem\u00e9dios, como ansiol\u00edticos e tranquilizantes, e que guardava uma nota de d\u00f3lar. O procurador-geral Tarek William Saab publicou uma nota no mesmo dia dizendo que Mar\u00eda Corina tinha transtornos de personalidade.\n<\/p>\n<p>Ainda nesta semana, Maduro disse que a Venezuela tinha prendido &#8220;sete mercen\u00e1rios&#8221;, entre os quais dois cidad\u00e3os americanos, que estavam planejando a\u00e7\u00f5es terroristas no pa\u00eds.\n<\/p>\n<p>A posse de Maduro nesta sexta para um mandato de seis anos ajuda a esfriar a teoria por ora. Sem dar contexto, Bukele fez um novo post, escrevendo &#8220;paci\u00eancia&#8221;.\n<\/p>\n<p>Fonte: g1              <\/p>\n<\/div>\n<p><br \/>\n<br \/><a href=\"https:\/\/diariodobrasilnoticias.com.br\/noticia\/operacao-bolsa-azul-suposto-plano-do-presidente-de-el-salvador-para-derrubar-maduro-ganha-forca-na-internet-entenda-678245f0bdfac\">Source link <\/a><\/p>","protected":false},"excerpt":{"rendered":"<p>Um post de uma bolsa azul no X, uma fala em um v\u00eddeo e um encontro com um mercen\u00e1rio. Isso foi o suficiente para espalhar uma suposta teoria de que&hellip;<\/p>","protected":false},"author":1,"featured_media":90479,"comment_status":"closed","ping_status":"open","sticky":false,"template":"","format":"standard","meta":{"content-type":"","footnotes":""},"categories":[16],"tags":[123,2448,5313,1267],"class_list":["post-90478","post","type-post","status-publish","format-standard","has-post-thumbnail","hentry","category-noticias","tag-brasil","tag-diario","tag-noticia","tag-noticias"],"_links":{"self":[{"href":"https:\/\/tvbrazilusa.com\/pt\/wp-json\/wp\/v2\/posts\/90478","targetHints":{"allow":["GET"]}}],"collection":[{"href":"https:\/\/tvbrazilusa.com\/pt\/wp-json\/wp\/v2\/posts"}],"about":[{"href":"https:\/\/tvbrazilusa.com\/pt\/wp-json\/wp\/v2\/types\/post"}],"author":[{"embeddable":true,"href":"https:\/\/tvbrazilusa.com\/pt\/wp-json\/wp\/v2\/users\/1"}],"replies":[{"embeddable":true,"href":"https:\/\/tvbrazilusa.com\/pt\/wp-json\/wp\/v2\/comments?post=90478"}],"version-history":[{"count":1,"href":"https:\/\/tvbrazilusa.com\/pt\/wp-json\/wp\/v2\/posts\/90478\/revisions"}],"predecessor-version":[{"id":90480,"href":"https:\/\/tvbrazilusa.com\/pt\/wp-json\/wp\/v2\/posts\/90478\/revisions\/90480"}],"wp:featuredmedia":[{"embeddable":true,"href":"https:\/\/tvbrazilusa.com\/pt\/wp-json\/wp\/v2\/media\/90479"}],"wp:attachment":[{"href":"https:\/\/tvbrazilusa.com\/pt\/wp-json\/wp\/v2\/media?parent=90478"}],"wp:term":[{"taxonomy":"category","embeddable":true,"href":"https:\/\/tvbrazilusa.com\/pt\/wp-json\/wp\/v2\/categories?post=90478"},{"taxonomy":"post_tag","embeddable":true,"href":"https:\/\/tvbrazilusa.com\/pt\/wp-json\/wp\/v2\/tags?post=90478"}],"curies":[{"name":"wp","href":"https:\/\/api.w.org\/{rel}","templated":true}]}}