{"id":90481,"date":"2025-01-11T10:42:56","date_gmt":"2025-01-11T10:42:56","guid":{"rendered":"https:\/\/tvbrazilusa.com\/2025\/01\/11\/apos-mais-de-4-000-casos-de-dengue-acre-decreta-estado-de-emergencia-em-saude-publica\/"},"modified":"2025-01-11T10:42:57","modified_gmt":"2025-01-11T10:42:57","slug":"apos-mais-de-4-000-casos-de-dengue-acre-decreta-estado-de-emergencia-em-saude-publica","status":"publish","type":"post","link":"https:\/\/tvbrazilusa.com\/pt\/2025\/01\/11\/apos-mais-de-4-000-casos-de-dengue-acre-decreta-estado-de-emergencia-em-saude-publica\/","title":{"rendered":"Ap\u00f3s mais de 4.000 casos de dengue, Acre decreta estado de emerg\u00eancia em sa\u00fade p\u00fablica"},"content":{"rendered":"<p> <script async src=\"https:\/\/pagead2.googlesyndication.com\/pagead\/js\/adsbygoogle.js?client=ca-pub-8864793242727901\"\r\n     crossorigin=\"anonymous\"><\/script><br \/>\n<\/p>\n<div id=\"taboola-read-more\" style=\"display:block; width:100%\">\n<p>O governo do Acre decretou, nesta quinta-feira (9), situa\u00e7\u00e3o de emerg\u00eancia em sa\u00fade p\u00fablica devido ao aumento de casos de dengue.\n<\/p>\n<p>Segundo dados da Secretaria de Sa\u00fade do estado, de 2024 at\u00e9 a primeira semana de 2025, foram confirmados 4.036 diagn\u00f3sticos e a morte de uma crian\u00e7a de 9 anos, em dezembro. Outros dois \u00f3bitos ainda est\u00e3o em investiga\u00e7\u00e3o.<\/p>\n<p>Ao todo, o Acre contabiliza 6.346 casos prov\u00e1veis da doen\u00e7a. O n\u00famero \u00e9 19,3% maior que o registrado no mesmo per\u00edodo de 2024, com a confirma\u00e7\u00e3o de um \u00f3bito. No dia 8 de dezembro, menino Felipe Mota, de 9 anos, morreu com suspeita de dengue grave em Cruzeiro do Sul, no interior do estado.\n<\/p>\n<p>O n\u00famero de casos de chikungunya apresentou um crescimento ainda mais acentuado, de 411,9%, passando de 59 para 302 casos prov\u00e1veis. O zika v\u00edrus, por sua vez, teve um aumento de 49,5%, somando 173 casos prov\u00e1veis.\n<\/p>\n<p>O decreto busca mobilizar recursos financeiros e apoio federal para fortalecer a infraestrutura e garantir atendimento \u00e0 popula\u00e7\u00e3o. A medida tem dura\u00e7\u00e3o de 90 dias e inclui treinamento de equipes e distribui\u00e7\u00e3o de insumos necess\u00e1rios para o controle do mosquito transmissor Aedes aegypti, especialmente em \u00e1reas cr\u00edticas.\n<\/p>\n<p>O secret\u00e1rio estadual de Sa\u00fade, Pedro Pascoal, explicou que a decis\u00e3o foi tomada em virtude da crescente demanda nas unidades hospitalares e da previs\u00e3o de um pico de casos nas pr\u00f3ximas semanas.\n<\/p>\n<p>De acordo com Pascoal, dos pacientes diagnosticados com a doen\u00e7a, 24 evolu\u00edram com sinais de alarme e precisaram de hospitaliza\u00e7\u00e3o.\n<\/p>\n<p>&#8220;Atualmente, 11 munic\u00edpios est\u00e3o em situa\u00e7\u00e3o de risco por causa da doen\u00e7a, com mais de 4.000 casos confirmados, dos quais 24 necessitaram de interven\u00e7\u00e3o hospitalar. Infelizmente, tivemos um \u00f3bito no final do ano, uma crian\u00e7a de 9 anos em Cruzeiro do Sul, e outros dois \u00f3bitos est\u00e3o em investiga\u00e7\u00e3o&#8221;, disse o secret\u00e1rio.\n<\/p>\n<p>Das 11 cidades, as mais afetadas s\u00e3o Cruzeiro do Sul, Rio Branco e Epitaciol\u00e2ndia, que concentram o maior n\u00famero de notifica\u00e7\u00f5es.\n<\/p>\n<p>Na capital Rio Branco, a prefeitura informou que um plano de conting\u00eancia foi elaborado e que o combate \u00e0 dengue conta com a participa\u00e7\u00e3o de diversos \u00f3rg\u00e3os.\n<\/p>\n<p>Desde dezembro, a cidade passou a realizar um mutir\u00e3o de limpeza contra focos de larvas do mosquito Aedes aegypti, para refor\u00e7ar a mobiliza\u00e7\u00e3o contra a doen\u00e7a durante o inverno.\n<\/p>\n<p>Outro fator de aten\u00e7\u00e3o \u00e9 o poss\u00edvel ressurgimento do tipo 3 do v\u00edrus da dengue, que n\u00e3o circulava no Brasil h\u00e1 17 anos e voltou a circular no pa\u00eds. De acordo com o Minist\u00e9rio da Sa\u00fade, foi detectado em estados como S\u00e3o Paulo, Rio de Janeiro, Minas Gerais e Paran\u00e1. N\u00e3o foram detectados casos no Acre, mas a Secretaria Estadual de Sa\u00fade afirma que pretende agir de forma preventiva para impedir a circula\u00e7\u00e3o.\n<\/p>\n<p>As autoridades enfatizam a necessidade de colabora\u00e7\u00e3o da popula\u00e7\u00e3o para evitar a prolifera\u00e7\u00e3o do mosquito, eliminando recipientes que possam acumular \u00e1gua, al\u00e9m de receber os agentes dos \u00f3rg\u00e3os de vigil\u00e2ncia sanit\u00e1ria que atuam nas resid\u00eancias para controlar a reprodu\u00e7\u00e3o do Aedes aegypti.\n<\/p>\n<p>A orienta\u00e7\u00e3o \u00e9 procurar atendimento m\u00e9dico ao perceber sintomas das arboviroses. A Secretaria de Sa\u00fade do Acre recomenda que a popula\u00e7\u00e3o deve priorizar as unidades de refer\u00eancia de aten\u00e7\u00e3o prim\u00e1ria, unidades b\u00e1sicas de sa\u00fade e unidades de pronto atendimento para casos de sintomas leves e moderados, reservando o Pronto-Socorro de Rio Branco para situa\u00e7\u00f5es graves.\n<\/p>\n<p>Outra medida preventiva em curso no Acre \u00e9 a vacina\u00e7\u00e3o contra a dengue. O estado ainda possui estoque da vacina Qdenga, indicada para adolescentes de 10 a 14 anos. Os jovens dessa faixa et\u00e1ria podem se dirigir aos postos de vacina\u00e7\u00e3o para se imunizar, contribuindo para reduzir o impacto da doen\u00e7a na popula\u00e7\u00e3o.\n<\/p>\n<p>Fonte: Folha de S. Paulo              <\/p>\n<\/div>\n<p><br \/>\n<br \/><a href=\"https:\/\/diariodobrasilnoticias.com.br\/noticia\/apos-mais-de-4-000-casos-de-dengue-acre-decreta-estado-de-emergencia-em-saude-publica-67824331345ef\">Source link <\/a><\/p>","protected":false},"excerpt":{"rendered":"<p>O governo do Acre decretou, nesta quinta-feira (9), situa\u00e7\u00e3o de emerg\u00eancia em sa\u00fade p\u00fablica devido ao aumento de casos de dengue. Segundo dados da Secretaria de Sa\u00fade do estado, de&hellip;<\/p>","protected":false},"author":1,"featured_media":90482,"comment_status":"closed","ping_status":"open","sticky":false,"template":"","format":"standard","meta":{"content-type":"","footnotes":""},"categories":[16],"tags":[123,2448,5313,1267],"class_list":["post-90481","post","type-post","status-publish","format-standard","has-post-thumbnail","hentry","category-noticias","tag-brasil","tag-diario","tag-noticia","tag-noticias"],"_links":{"self":[{"href":"https:\/\/tvbrazilusa.com\/pt\/wp-json\/wp\/v2\/posts\/90481","targetHints":{"allow":["GET"]}}],"collection":[{"href":"https:\/\/tvbrazilusa.com\/pt\/wp-json\/wp\/v2\/posts"}],"about":[{"href":"https:\/\/tvbrazilusa.com\/pt\/wp-json\/wp\/v2\/types\/post"}],"author":[{"embeddable":true,"href":"https:\/\/tvbrazilusa.com\/pt\/wp-json\/wp\/v2\/users\/1"}],"replies":[{"embeddable":true,"href":"https:\/\/tvbrazilusa.com\/pt\/wp-json\/wp\/v2\/comments?post=90481"}],"version-history":[{"count":1,"href":"https:\/\/tvbrazilusa.com\/pt\/wp-json\/wp\/v2\/posts\/90481\/revisions"}],"predecessor-version":[{"id":90483,"href":"https:\/\/tvbrazilusa.com\/pt\/wp-json\/wp\/v2\/posts\/90481\/revisions\/90483"}],"wp:featuredmedia":[{"embeddable":true,"href":"https:\/\/tvbrazilusa.com\/pt\/wp-json\/wp\/v2\/media\/90482"}],"wp:attachment":[{"href":"https:\/\/tvbrazilusa.com\/pt\/wp-json\/wp\/v2\/media?parent=90481"}],"wp:term":[{"taxonomy":"category","embeddable":true,"href":"https:\/\/tvbrazilusa.com\/pt\/wp-json\/wp\/v2\/categories?post=90481"},{"taxonomy":"post_tag","embeddable":true,"href":"https:\/\/tvbrazilusa.com\/pt\/wp-json\/wp\/v2\/tags?post=90481"}],"curies":[{"name":"wp","href":"https:\/\/api.w.org\/{rel}","templated":true}]}}