{"id":90484,"date":"2025-01-11T10:55:22","date_gmt":"2025-01-11T10:55:22","guid":{"rendered":"https:\/\/tvbrazilusa.com\/2025\/01\/11\/eleicao-de-cacique-provoca-confrontos-deixando-feridos-e-200-desabrigados\/"},"modified":"2025-01-11T10:55:23","modified_gmt":"2025-01-11T10:55:23","slug":"eleicao-de-cacique-provoca-confrontos-deixando-feridos-e-200-desabrigados","status":"publish","type":"post","link":"https:\/\/tvbrazilusa.com\/pt\/2025\/01\/11\/eleicao-de-cacique-provoca-confrontos-deixando-feridos-e-200-desabrigados\/","title":{"rendered":"Elei\u00e7\u00e3o de cacique provoca confrontos, deixando feridos e 200 desabrigados"},"content":{"rendered":"<p> <script async src=\"https:\/\/pagead2.googlesyndication.com\/pagead\/js\/adsbygoogle.js?client=ca-pub-8864793242727901\"\r\n     crossorigin=\"anonymous\"><\/script><br \/>\n<\/p>\n<div id=\"taboola-read-more\" style=\"display:block; width:100%\">\n<p>As aldeias ind\u00edgenas da etnia Kaingang que entraram em um confronto que terminou com feridos e mais de 200 pessoas desabrigadas viviam em uma s\u00f3 comunidade at\u00e9 2024, quando se dividiram.\n<\/p>\n<p>O &#8220;racha&#8221; aconteceu no in\u00edcio daquele ano, ap\u00f3s diverg\u00eancias durante a elei\u00e7\u00e3o pelo novo cacique da regi\u00e3o central do Paran\u00e1.<\/p>\n<p>As informa\u00e7\u00f5es constam nas atas das reuni\u00f5es que foram realizadas com representantes das aldeias ap\u00f3s a briga &#8211; quando pelo menos sete v\u00edtimas tiveram ferimentos graves e 60 casas foram queimadas. Os encontros foram mediados por institui\u00e7\u00f5es, mas n\u00e3o chegaram a nenhum acordo.\n<\/p>\n<p>&#8220;Foi relatado que o conflito vem acontecendo devido \u00e0s fam\u00edlias que est\u00e3o ocupando o povoamento de Campina n\u00e3o aceitarem a elei\u00e7\u00e3o do cacique Domingos, da terra ind\u00edgena de Iva\u00ed&#8221;, aponta um dos documentos.\n<\/p>\n<p>Segundo informa\u00e7\u00f5es apuradas pela RPC, os grupos viviam em conjunto em um territ\u00f3rio na cidade de Manoel Ribas, chamado de &#8220;aldeia Iva\u00ed&#8221;, at\u00e9 fevereiro de 2024, quando houve uma nova elei\u00e7\u00e3o para cacique.\n<\/p>\n<p>&#8220;A elei\u00e7\u00e3o foi motivada por um grupo de oposi\u00e7\u00e3o ao atual Cacique Domigues. Por\u00e9m, esse grupo perdeu a elei\u00e7\u00e3o e foi mantido o Cacique Domingues. Insatisfeitos, eles se negaram a permanecer na aldeia Iva\u00ed e iniciaram uma nova aldeia a uns 8 km da aldeia principal, que passaram a chamar de &#8216;aldeia da Serrinha'&#8221;, detalhou uma fonte que prefere n\u00e3o ser identificada.\n<\/p>\n<p>As informa\u00e7\u00f5es tamb\u00e9m apontam que a nova aldeia se instalou no territ\u00f3rio da cidade vizinha de Pitanga e passou a ser liderada por um novo cacique.\n<\/p>\n<p>&#8220;De l\u00e1 pra c\u00e1, come\u00e7aram os conflitos&#8221;, relata a fonte.\n<\/p>\n<p><strong>Reuni\u00f5es terminaram sem acordos e ind\u00edgenas continuam desabrigados<\/strong>\n<\/p>\n<p>O conflito aconteceu na madrugada de s\u00e1bado (6). Relembre detalhes mais abaixo.\n<\/p>\n<p>Na ter\u00e7a-feira (7) duas reuni\u00f5es foram realizadas &#8211; uma em cada aldeia. Elas reuniram representantes dos grupos ind\u00edgenas, do Conselho Estadual dos Povos Ind\u00edgenas, da Funda\u00e7\u00e3o Nacional dos Povos Ind\u00edgenas (Funai), prefeituras municipais da regi\u00e3o, entre outros.\n<\/p>\n<p>Segundo as atas, n\u00e3o se chegou a nenhum acordo porque nenhum dos lados cedeu.\n<\/p>\n<p>O vice-presidente do Conselho Estadual dos Povos Ind\u00edgenas, cacique Miguel Alves, explica que os ind\u00edgenas da Iva\u00ed n\u00e3o concordam que a comunidade da Serrinha continue vivendo nas terras em que estava e, por outro lado, os ind\u00edgenas da Serrinha n\u00e3o pretendem sair do local.\n<\/p>\n<p>Com isso, 242 ind\u00edgenas, entre eles 35 crian\u00e7as, seguem desabrigados. Eles tiveram as casas incendiadas e est\u00e3o alojados no Col\u00e9gio Estadual do Campo S\u00e3o Jo\u00e3o da Colina &#8211; que deve iniciar o ano letivo em 5 de fevereiro.\n<\/p>\n<p>Em nota, a Funai disse que acompanha o caso.\n<\/p>\n<p>&#8220;Ao ser informada sobre o conflito, a institui\u00e7\u00e3o entrou em contato com as lideran\u00e7as ind\u00edgenas locais e acionou a Pol\u00edcia Federal para que as provid\u00eancias necess\u00e1rias fossem adotadas. Al\u00e9m disso, a Funai mant\u00e9m di\u00e1logo com as comunidades ind\u00edgenas e as autoridades locais para que o impasse seja solucionado com a maior rapidez poss\u00edvel&#8221;, diz o texto.\n<\/p>\n<p><strong>Relembre a briga entre as aldeias<\/strong>\n<\/p>\n<p>De acordo com a Pol\u00edcia Militar (PM-PR), a briga aconteceu na madrugada de s\u00e1bado (6).\u00a0\n<\/p>\n<p>A corpora\u00e7\u00e3o afirma que o conflito come\u00e7ou depois que ind\u00edgenas da aldeia Iva\u00ed, da cidade de Manoel Ribas, foram de carro at\u00e9 o limite com a aldeia da Serrinha, em Pitanga, para cuidar de m\u00e1quinas agr\u00edcolas que estavam aplicando veneno em uma lavoura.\n<\/p>\n<p>No local, ainda segundo a PM, os ind\u00edgenas de Iva\u00ed foram espancados pelos membros da aldeia rival.\n<\/p>\n<p>O registro da PM diz, tamb\u00e9m, que ap\u00f3s as primeiras agress\u00f5es, ind\u00edgenas da aldeia Iva\u00ed souberam da confus\u00e3o e foram at\u00e9 o local onde come\u00e7ou uma briga generalizada.\n<\/p>\n<p>Seis pessoas ficaram gravemente feridas e foram internadas em um hospital de Manoel Ribas. Outras pessoas tiveram ferimentos leves e foram socorridas por equipes da Secretaria Municipal de Sa\u00fade de Pitanga.\n<\/p>\n<p>No conflito, os ind\u00edgenas que viviam na aldeia da Serrinha tiveram as casas e ve\u00edculos incendiados.\n<\/p>\n<p>O caso est\u00e1 sendo investigado.\n<\/p>\n<p>Fonte: g1              <\/p>\n<\/div>\n<p><br \/>\n<br \/><a href=\"https:\/\/diariodobrasilnoticias.com.br\/noticia\/eleicao-de-cacique-provoca-confrontos-deixando-feridos-e-200-desabrigados-67824847af230\">Source link <\/a><\/p>","protected":false},"excerpt":{"rendered":"<p>As aldeias ind\u00edgenas da etnia Kaingang que entraram em um confronto que terminou com feridos e mais de 200 pessoas desabrigadas viviam em uma s\u00f3 comunidade at\u00e9 2024, quando se&hellip;<\/p>","protected":false},"author":1,"featured_media":90485,"comment_status":"closed","ping_status":"open","sticky":false,"template":"","format":"standard","meta":{"content-type":"","footnotes":""},"categories":[16],"tags":[123,2448,5313,1267],"class_list":["post-90484","post","type-post","status-publish","format-standard","has-post-thumbnail","hentry","category-noticias","tag-brasil","tag-diario","tag-noticia","tag-noticias"],"_links":{"self":[{"href":"https:\/\/tvbrazilusa.com\/pt\/wp-json\/wp\/v2\/posts\/90484","targetHints":{"allow":["GET"]}}],"collection":[{"href":"https:\/\/tvbrazilusa.com\/pt\/wp-json\/wp\/v2\/posts"}],"about":[{"href":"https:\/\/tvbrazilusa.com\/pt\/wp-json\/wp\/v2\/types\/post"}],"author":[{"embeddable":true,"href":"https:\/\/tvbrazilusa.com\/pt\/wp-json\/wp\/v2\/users\/1"}],"replies":[{"embeddable":true,"href":"https:\/\/tvbrazilusa.com\/pt\/wp-json\/wp\/v2\/comments?post=90484"}],"version-history":[{"count":1,"href":"https:\/\/tvbrazilusa.com\/pt\/wp-json\/wp\/v2\/posts\/90484\/revisions"}],"predecessor-version":[{"id":90486,"href":"https:\/\/tvbrazilusa.com\/pt\/wp-json\/wp\/v2\/posts\/90484\/revisions\/90486"}],"wp:featuredmedia":[{"embeddable":true,"href":"https:\/\/tvbrazilusa.com\/pt\/wp-json\/wp\/v2\/media\/90485"}],"wp:attachment":[{"href":"https:\/\/tvbrazilusa.com\/pt\/wp-json\/wp\/v2\/media?parent=90484"}],"wp:term":[{"taxonomy":"category","embeddable":true,"href":"https:\/\/tvbrazilusa.com\/pt\/wp-json\/wp\/v2\/categories?post=90484"},{"taxonomy":"post_tag","embeddable":true,"href":"https:\/\/tvbrazilusa.com\/pt\/wp-json\/wp\/v2\/tags?post=90484"}],"curies":[{"name":"wp","href":"https:\/\/api.w.org\/{rel}","templated":true}]}}