{"id":90584,"date":"2025-01-11T16:18:56","date_gmt":"2025-01-11T16:18:56","guid":{"rendered":"https:\/\/tvbrazilusa.com\/2025\/01\/11\/durante-procedimento-para-implantacao-de-balao-gastrico-mulher-tem-complicacoes-e-morre-caso-aconteceu-no-rj\/"},"modified":"2025-01-11T16:18:58","modified_gmt":"2025-01-11T16:18:58","slug":"durante-procedimento-para-implantacao-de-balao-gastrico-mulher-tem-complicacoes-e-morre-caso-aconteceu-no-rj","status":"publish","type":"post","link":"https:\/\/tvbrazilusa.com\/pt\/2025\/01\/11\/durante-procedimento-para-implantacao-de-balao-gastrico-mulher-tem-complicacoes-e-morre-caso-aconteceu-no-rj\/","title":{"rendered":"Durante procedimento para implanta\u00e7\u00e3o de bal\u00e3o g\u00e1strico, mulher tem complica\u00e7\u00f5es e morre; caso aconteceu no RJ"},"content":{"rendered":"<p> <script async src=\"https:\/\/pagead2.googlesyndication.com\/pagead\/js\/adsbygoogle.js?client=ca-pub-8864793242727901\"\r\n     crossorigin=\"anonymous\"><\/script><br \/>\n<\/p>\n<div id=\"taboola-read-more\" style=\"display:block; width:100%\">\n<p>Uma mulher de 30 anos morreu durante um procedimento para coloca\u00e7\u00e3o de bal\u00e3o g\u00e1strico em uma cl\u00ednica de est\u00e9tica em S\u00e3o Gon\u00e7alo, na regi\u00e3o metropolitana do Rio de Janeiro.\n<\/p>\n<p>Amanda da Silva Barros teve complica\u00e7\u00f5es e passou mal. Segundo a fam\u00edlia, a cl\u00ednica n\u00e3o conseguiu reverter a situa\u00e7\u00e3o e acionou o Samu (Servi\u00e7o de Atendimento M\u00f3vel de Urg\u00eancia).<\/p>\n<p>Amanda era rec\u00e9m-formada em administra\u00e7\u00e3o e havia buscado fazer um procedimento est\u00e9tico pela primeira vez. Ela deixou marido e tr\u00eas filhas. Agora, a pol\u00edcia investiga as circunst\u00e2ncias da morte de Amanda.\n<\/p>\n<p>A Delegacia de S\u00e3o Gon\u00e7alo ouviu funcion\u00e1rios da cl\u00ednica e parentes da v\u00edtima. O delegado apura se a m\u00e9dica que realizou o procedimento estava apta a faz\u00ea-lo.\n<\/p>\n<p>Fonte: RecordNews              <\/p>\n<\/div>\n<p><br \/>\n<br \/><a href=\"https:\/\/diariodobrasilnoticias.com.br\/noticia\/durante-procedimento-para-implantacao-de-balao-gastrico-mulher-tem-complicacoes-e-morre-caso-aconteceu-no-rj-6782830449383\">Source link <\/a><\/p>","protected":false},"excerpt":{"rendered":"<p>Uma mulher de 30 anos morreu durante um procedimento para coloca\u00e7\u00e3o de bal\u00e3o g\u00e1strico em uma cl\u00ednica de est\u00e9tica em S\u00e3o Gon\u00e7alo, na regi\u00e3o metropolitana do Rio de Janeiro. Amanda&hellip;<\/p>","protected":false},"author":1,"featured_media":90585,"comment_status":"closed","ping_status":"open","sticky":false,"template":"","format":"standard","meta":{"content-type":"","footnotes":""},"categories":[16],"tags":[123,2448,5313,1267],"class_list":["post-90584","post","type-post","status-publish","format-standard","has-post-thumbnail","hentry","category-noticias","tag-brasil","tag-diario","tag-noticia","tag-noticias"],"_links":{"self":[{"href":"https:\/\/tvbrazilusa.com\/pt\/wp-json\/wp\/v2\/posts\/90584","targetHints":{"allow":["GET"]}}],"collection":[{"href":"https:\/\/tvbrazilusa.com\/pt\/wp-json\/wp\/v2\/posts"}],"about":[{"href":"https:\/\/tvbrazilusa.com\/pt\/wp-json\/wp\/v2\/types\/post"}],"author":[{"embeddable":true,"href":"https:\/\/tvbrazilusa.com\/pt\/wp-json\/wp\/v2\/users\/1"}],"replies":[{"embeddable":true,"href":"https:\/\/tvbrazilusa.com\/pt\/wp-json\/wp\/v2\/comments?post=90584"}],"version-history":[{"count":1,"href":"https:\/\/tvbrazilusa.com\/pt\/wp-json\/wp\/v2\/posts\/90584\/revisions"}],"predecessor-version":[{"id":90586,"href":"https:\/\/tvbrazilusa.com\/pt\/wp-json\/wp\/v2\/posts\/90584\/revisions\/90586"}],"wp:featuredmedia":[{"embeddable":true,"href":"https:\/\/tvbrazilusa.com\/pt\/wp-json\/wp\/v2\/media\/90585"}],"wp:attachment":[{"href":"https:\/\/tvbrazilusa.com\/pt\/wp-json\/wp\/v2\/media?parent=90584"}],"wp:term":[{"taxonomy":"category","embeddable":true,"href":"https:\/\/tvbrazilusa.com\/pt\/wp-json\/wp\/v2\/categories?post=90584"},{"taxonomy":"post_tag","embeddable":true,"href":"https:\/\/tvbrazilusa.com\/pt\/wp-json\/wp\/v2\/tags?post=90584"}],"curies":[{"name":"wp","href":"https:\/\/api.w.org\/{rel}","templated":true}]}}