{"id":90587,"date":"2025-01-11T16:30:59","date_gmt":"2025-01-11T16:30:59","guid":{"rendered":"https:\/\/tvbrazilusa.com\/2025\/01\/11\/alta-do-preco-da-carne-no-governo-lula-e-maior-do-que-na-pandemia\/"},"modified":"2025-01-11T16:31:00","modified_gmt":"2025-01-11T16:31:00","slug":"alta-do-preco-da-carne-no-governo-lula-e-maior-do-que-na-pandemia","status":"publish","type":"post","link":"https:\/\/tvbrazilusa.com\/pt\/2025\/01\/11\/alta-do-preco-da-carne-no-governo-lula-e-maior-do-que-na-pandemia\/","title":{"rendered":"Alta do pre\u00e7o da carne no governo Lula \u00e9 maior do que na pandemia"},"content":{"rendered":"<p> <script async src=\"https:\/\/pagead2.googlesyndication.com\/pagead\/js\/adsbygoogle.js?client=ca-pub-8864793242727901\"\r\n     crossorigin=\"anonymous\"><\/script><br \/>\n<\/p>\n<div id=\"taboola-read-more\" style=\"display:block; width:100%\">\n<p>Um dos efeitos do modo como o mundo encarou a pandemia do coronav\u00edrus foi o aumento generalizado do custo de vida. O pre\u00e7o da carne bovina no Brasil n\u00e3o ficou de fora e tamb\u00e9m subiu. Por\u00e9m, a alta de 2024, segundo ano do governo Lula, foi ainda maior do que a registrada naquele ponto inesperado da hist\u00f3ria humana.\n<\/p>\n<p>Ao longo do segundo ano do governo Lula, o pre\u00e7o m\u00e9dio da carne subiu 20,4%, conforme mostram os registros do Instituto Brasileiro de Geografia e Estat\u00edstica (IBGE). O aumento de 2020, por exemplo, foi de 17%. Foi o mesmo ano em que o coronav\u00edrus se espalhou por praticamente todo o pa\u00eds e as restri\u00e7\u00f5es impostas pelos governos estaduais e municipais come\u00e7aram a causar estragos na economia.<\/p>\n<p>Nos anos seguintes, a alta perdeu for\u00e7a. Em 2021, o aumento ficou na m\u00e9dia de 8,45% e, em 2022, fechou em 1,8%. J\u00e1 em 2023, houve inclusive o registro de uma queda de 9%. Nesse mesmo ano, a China interrompeu as compras por um m\u00eas. O pa\u00eds \u00e9 o maior cliente do Brasil no mercado externo. Assim, houve um excedente inesperado para o mercado interno.\n<\/p>\n<p>Os dados do IBGE mostram que a alta de 2024 n\u00e3o se restringiu a cortes nobres como a picanha e o fil\u00e9-mignon, que subiram 8,7% e 18,5%, respectivamente. O pre\u00e7o alguns cortes de carne bovina subiu mais de 20%. Foi o caso do contrafil\u00e9 (20,1%), do peito (20,2%), da alcatra (21%), da costela (21,3%), do lagarto (22,8%), da p\u00e1 (22,9%), do patinho (24,1%) e do ac\u00e9m (25,2%).\n<\/p>\n<p>Fonte: Revista Oeste              <\/p>\n<\/div>\n<p><br \/>\n<br \/><a href=\"https:\/\/diariodobrasilnoticias.com.br\/noticia\/alta-do-preco-da-carne-no-governo-lula-e-maior-do-que-na-pandemia-67828482da219\">Source link <\/a><\/p>","protected":false},"excerpt":{"rendered":"<p>Um dos efeitos do modo como o mundo encarou a pandemia do coronav\u00edrus foi o aumento generalizado do custo de vida. O pre\u00e7o da carne bovina no Brasil n\u00e3o ficou&hellip;<\/p>","protected":false},"author":1,"featured_media":90588,"comment_status":"closed","ping_status":"open","sticky":false,"template":"","format":"standard","meta":{"content-type":"","footnotes":""},"categories":[16],"tags":[123,2448,5313,1267],"class_list":["post-90587","post","type-post","status-publish","format-standard","has-post-thumbnail","hentry","category-noticias","tag-brasil","tag-diario","tag-noticia","tag-noticias"],"_links":{"self":[{"href":"https:\/\/tvbrazilusa.com\/pt\/wp-json\/wp\/v2\/posts\/90587","targetHints":{"allow":["GET"]}}],"collection":[{"href":"https:\/\/tvbrazilusa.com\/pt\/wp-json\/wp\/v2\/posts"}],"about":[{"href":"https:\/\/tvbrazilusa.com\/pt\/wp-json\/wp\/v2\/types\/post"}],"author":[{"embeddable":true,"href":"https:\/\/tvbrazilusa.com\/pt\/wp-json\/wp\/v2\/users\/1"}],"replies":[{"embeddable":true,"href":"https:\/\/tvbrazilusa.com\/pt\/wp-json\/wp\/v2\/comments?post=90587"}],"version-history":[{"count":1,"href":"https:\/\/tvbrazilusa.com\/pt\/wp-json\/wp\/v2\/posts\/90587\/revisions"}],"predecessor-version":[{"id":90589,"href":"https:\/\/tvbrazilusa.com\/pt\/wp-json\/wp\/v2\/posts\/90587\/revisions\/90589"}],"wp:featuredmedia":[{"embeddable":true,"href":"https:\/\/tvbrazilusa.com\/pt\/wp-json\/wp\/v2\/media\/90588"}],"wp:attachment":[{"href":"https:\/\/tvbrazilusa.com\/pt\/wp-json\/wp\/v2\/media?parent=90587"}],"wp:term":[{"taxonomy":"category","embeddable":true,"href":"https:\/\/tvbrazilusa.com\/pt\/wp-json\/wp\/v2\/categories?post=90587"},{"taxonomy":"post_tag","embeddable":true,"href":"https:\/\/tvbrazilusa.com\/pt\/wp-json\/wp\/v2\/tags?post=90587"}],"curies":[{"name":"wp","href":"https:\/\/api.w.org\/{rel}","templated":true}]}}