{"id":90629,"date":"2025-01-11T19:09:51","date_gmt":"2025-01-11T19:09:51","guid":{"rendered":"https:\/\/tvbrazilusa.com\/2025\/01\/11\/bolsonaro-em-postagem-nas-suas-redes-sociais-diz-de-mambucaba-para-washington\/"},"modified":"2025-01-11T19:09:52","modified_gmt":"2025-01-11T19:09:52","slug":"bolsonaro-em-postagem-nas-suas-redes-sociais-diz-de-mambucaba-para-washington","status":"publish","type":"post","link":"https:\/\/tvbrazilusa.com\/pt\/2025\/01\/11\/bolsonaro-em-postagem-nas-suas-redes-sociais-diz-de-mambucaba-para-washington\/","title":{"rendered":"Bolsonaro, em postagem nas suas redes sociais, diz: &#8216;De Mambucaba para Washington&#8217;"},"content":{"rendered":"<p> <script async src=\"https:\/\/pagead2.googlesyndication.com\/pagead\/js\/adsbygoogle.js?client=ca-pub-8864793242727901\"\r\n     crossorigin=\"anonymous\"><\/script><br \/>\n<\/p>\n<div id=\"taboola-read-more\" style=\"display:block; width:100%\">\n<p>O ex-presidente Jair Bolsonaro (PL) usou seus perfis nas redes sociais para compartilhar algumas imagens de sua estada em Mambucaba, em Angra dos Reis (RJ). No s\u00e1bado (10.jan.2025), postou um v\u00eddeo de um encontro com apoiadores. Neste s\u00e1bado (11.jan), publicou outro v\u00eddeo em que diz o seguinte: \u201cDe Mambucaba para Washington\u201d.\n<\/p>\n<p>Ao falar de Washington, Bolsonaro faz refer\u00eancia \u00e0 posse do presidente eleito dos EUA, Donald Trump (republicano), marcada para 20 de janeiro na capital norte-americana. Ele afirmou ao Supremo Tribunal Federal que foi convidado para a cerim\u00f4nia e solicitou a devolu\u00e7\u00e3o do passaporte para que possa sair do pa\u00eds.<\/p>\n<p>Em resposta, o ministro Alexandre de Moraes, do STF, determinou que a defesa do ex-presidente apresente um documento oficial que comprove que ele foi de fato convidado por Trump para a posse. Leia a \u00edntegra da decis\u00e3o.\n<\/p>\n<p>Segundo Moraes, ao requerer a libera\u00e7\u00e3o do passaporte, a defesa de Bolsonaro n\u00e3o apresentou elementos que comprovem a raz\u00e3o da viagem ao exterior. \u201cAntes da an\u00e1lise [do m\u00e9rito da solicita\u00e7\u00e3o], h\u00e1 necessidade de complementa\u00e7\u00e3o probat\u00f3ria, pois o pedido n\u00e3o veio devidamente instru\u00eddo com os documentos necess\u00e1rios\u201d, diz o ministro.\n<\/p>\n<p>Fonte: Poder360              <\/p>\n<\/div>\n<p><br \/>\n<br \/><a href=\"https:\/\/diariodobrasilnoticias.com.br\/noticia\/bolsonaro-em-postagem-nas-suas-redes-sociais-diz-de-mambucaba-para-washington-678298987fb17\">Source link <\/a><\/p>","protected":false},"excerpt":{"rendered":"<p>O ex-presidente Jair Bolsonaro (PL) usou seus perfis nas redes sociais para compartilhar algumas imagens de sua estada em Mambucaba, em Angra dos Reis (RJ). No s\u00e1bado (10.jan.2025), postou um&hellip;<\/p>","protected":false},"author":1,"featured_media":90630,"comment_status":"closed","ping_status":"open","sticky":false,"template":"","format":"standard","meta":{"content-type":"","footnotes":""},"categories":[16],"tags":[123,2448,5313,1267],"class_list":["post-90629","post","type-post","status-publish","format-standard","has-post-thumbnail","hentry","category-noticias","tag-brasil","tag-diario","tag-noticia","tag-noticias"],"_links":{"self":[{"href":"https:\/\/tvbrazilusa.com\/pt\/wp-json\/wp\/v2\/posts\/90629","targetHints":{"allow":["GET"]}}],"collection":[{"href":"https:\/\/tvbrazilusa.com\/pt\/wp-json\/wp\/v2\/posts"}],"about":[{"href":"https:\/\/tvbrazilusa.com\/pt\/wp-json\/wp\/v2\/types\/post"}],"author":[{"embeddable":true,"href":"https:\/\/tvbrazilusa.com\/pt\/wp-json\/wp\/v2\/users\/1"}],"replies":[{"embeddable":true,"href":"https:\/\/tvbrazilusa.com\/pt\/wp-json\/wp\/v2\/comments?post=90629"}],"version-history":[{"count":1,"href":"https:\/\/tvbrazilusa.com\/pt\/wp-json\/wp\/v2\/posts\/90629\/revisions"}],"predecessor-version":[{"id":90631,"href":"https:\/\/tvbrazilusa.com\/pt\/wp-json\/wp\/v2\/posts\/90629\/revisions\/90631"}],"wp:featuredmedia":[{"embeddable":true,"href":"https:\/\/tvbrazilusa.com\/pt\/wp-json\/wp\/v2\/media\/90630"}],"wp:attachment":[{"href":"https:\/\/tvbrazilusa.com\/pt\/wp-json\/wp\/v2\/media?parent=90629"}],"wp:term":[{"taxonomy":"category","embeddable":true,"href":"https:\/\/tvbrazilusa.com\/pt\/wp-json\/wp\/v2\/categories?post=90629"},{"taxonomy":"post_tag","embeddable":true,"href":"https:\/\/tvbrazilusa.com\/pt\/wp-json\/wp\/v2\/tags?post=90629"}],"curies":[{"name":"wp","href":"https:\/\/api.w.org\/{rel}","templated":true}]}}