{"id":90638,"date":"2025-01-11T19:27:11","date_gmt":"2025-01-11T19:27:11","guid":{"rendered":"https:\/\/tvbrazilusa.com\/2025\/01\/11\/brasil-teve-1-onibus-queimado-a-cada-5-dias-em-2024\/"},"modified":"2025-01-11T19:27:12","modified_gmt":"2025-01-11T19:27:12","slug":"brasil-teve-1-onibus-queimado-a-cada-5-dias-em-2024","status":"publish","type":"post","link":"https:\/\/tvbrazilusa.com\/pt\/2025\/01\/11\/brasil-teve-1-onibus-queimado-a-cada-5-dias-em-2024\/","title":{"rendered":"Brasil teve 1 \u00f4nibus queimado a cada 5 dias em 2024"},"content":{"rendered":"<p> <script async src=\"https:\/\/pagead2.googlesyndication.com\/pagead\/js\/adsbygoogle.js?client=ca-pub-8864793242727901\"\r\n     crossorigin=\"anonymous\"><\/script><br \/>\n<\/p>\n<div id=\"taboola-read-more\" style=\"display:block; width:100%\">\n<p>O Brasil teve 69 \u00f4nibus queimados em 2024. Houve uma queda em rela\u00e7\u00e3o ao ano anterior, quando 105 ve\u00edculos foram destru\u00eddos \u2013queda de 34,4%. As ocorr\u00eancias voltaram a um patamar similar aos de 2021 e 2022. As informa\u00e7\u00f5es s\u00e3o de um levantamento da NTU (Associa\u00e7\u00e3o Nacional das Empresas de Transportes Urbanos).<\/p>\n<p><em>\u201cMesmo considerando que houve uma redu\u00e7\u00e3o, \u00e9 importante destacar que ainda foram muitos casos<\/em>\u00a0[\u2026]<em>\u00a0causando um enorme preju\u00edzo financeiro para as empresas\u201d<\/em>, diz um texto da associa\u00e7\u00e3o.\n<\/p>\n<p>O levantamento considera \u00f4nibus coletivos de transporte p\u00fablico municipal e metropolitano \u2013aqueles utilizados no cotidiano pela popula\u00e7\u00e3o.\n<\/p>\n<p>Apesar do nome, costumam ser operados por empresas privadas, com a concess\u00e3o do servi\u00e7o. Ve\u00edculos usados para turismo e para viagens interestaduais n\u00e3o entram na conta.\n<\/p>\n<p>O pico de registros de \u00f4nibus queimados se deu em 2014, quando manifestantes depredaram os transportes p\u00fablicos em protestos ao governo de\u00a0Dilma Rousseff\u00a0(PT). Totalizaram 657 casos.\n<\/p>\n<p>As ocorr\u00eancias de 2020 e 2021 naturalmente s\u00e3o mais baixas. A circula\u00e7\u00e3o dos ve\u00edculos foi limitada por causa do isolamento social provocado pela pandemia de covid. Desde o in\u00edcio da s\u00e9rie hist\u00f3rica, em 2004, o Brasil teve 2.875 \u00f4nibus incendiados.\n<\/p>\n<p>A destrui\u00e7\u00e3o dos \u00f4nibus com inc\u00eandios \u00e9 uma quest\u00e3o relacionada \u00e0 seguran\u00e7a p\u00fablica do pa\u00eds. Muitos dos casos s\u00e3o ligados a atos do crime organizado.\n<\/p>\n<\/p>\n<p><strong>PREJU\u00cdZO<\/strong>\n<\/p>\n<p>O estudo tamb\u00e9m traz dados sobre os impactos financeiros e log\u00edsticos dos \u00f4nibus queimados:\n<\/p>\n<ul>\n<li><strong>passageiros n\u00e3o transportados<\/strong>\u00a0\u2013 19.700;<\/li>\n<li><strong>custo para reposi\u00e7\u00e3o dos ve\u00edculos<\/strong>\u00a0\u2013 R$ 39,2 milh\u00f5es;<\/li>\n<li><strong>custo dos passageiros n\u00e3o transportados\u00a0<\/strong>\u2013 R$ 94.200;<\/li>\n<li><strong>custo total\u00a0<\/strong>\u2013 R$ 41,7 milh\u00f5es.<\/li>\n<\/ul>\n<p><strong>Poder 360<\/strong>              <\/p>\n<\/div>\n<p><br \/>\n<br \/><a href=\"https:\/\/diariodobrasilnoticias.com.br\/noticia\/brasil-teve-1-onibus-queimado-a-cada-5-dias-em-2024-6782bc01a84ca\">Source link <\/a><\/p>","protected":false},"excerpt":{"rendered":"<p>O Brasil teve 69 \u00f4nibus queimados em 2024. Houve uma queda em rela\u00e7\u00e3o ao ano anterior, quando 105 ve\u00edculos foram destru\u00eddos \u2013queda de 34,4%. As ocorr\u00eancias voltaram a um patamar&hellip;<\/p>","protected":false},"author":1,"featured_media":50382,"comment_status":"closed","ping_status":"open","sticky":false,"template":"","format":"standard","meta":{"content-type":"","footnotes":""},"categories":[16],"tags":[123,2448,5313,1267],"class_list":["post-90638","post","type-post","status-publish","format-standard","has-post-thumbnail","hentry","category-noticias","tag-brasil","tag-diario","tag-noticia","tag-noticias"],"_links":{"self":[{"href":"https:\/\/tvbrazilusa.com\/pt\/wp-json\/wp\/v2\/posts\/90638","targetHints":{"allow":["GET"]}}],"collection":[{"href":"https:\/\/tvbrazilusa.com\/pt\/wp-json\/wp\/v2\/posts"}],"about":[{"href":"https:\/\/tvbrazilusa.com\/pt\/wp-json\/wp\/v2\/types\/post"}],"author":[{"embeddable":true,"href":"https:\/\/tvbrazilusa.com\/pt\/wp-json\/wp\/v2\/users\/1"}],"replies":[{"embeddable":true,"href":"https:\/\/tvbrazilusa.com\/pt\/wp-json\/wp\/v2\/comments?post=90638"}],"version-history":[{"count":1,"href":"https:\/\/tvbrazilusa.com\/pt\/wp-json\/wp\/v2\/posts\/90638\/revisions"}],"predecessor-version":[{"id":90639,"href":"https:\/\/tvbrazilusa.com\/pt\/wp-json\/wp\/v2\/posts\/90638\/revisions\/90639"}],"wp:featuredmedia":[{"embeddable":true,"href":"https:\/\/tvbrazilusa.com\/pt\/wp-json\/wp\/v2\/media\/50382"}],"wp:attachment":[{"href":"https:\/\/tvbrazilusa.com\/pt\/wp-json\/wp\/v2\/media?parent=90638"}],"wp:term":[{"taxonomy":"category","embeddable":true,"href":"https:\/\/tvbrazilusa.com\/pt\/wp-json\/wp\/v2\/categories?post=90638"},{"taxonomy":"post_tag","embeddable":true,"href":"https:\/\/tvbrazilusa.com\/pt\/wp-json\/wp\/v2\/tags?post=90638"}],"curies":[{"name":"wp","href":"https:\/\/api.w.org\/{rel}","templated":true}]}}